{"id":2326,"date":"2021-11-18T10:16:06","date_gmt":"2021-11-18T14:16:06","guid":{"rendered":"https:\/\/vortice.rocks\/clientes\/tierraviva\/?p=2326"},"modified":"2021-11-18T10:17:27","modified_gmt":"2021-11-18T14:17:27","slug":"defensores-y-defensoras-de-derechos-humanos-se-solidarizan-con-la-comunidad-indigena-hugua-poi","status":"publish","type":"post","link":"https:\/\/vortice.rocks\/clientes\/tierraviva\/defensores-y-defensoras-de-derechos-humanos-se-solidarizan-con-la-comunidad-indigena-hugua-poi\/","title":{"rendered":"Defensores y Defensoras de Derechos Humanos se solidarizan con la Comunidad Ind\u00edgena Hugua Po&#8217;i"},"content":{"rendered":"<p>En el marco del V Seminario Internacional de Defensores y Defensoras de Derechos Humanos organizado por la Coordinadora de Derechos Humanos del Paraguay (CODEHUPY) se emiti\u00f3 la declaraci\u00f3n de solidaridad con la comunidad ind\u00edgena Hugua Po&#8217;i, del Pueblo Mbya Guaran\u00ed, ubicada en Ra\u00fal Arsenio Oviedo, Caaguaz\u00fa, que fu\u00e9 desalojada en la ma\u00f1ana de este jueves 18 de noviembre. A continuaci\u00f3n compartimos la declaraci\u00f3n<\/p>\n<p>Hoy, a tempranas horas, 70 familias ind\u00edgenas han pasado a confirmar lo que ha sido un a\u00f1o plagado de violaciones hacia comunidades ind\u00edgenas en Paraguay en lo que respecta al derecho particular que les asiste de no ser removidos de su h\u00e1bitat sin su consentimiento. Hugua Po\u00b4i, asentada en parte del territorio ancestral del Pueblo al que pertenecen, hace a\u00f1os viene reclamando la restituci\u00f3n de 1000 hect\u00e1reas. Y hoy, 18 de noviembre de 2021, fue desalojada sin ning\u00fan ente p\u00fablico que abogue, en ejercicio de sus funciones, lo que corresponde en derecho. Hoy han sido privados de sus tierras, destruidas sus viviendas, cultivos, lugares sagrados, en un operativo vergonzosamente aparatoso ante humildes familias, hombres y mujeres con beb\u00e9s en sus brazos, que bajo la lluvia han debido salir con las escasas pertenencias que pudieron salvar.<\/p>\n<p>La disposici\u00f3n constitucional es clara: A LOS IND\u00cdGENAS NO SE LOS DESALOJA. Lo que hoy ocurri\u00f3 es una violaci\u00f3n expresa de la Constituci\u00f3n de la Rep\u00fablica del Paraguay, adem\u00e1s de a leyes reglamentarias y a varias disposiciones internacionales de derechos humanos. En el 2010 la Corte Interamericana de Derechos Humanos en ocasi\u00f3n de condenar al Paraguay por la violaci\u00f3n de derechos territoriales ind\u00edgenas, se\u00f1al\u00f3 claramente, que el hecho de que las tierras est\u00e9n en manos de particulares no es argumento suficiente para denegar el derecho de restituci\u00f3n territorial, por lo que el Estado, antes de desalojar, debe valorar los derechos de todas las partes interesadas y resolver en consulta y consenso la resoluci\u00f3n al conflicto suscitado. Por otra parte, en esa misma sentencia condenatoria, encontr\u00f3 responsable al Paraguay de discriminar a los ind\u00edgenas, puesto que siempre que entran en conflicto los derechos ind\u00edgenas con los derechos de particulares, se prioriza, sin discusi\u00f3n suficiente ni garant\u00edas de protecci\u00f3n, a los derechos particulares. En este acto, con el desalojo, el Estado est\u00e1 reiterando conductas bajo criterios por los cuales fue condenado.<\/p>\n<p>Este V Seminario Internacional, que hoy se congrega a compartir experiencias de luchas y resistencias, se suma a la denuncia y al reclamo de indignaci\u00f3n hacia un Estado que ya sin disimulo, se propuso omitir cualquier tipo de cumplimiento que asiste a los derechos territoriales de las comunidades m\u00e1s empobrecidas.<\/p>\n<p>Y tambi\u00e9n se solidariza con la comunidad ind\u00edgena Hugua Po\u00b4i, con las 70 familias que hoy est\u00e1n en la calle, sin un lugar donde ir. Y en su nombre se solidariza con todas las comunidades ind\u00edgenas que en este 2021 fueron desalojadas.<\/p>\n<p>La solidaridad se vuelve activa, al comprometerse a sumar su aporte para que la injusticia hoy cometida contra esta comunidad no quede en la impunidad y que este Estado, que se dice ser de todos y todas, asuma los compromisos que tiene para todas las personas que lo habitan.<\/p>\n<p>\u00a1Justicia y tierra para la comunidad ind\u00edgena Hugua Po\u00b4i! \u00a1Justicia y tierra para todas las comunidades desalojadas!<\/p>\n<p>&nbsp;<\/p>\n<p>&nbsp;<\/p>\n","protected":false},"excerpt":{"rendered":"<p>En el marco del V Seminario Internacional de Defensores y Defensoras de Derechos Humanos organizado por la Coordinadora de Derechos Humanos del Paraguay (CODEHUPY) se emiti\u00f3 la declaraci\u00f3n de solidaridad con la comunidad ind\u00edgena Hugua Po&#8217;i, del Pueblo Mbya Guaran\u00ed, ubicada en Ra\u00fal Arsenio Oviedo, Caaguaz\u00fa, que fu\u00e9 desalojada en la ma\u00f1ana de este jueves<a class=\"more-link\" href=\"https:\/\/vortice.rocks\/clientes\/tierraviva\/defensores-y-defensoras-de-derechos-humanos-se-solidarizan-con-la-comunidad-indigena-hugua-poi\/\">Seguir leyendo <span class=\"screen-reader-text\">&#8220;Defensores y Defensoras de Derechos Humanos se solidarizan con la Comunidad Ind\u00edgena Hugua Po&#8217;i&#8221;<\/span><\/a><\/p>\n","protected":false},"author":5,"featured_media":2328,"comment_status":"open","ping_status":"open","sticky":false,"template":"","format":"standard","meta":{"_exactmetrics_skip_tracking":false,"_exactmetrics_sitenote_active":false,"_exactmetrics_sitenote_note":"","_exactmetrics_sitenote_category":0,"footnotes":""},"categories":[3],"tags":[],"yoast_head":"<!-- This site is optimized with the Yoast SEO plugin v21.7 - https:\/\/yoast.com\/wordpress\/plugins\/seo\/ -->\n<title>Defensores y Defensoras de Derechos Humanos se solidarizan con la Comunidad Ind\u00edgena Hugua Po&#039;i - Tierraviva<\/title>\n<meta name=\"robots\" content=\"index, follow, max-snippet:-1, max-image-preview:large, max-video-preview:-1\" \/>\n<link rel=\"canonical\" href=\"https:\/\/vortice.rocks\/clientes\/tierraviva\/defensores-y-defensoras-de-derechos-humanos-se-solidarizan-con-la-comunidad-indigena-hugua-poi\/\" \/>\n<meta property=\"og:locale\" content=\"es_ES\" \/>\n<meta property=\"og:type\" content=\"article\" \/>\n<meta property=\"og:title\" content=\"Defensores y Defensoras de Derechos Humanos se solidarizan con la Comunidad Ind\u00edgena Hugua Po&#039;i - Tierraviva\" \/>\n<meta property=\"og:description\" content=\"En el marco del V Seminario Internacional de Defensores y Defensoras de Derechos Humanos organizado por la Coordinadora de Derechos Humanos del Paraguay (CODEHUPY) se emiti\u00f3 la declaraci\u00f3n de solidaridad con la comunidad ind\u00edgena Hugua Po&#8217;i, del Pueblo Mbya Guaran\u00ed, ubicada en Ra\u00fal Arsenio Oviedo, Caaguaz\u00fa, que fu\u00e9 desalojada en la ma\u00f1ana de este juevesSeguir leyendo &quot;Defensores y Defensoras de Derechos Humanos se solidarizan con la Comunidad Ind\u00edgena Hugua Po&#8217;i&quot;\" \/>\n<meta property=\"og:url\" content=\"https:\/\/vortice.rocks\/clientes\/tierraviva\/defensores-y-defensoras-de-derechos-humanos-se-solidarizan-con-la-comunidad-indigena-hugua-poi\/\" \/>\n<meta property=\"og:site_name\" content=\"Tierraviva\" \/>\n<meta property=\"article:publisher\" content=\"https:\/\/www.facebook.com\/Tierraviva-a-los-pueblos-indigenas-del-Chaco-217328148281564\/\" \/>\n<meta property=\"article:published_time\" content=\"2021-11-18T14:16:06+00:00\" \/>\n<meta property=\"article:modified_time\" content=\"2021-11-18T14:17:27+00:00\" \/>\n<meta property=\"og:image\" content=\"https:\/\/vortice.rocks\/clientes\/tierraviva\/wp-content\/uploads\/2021\/11\/FB_IMG_1637244932136.jpg\" \/>\n\t<meta property=\"og:image:width\" content=\"960\" \/>\n\t<meta property=\"og:image:height\" content=\"540\" \/>\n\t<meta property=\"og:image:type\" content=\"image\/jpeg\" \/>\n<meta name=\"author\" content=\"Santi Ortiz\" \/>\n<meta name=\"twitter:label1\" content=\"Escrito por\" \/>\n\t<meta name=\"twitter:data1\" content=\"Santi Ortiz\" \/>\n\t<meta name=\"twitter:label2\" content=\"Tiempo de lectura\" \/>\n\t<meta name=\"twitter:data2\" content=\"3 minutos\" \/>\n<script type=\"application\/ld+json\" class=\"yoast-schema-graph\">{\"@context\":\"https:\/\/schema.org\",\"@graph\":[{\"@type\":\"WebPage\",\"@id\":\"https:\/\/vortice.rocks\/clientes\/tierraviva\/defensores-y-defensoras-de-derechos-humanos-se-solidarizan-con-la-comunidad-indigena-hugua-poi\/\",\"url\":\"https:\/\/vortice.rocks\/clientes\/tierraviva\/defensores-y-defensoras-de-derechos-humanos-se-solidarizan-con-la-comunidad-indigena-hugua-poi\/\",\"name\":\"Defensores y Defensoras de Derechos Humanos se solidarizan con la Comunidad Ind\u00edgena Hugua Po'i - Tierraviva\",\"isPartOf\":{\"@id\":\"https:\/\/vortice.rocks\/clientes\/tierraviva\/#website\"},\"datePublished\":\"2021-11-18T14:16:06+00:00\",\"dateModified\":\"2021-11-18T14:17:27+00:00\",\"author\":{\"@id\":\"https:\/\/vortice.rocks\/clientes\/tierraviva\/#\/schema\/person\/0652c5aad419c86cff8f8129d355edd0\"},\"breadcrumb\":{\"@id\":\"https:\/\/vortice.rocks\/clientes\/tierraviva\/defensores-y-defensoras-de-derechos-humanos-se-solidarizan-con-la-comunidad-indigena-hugua-poi\/#breadcrumb\"},\"inLanguage\":\"es\",\"potentialAction\":[{\"@type\":\"ReadAction\",\"target\":[\"https:\/\/vortice.rocks\/clientes\/tierraviva\/defensores-y-defensoras-de-derechos-humanos-se-solidarizan-con-la-comunidad-indigena-hugua-poi\/\"]}]},{\"@type\":\"BreadcrumbList\",\"@id\":\"https:\/\/vortice.rocks\/clientes\/tierraviva\/defensores-y-defensoras-de-derechos-humanos-se-solidarizan-con-la-comunidad-indigena-hugua-poi\/#breadcrumb\",\"itemListElement\":[{\"@type\":\"ListItem\",\"position\":1,\"name\":\"Portada\",\"item\":\"https:\/\/vortice.rocks\/clientes\/tierraviva\/\"},{\"@type\":\"ListItem\",\"position\":2,\"name\":\"Defensores y Defensoras de Derechos Humanos se solidarizan con la Comunidad Ind\u00edgena Hugua Po&#8217;i\"}]},{\"@type\":\"WebSite\",\"@id\":\"https:\/\/vortice.rocks\/clientes\/tierraviva\/#website\",\"url\":\"https:\/\/vortice.rocks\/clientes\/tierraviva\/\",\"name\":\"Tierraviva\",\"description\":\"\",\"potentialAction\":[{\"@type\":\"SearchAction\",\"target\":{\"@type\":\"EntryPoint\",\"urlTemplate\":\"https:\/\/vortice.rocks\/clientes\/tierraviva\/?s={search_term_string}\"},\"query-input\":\"required name=search_term_string\"}],\"inLanguage\":\"es\"},{\"@type\":\"Person\",\"@id\":\"https:\/\/vortice.rocks\/clientes\/tierraviva\/#\/schema\/person\/0652c5aad419c86cff8f8129d355edd0\",\"name\":\"Santi Ortiz\",\"image\":{\"@type\":\"ImageObject\",\"inLanguage\":\"es\",\"@id\":\"https:\/\/vortice.rocks\/clientes\/tierraviva\/#\/schema\/person\/image\/\",\"url\":\"https:\/\/secure.gravatar.com\/avatar\/78bab899e21d2840245c1646bfc64d01?s=96&d=mm&r=g\",\"contentUrl\":\"https:\/\/secure.gravatar.com\/avatar\/78bab899e21d2840245c1646bfc64d01?s=96&d=mm&r=g\",\"caption\":\"Santi Ortiz\"},\"sameAs\":[\"https:\/\/vortice.rocks\/clientes\/tierraviva\"],\"url\":\"https:\/\/vortice.rocks\/clientes\/tierraviva\/author\/santi-ortiz\/\"}]}<\/script>\n<!-- \/ Yoast SEO plugin. -->","yoast_head_json":{"title":"Defensores y Defensoras de Derechos Humanos se solidarizan con la Comunidad Ind\u00edgena Hugua Po'i - Tierraviva","robots":{"index":"index","follow":"follow","max-snippet":"max-snippet:-1","max-image-preview":"max-image-preview:large","max-video-preview":"max-video-preview:-1"},"canonical":"https:\/\/vortice.rocks\/clientes\/tierraviva\/defensores-y-defensoras-de-derechos-humanos-se-solidarizan-con-la-comunidad-indigena-hugua-poi\/","og_locale":"es_ES","og_type":"article","og_title":"Defensores y Defensoras de Derechos Humanos se solidarizan con la Comunidad Ind\u00edgena Hugua Po'i - Tierraviva","og_description":"En el marco del V Seminario Internacional de Defensores y Defensoras de Derechos Humanos organizado por la Coordinadora de Derechos Humanos del Paraguay (CODEHUPY) se emiti\u00f3 la declaraci\u00f3n de solidaridad con la comunidad ind\u00edgena Hugua Po&#8217;i, del Pueblo Mbya Guaran\u00ed, ubicada en Ra\u00fal Arsenio Oviedo, Caaguaz\u00fa, que fu\u00e9 desalojada en la ma\u00f1ana de este juevesSeguir leyendo \"Defensores y Defensoras de Derechos Humanos se solidarizan con la Comunidad Ind\u00edgena Hugua Po&#8217;i\"","og_url":"https:\/\/vortice.rocks\/clientes\/tierraviva\/defensores-y-defensoras-de-derechos-humanos-se-solidarizan-con-la-comunidad-indigena-hugua-poi\/","og_site_name":"Tierraviva","article_publisher":"https:\/\/www.facebook.com\/Tierraviva-a-los-pueblos-indigenas-del-Chaco-217328148281564\/","article_published_time":"2021-11-18T14:16:06+00:00","article_modified_time":"2021-11-18T14:17:27+00:00","og_image":[{"width":960,"height":540,"url":"https:\/\/vortice.rocks\/clientes\/tierraviva\/wp-content\/uploads\/2021\/11\/FB_IMG_1637244932136.jpg","type":"image\/jpeg"}],"author":"Santi Ortiz","twitter_misc":{"Escrito por":"Santi Ortiz","Tiempo de lectura":"3 minutos"},"schema":{"@context":"https:\/\/schema.org","@graph":[{"@type":"WebPage","@id":"https:\/\/vortice.rocks\/clientes\/tierraviva\/defensores-y-defensoras-de-derechos-humanos-se-solidarizan-con-la-comunidad-indigena-hugua-poi\/","url":"https:\/\/vortice.rocks\/clientes\/tierraviva\/defensores-y-defensoras-de-derechos-humanos-se-solidarizan-con-la-comunidad-indigena-hugua-poi\/","name":"Defensores y Defensoras de Derechos Humanos se solidarizan con la Comunidad Ind\u00edgena Hugua Po'i - Tierraviva","isPartOf":{"@id":"https:\/\/vortice.rocks\/clientes\/tierraviva\/#website"},"datePublished":"2021-11-18T14:16:06+00:00","dateModified":"2021-11-18T14:17:27+00:00","author":{"@id":"https:\/\/vortice.rocks\/clientes\/tierraviva\/#\/schema\/person\/0652c5aad419c86cff8f8129d355edd0"},"breadcrumb":{"@id":"https:\/\/vortice.rocks\/clientes\/tierraviva\/defensores-y-defensoras-de-derechos-humanos-se-solidarizan-con-la-comunidad-indigena-hugua-poi\/#breadcrumb"},"inLanguage":"es","potentialAction":[{"@type":"ReadAction","target":["https:\/\/vortice.rocks\/clientes\/tierraviva\/defensores-y-defensoras-de-derechos-humanos-se-solidarizan-con-la-comunidad-indigena-hugua-poi\/"]}]},{"@type":"BreadcrumbList","@id":"https:\/\/vortice.rocks\/clientes\/tierraviva\/defensores-y-defensoras-de-derechos-humanos-se-solidarizan-con-la-comunidad-indigena-hugua-poi\/#breadcrumb","itemListElement":[{"@type":"ListItem","position":1,"name":"Portada","item":"https:\/\/vortice.rocks\/clientes\/tierraviva\/"},{"@type":"ListItem","position":2,"name":"Defensores y Defensoras de Derechos Humanos se solidarizan con la Comunidad Ind\u00edgena Hugua Po&#8217;i"}]},{"@type":"WebSite","@id":"https:\/\/vortice.rocks\/clientes\/tierraviva\/#website","url":"https:\/\/vortice.rocks\/clientes\/tierraviva\/","name":"Tierraviva","description":"","potentialAction":[{"@type":"SearchAction","target":{"@type":"EntryPoint","urlTemplate":"https:\/\/vortice.rocks\/clientes\/tierraviva\/?s={search_term_string}"},"query-input":"required name=search_term_string"}],"inLanguage":"es"},{"@type":"Person","@id":"https:\/\/vortice.rocks\/clientes\/tierraviva\/#\/schema\/person\/0652c5aad419c86cff8f8129d355edd0","name":"Santi Ortiz","image":{"@type":"ImageObject","inLanguage":"es","@id":"https:\/\/vortice.rocks\/clientes\/tierraviva\/#\/schema\/person\/image\/","url":"https:\/\/secure.gravatar.com\/avatar\/78bab899e21d2840245c1646bfc64d01?s=96&d=mm&r=g","contentUrl":"https:\/\/secure.gravatar.com\/avatar\/78bab899e21d2840245c1646bfc64d01?s=96&d=mm&r=g","caption":"Santi Ortiz"},"sameAs":["https:\/\/vortice.rocks\/clientes\/tierraviva"],"url":"https:\/\/vortice.rocks\/clientes\/tierraviva\/author\/santi-ortiz\/"}]}},"_links":{"self":[{"href":"https:\/\/vortice.rocks\/clientes\/tierraviva\/wp-json\/wp\/v2\/posts\/2326"}],"collection":[{"href":"https:\/\/vortice.rocks\/clientes\/tierraviva\/wp-json\/wp\/v2\/posts"}],"about":[{"href":"https:\/\/vortice.rocks\/clientes\/tierraviva\/wp-json\/wp\/v2\/types\/post"}],"author":[{"embeddable":true,"href":"https:\/\/vortice.rocks\/clientes\/tierraviva\/wp-json\/wp\/v2\/users\/5"}],"replies":[{"embeddable":true,"href":"https:\/\/vortice.rocks\/clientes\/tierraviva\/wp-json\/wp\/v2\/comments?post=2326"}],"version-history":[{"count":2,"href":"https:\/\/vortice.rocks\/clientes\/tierraviva\/wp-json\/wp\/v2\/posts\/2326\/revisions"}],"predecessor-version":[{"id":2330,"href":"https:\/\/vortice.rocks\/clientes\/tierraviva\/wp-json\/wp\/v2\/posts\/2326\/revisions\/2330"}],"wp:featuredmedia":[{"embeddable":true,"href":"https:\/\/vortice.rocks\/clientes\/tierraviva\/wp-json\/wp\/v2\/media\/2328"}],"wp:attachment":[{"href":"https:\/\/vortice.rocks\/clientes\/tierraviva\/wp-json\/wp\/v2\/media?parent=2326"}],"wp:term":[{"taxonomy":"category","embeddable":true,"href":"https:\/\/vortice.rocks\/clientes\/tierraviva\/wp-json\/wp\/v2\/categories?post=2326"},{"taxonomy":"post_tag","embeddable":true,"href":"https:\/\/vortice.rocks\/clientes\/tierraviva\/wp-json\/wp\/v2\/tags?post=2326"}],"curies":[{"name":"wp","href":"https:\/\/api.w.org\/{rel}","templated":true}]}}