{"id":2336,"date":"2021-12-04T05:15:34","date_gmt":"2021-12-04T09:15:34","guid":{"rendered":"https:\/\/vortice.rocks\/clientes\/tierraviva\/?p=2336"},"modified":"2021-12-04T05:15:34","modified_gmt":"2021-12-04T09:15:34","slug":"ola-de-violencia-contra-comunidades-apunta-a-convertirse-en-un-exterminio-de-la-poblacion-indigena","status":"publish","type":"post","link":"https:\/\/vortice.rocks\/clientes\/tierraviva\/ola-de-violencia-contra-comunidades-apunta-a-convertirse-en-un-exterminio-de-la-poblacion-indigena\/","title":{"rendered":"&#8220;Ola de violencia contra comunidades apunta a convertirse en un exterminio de la poblaci\u00f3n Ind\u00edgena&#8221;"},"content":{"rendered":"<p>Los derechos territoriales de los Pueblos Ind\u00edgenas est\u00e1n reconocidos en la legislaci\u00f3n nacional e internacional y se\u00f1alan claramente que estos pueblos no deben ser desalojados<\/p>\n<p>Rodrigo Villagra y Marilin Renhfeld, analizan el marco normativo que protege a los territorios ind\u00edgenas y coinciden en se\u00f1alar que la ola de violencia contra las comunidades apunta a convertirse en un exterminio de la poblaci\u00f3n Ind\u00edgena.<\/p>\n<p>&#8220;En primer t\u00e9rmino el Cap\u00edtulo V de la Constituci\u00f3n de la Rep\u00fablica del Paraguay reconoce la pre existencia de los Pueblos Ind\u00edgenas como grupos de cultura anteriores a la formaci\u00f3n del Estado paraguayo. Ya ese reconocimiento implica que la ocupaci\u00f3n de sus territorios ancestrales les otorga derechos sobre ellos&#8221; indica Rodrigo Villagra, antrop\u00f3logo, abogado y docente, Presidente del Directorio Tierraviva. Villagra trae a colaci\u00f3n las sentencias de la Corte Interamericana de Derechos Humanos (Corte IDH) contra el Estado paraguayo por haber privado de sus territorios a tres Comunidades Ind\u00edgenas, mencionando que en estos fallos la Corte deja en claro que los territorios ancestrales son aquellos d\u00f3nde la poblaci\u00f3n Ind\u00edgena desarrolla su vida y su cultura, y que se corresponden con aquellos territorios que habitaban previamente a la constituci\u00f3n del Estado paraguayo.<\/p>\n<p>&#8220;Adem\u00e1s el propio Estado reconoci\u00f3 el mapa elaborado por Bejarano sobre los territorios tradicionales, estamos hablando de 25 a 30 millones de hect\u00e1reas&#8221; se\u00f1ala Villagra, mencionando que aunque luego hayan sido colonizados estos territorios por el Estado paraguayo, eso no implica la negaci\u00f3n de su pre existencia por lo que el Estado debe restituir esos territorios, &#8220;all\u00ed la Constituci\u00f3n determina la modalidad en que deben ser restituidos que es mediante la propiedad comunitaria de las tierras para las comunidades&#8221; agrega.<\/p>\n<p>\u201cLas comunidades, un conjunto de familias que se agrupan, son sujetos de derechos y que se encuentren ocupando unas tierras que formaron parte de su h\u00e1bitat hist\u00f3rico implica que deben ser restituidos en su derecho a la tierra en ese mismo lugar o al menos en cantidad y calidad suficiente como para garantizar la continuaci\u00f3n de sus formas tradicionales de vida, qu\u00e9 deber\u00eda ser determinado por el Instituto Paraguayo del Ind\u00edgena con participaci\u00f3n de los propios Ind\u00edgenas, esto lo reconoce tambi\u00e9n el Convenio 169 de la Organizaci\u00f3n Internacional del Trabajo\u201d, menciona. Cabe se\u00f1alar, que este Convenio integra la normativa nacional a trav\u00e9s de la ley 234\/93.<\/p>\n<p>Por su parte Marilin Renhfeld, antrop\u00f3loga, tambi\u00e9n inicia el an\u00e1lisis refiri\u00e9ndose al Cap\u00edtulo V de la Constituci\u00f3n de la Rep\u00fablica, &#8220;all\u00ed dice claramente que se proh\u00edbe el desalojo de los Pueblos Ind\u00edgenas&#8221; menciona haciendo referencia al Art\u00edculo 64 de la Constituci\u00f3n donde se se\u00f1ala que &#8220;se proh\u00edbe la remoci\u00f3n o traslado de su h\u00e1bitat sin el expreso consentimiento de los mismos&#8221;. \u201cEl territorio tradicional es el lugar que siempre fue habitado por los Pueblos Ind\u00edgenas, aquellos que tienen una lengua y una cultura propia, aqu\u00ed existen referencias bibliogr\u00e1ficas desde la \u00e9poca de la colonia respecto a los lugares que habitaban los Pueblos Ind\u00edgenas\u201d, menciona Renhfeld, citando varios textos que describen los territorios que ocupaban los Pueblos Ind\u00edgenas.<\/p>\n<p>&#8220;Lastimosamente ahora un fiscal o un juez encuentra alg\u00fan t\u00edtulo por all\u00ed y ordena el desalojo de esos territorios que tienen m\u00e1s de 500 a\u00f1os de ocupaci\u00f3n documentada&#8221; indica. \u201cDesde el convenio 169 de la OIT, hasta el propio Estatuto Agrario, reconocen que la ocupaci\u00f3n de un territorio por tantos a\u00f1os genera derechos, entonces esas comunidades no pueden ser de desalojadas de sus territorios c\u00f3mo est\u00e1 sucediendo ahora&#8221; sentencia.<\/p>\n<p>La Ley 904 \u201cEstatuto de las Comunidades Ind\u00edgenas\u201d estipula que cada familia ind\u00edgena en la Regi\u00f3n Oriental deber\u00eda tener como m\u00ednimo 20 hect\u00e1reas de tierras y en la Regi\u00f3n Occidental 100 hect\u00e1reas, recuerda la antrop\u00f3loga, al tiempo de se\u00f1alar que las Comunidades Ind\u00edgenas no piden m\u00e1s de lo que necesitan para seguir existiendo y lo que est\u00e1 establecido en las leyes.<\/p>\n<p>Marilin se\u00f1ala que argumentos legales para defender las tierras ind\u00edgenas existen en abundancia en el marco normativo, sin embargo, &#8220;act\u00faan otras fuerzas poderosas, el poderoso caballero don Dinero, entonces se desaloja a los ind\u00edgenas de lo poco que tienen para plantar soja y con esto vamos camino a acabar con todos los bosques y con todos los ind\u00edgenas&#8221; concluy\u00f3 Renhfeld.<\/p>\n","protected":false},"excerpt":{"rendered":"<p>Los derechos territoriales de los Pueblos Ind\u00edgenas est\u00e1n reconocidos en la legislaci\u00f3n nacional e internacional y se\u00f1alan claramente que estos pueblos no deben ser desalojados Rodrigo Villagra y Marilin Renhfeld, analizan el marco normativo que protege a los territorios ind\u00edgenas y coinciden en se\u00f1alar que la ola de violencia contra las comunidades apunta a convertirse<a class=\"more-link\" href=\"https:\/\/vortice.rocks\/clientes\/tierraviva\/ola-de-violencia-contra-comunidades-apunta-a-convertirse-en-un-exterminio-de-la-poblacion-indigena\/\">Seguir leyendo <span class=\"screen-reader-text\">&#8220;&#8220;Ola de violencia contra comunidades apunta a convertirse en un exterminio de la poblaci\u00f3n Ind\u00edgena&#8221;&#8221;<\/span><\/a><\/p>\n","protected":false},"author":5,"featured_media":2337,"comment_status":"open","ping_status":"open","sticky":false,"template":"","format":"standard","meta":{"_exactmetrics_skip_tracking":false,"_exactmetrics_sitenote_active":false,"_exactmetrics_sitenote_note":"","_exactmetrics_sitenote_category":0,"footnotes":""},"categories":[3],"tags":[],"yoast_head":"<!-- This site is optimized with the Yoast SEO plugin v21.7 - https:\/\/yoast.com\/wordpress\/plugins\/seo\/ -->\n<title>&quot;Ola de violencia contra comunidades apunta a convertirse en un exterminio de la poblaci\u00f3n Ind\u00edgena&quot; - Tierraviva<\/title>\n<meta name=\"robots\" content=\"index, follow, max-snippet:-1, max-image-preview:large, max-video-preview:-1\" \/>\n<link rel=\"canonical\" href=\"https:\/\/vortice.rocks\/clientes\/tierraviva\/ola-de-violencia-contra-comunidades-apunta-a-convertirse-en-un-exterminio-de-la-poblacion-indigena\/\" \/>\n<meta property=\"og:locale\" content=\"es_ES\" \/>\n<meta property=\"og:type\" content=\"article\" \/>\n<meta property=\"og:title\" content=\"&quot;Ola de violencia contra comunidades apunta a convertirse en un exterminio de la poblaci\u00f3n Ind\u00edgena&quot; - Tierraviva\" \/>\n<meta property=\"og:description\" content=\"Los derechos territoriales de los Pueblos Ind\u00edgenas est\u00e1n reconocidos en la legislaci\u00f3n nacional e internacional y se\u00f1alan claramente que estos pueblos no deben ser desalojados Rodrigo Villagra y Marilin Renhfeld, analizan el marco normativo que protege a los territorios ind\u00edgenas y coinciden en se\u00f1alar que la ola de violencia contra las comunidades apunta a convertirseSeguir leyendo &quot;&#8220;Ola de violencia contra comunidades apunta a convertirse en un exterminio de la poblaci\u00f3n Ind\u00edgena&#8221;&quot;\" \/>\n<meta property=\"og:url\" content=\"https:\/\/vortice.rocks\/clientes\/tierraviva\/ola-de-violencia-contra-comunidades-apunta-a-convertirse-en-un-exterminio-de-la-poblacion-indigena\/\" \/>\n<meta property=\"og:site_name\" content=\"Tierraviva\" \/>\n<meta property=\"article:publisher\" content=\"https:\/\/www.facebook.com\/Tierraviva-a-los-pueblos-indigenas-del-Chaco-217328148281564\/\" \/>\n<meta property=\"article:published_time\" content=\"2021-12-04T09:15:34+00:00\" \/>\n<meta property=\"og:image\" content=\"https:\/\/vortice.rocks\/clientes\/tierraviva\/wp-content\/uploads\/2021\/12\/20211204_061125.jpg\" \/>\n\t<meta property=\"og:image:width\" content=\"1156\" \/>\n\t<meta property=\"og:image:height\" content=\"867\" \/>\n\t<meta property=\"og:image:type\" content=\"image\/jpeg\" \/>\n<meta name=\"author\" content=\"Santi Ortiz\" \/>\n<meta name=\"twitter:label1\" content=\"Escrito por\" \/>\n\t<meta name=\"twitter:data1\" content=\"Santi Ortiz\" \/>\n\t<meta name=\"twitter:label2\" content=\"Tiempo de lectura\" \/>\n\t<meta name=\"twitter:data2\" content=\"4 minutos\" \/>\n<script type=\"application\/ld+json\" class=\"yoast-schema-graph\">{\"@context\":\"https:\/\/schema.org\",\"@graph\":[{\"@type\":\"WebPage\",\"@id\":\"https:\/\/vortice.rocks\/clientes\/tierraviva\/ola-de-violencia-contra-comunidades-apunta-a-convertirse-en-un-exterminio-de-la-poblacion-indigena\/\",\"url\":\"https:\/\/vortice.rocks\/clientes\/tierraviva\/ola-de-violencia-contra-comunidades-apunta-a-convertirse-en-un-exterminio-de-la-poblacion-indigena\/\",\"name\":\"\\\"Ola de violencia contra comunidades apunta a convertirse en un exterminio de la poblaci\u00f3n Ind\u00edgena\\\" - Tierraviva\",\"isPartOf\":{\"@id\":\"https:\/\/vortice.rocks\/clientes\/tierraviva\/#website\"},\"datePublished\":\"2021-12-04T09:15:34+00:00\",\"dateModified\":\"2021-12-04T09:15:34+00:00\",\"author\":{\"@id\":\"https:\/\/vortice.rocks\/clientes\/tierraviva\/#\/schema\/person\/0652c5aad419c86cff8f8129d355edd0\"},\"breadcrumb\":{\"@id\":\"https:\/\/vortice.rocks\/clientes\/tierraviva\/ola-de-violencia-contra-comunidades-apunta-a-convertirse-en-un-exterminio-de-la-poblacion-indigena\/#breadcrumb\"},\"inLanguage\":\"es\",\"potentialAction\":[{\"@type\":\"ReadAction\",\"target\":[\"https:\/\/vortice.rocks\/clientes\/tierraviva\/ola-de-violencia-contra-comunidades-apunta-a-convertirse-en-un-exterminio-de-la-poblacion-indigena\/\"]}]},{\"@type\":\"BreadcrumbList\",\"@id\":\"https:\/\/vortice.rocks\/clientes\/tierraviva\/ola-de-violencia-contra-comunidades-apunta-a-convertirse-en-un-exterminio-de-la-poblacion-indigena\/#breadcrumb\",\"itemListElement\":[{\"@type\":\"ListItem\",\"position\":1,\"name\":\"Portada\",\"item\":\"https:\/\/vortice.rocks\/clientes\/tierraviva\/\"},{\"@type\":\"ListItem\",\"position\":2,\"name\":\"&#8220;Ola de violencia contra comunidades apunta a convertirse en un exterminio de la poblaci\u00f3n Ind\u00edgena&#8221;\"}]},{\"@type\":\"WebSite\",\"@id\":\"https:\/\/vortice.rocks\/clientes\/tierraviva\/#website\",\"url\":\"https:\/\/vortice.rocks\/clientes\/tierraviva\/\",\"name\":\"Tierraviva\",\"description\":\"\",\"potentialAction\":[{\"@type\":\"SearchAction\",\"target\":{\"@type\":\"EntryPoint\",\"urlTemplate\":\"https:\/\/vortice.rocks\/clientes\/tierraviva\/?s={search_term_string}\"},\"query-input\":\"required name=search_term_string\"}],\"inLanguage\":\"es\"},{\"@type\":\"Person\",\"@id\":\"https:\/\/vortice.rocks\/clientes\/tierraviva\/#\/schema\/person\/0652c5aad419c86cff8f8129d355edd0\",\"name\":\"Santi Ortiz\",\"image\":{\"@type\":\"ImageObject\",\"inLanguage\":\"es\",\"@id\":\"https:\/\/vortice.rocks\/clientes\/tierraviva\/#\/schema\/person\/image\/\",\"url\":\"https:\/\/secure.gravatar.com\/avatar\/78bab899e21d2840245c1646bfc64d01?s=96&d=mm&r=g\",\"contentUrl\":\"https:\/\/secure.gravatar.com\/avatar\/78bab899e21d2840245c1646bfc64d01?s=96&d=mm&r=g\",\"caption\":\"Santi Ortiz\"},\"sameAs\":[\"https:\/\/vortice.rocks\/clientes\/tierraviva\"],\"url\":\"https:\/\/vortice.rocks\/clientes\/tierraviva\/author\/santi-ortiz\/\"}]}<\/script>\n<!-- \/ Yoast SEO plugin. -->","yoast_head_json":{"title":"\"Ola de violencia contra comunidades apunta a convertirse en un exterminio de la poblaci\u00f3n Ind\u00edgena\" - Tierraviva","robots":{"index":"index","follow":"follow","max-snippet":"max-snippet:-1","max-image-preview":"max-image-preview:large","max-video-preview":"max-video-preview:-1"},"canonical":"https:\/\/vortice.rocks\/clientes\/tierraviva\/ola-de-violencia-contra-comunidades-apunta-a-convertirse-en-un-exterminio-de-la-poblacion-indigena\/","og_locale":"es_ES","og_type":"article","og_title":"\"Ola de violencia contra comunidades apunta a convertirse en un exterminio de la poblaci\u00f3n Ind\u00edgena\" - Tierraviva","og_description":"Los derechos territoriales de los Pueblos Ind\u00edgenas est\u00e1n reconocidos en la legislaci\u00f3n nacional e internacional y se\u00f1alan claramente que estos pueblos no deben ser desalojados Rodrigo Villagra y Marilin Renhfeld, analizan el marco normativo que protege a los territorios ind\u00edgenas y coinciden en se\u00f1alar que la ola de violencia contra las comunidades apunta a convertirseSeguir leyendo \"&#8220;Ola de violencia contra comunidades apunta a convertirse en un exterminio de la poblaci\u00f3n Ind\u00edgena&#8221;\"","og_url":"https:\/\/vortice.rocks\/clientes\/tierraviva\/ola-de-violencia-contra-comunidades-apunta-a-convertirse-en-un-exterminio-de-la-poblacion-indigena\/","og_site_name":"Tierraviva","article_publisher":"https:\/\/www.facebook.com\/Tierraviva-a-los-pueblos-indigenas-del-Chaco-217328148281564\/","article_published_time":"2021-12-04T09:15:34+00:00","og_image":[{"width":1156,"height":867,"url":"https:\/\/vortice.rocks\/clientes\/tierraviva\/wp-content\/uploads\/2021\/12\/20211204_061125.jpg","type":"image\/jpeg"}],"author":"Santi Ortiz","twitter_misc":{"Escrito por":"Santi Ortiz","Tiempo de lectura":"4 minutos"},"schema":{"@context":"https:\/\/schema.org","@graph":[{"@type":"WebPage","@id":"https:\/\/vortice.rocks\/clientes\/tierraviva\/ola-de-violencia-contra-comunidades-apunta-a-convertirse-en-un-exterminio-de-la-poblacion-indigena\/","url":"https:\/\/vortice.rocks\/clientes\/tierraviva\/ola-de-violencia-contra-comunidades-apunta-a-convertirse-en-un-exterminio-de-la-poblacion-indigena\/","name":"\"Ola de violencia contra comunidades apunta a convertirse en un exterminio de la poblaci\u00f3n Ind\u00edgena\" - Tierraviva","isPartOf":{"@id":"https:\/\/vortice.rocks\/clientes\/tierraviva\/#website"},"datePublished":"2021-12-04T09:15:34+00:00","dateModified":"2021-12-04T09:15:34+00:00","author":{"@id":"https:\/\/vortice.rocks\/clientes\/tierraviva\/#\/schema\/person\/0652c5aad419c86cff8f8129d355edd0"},"breadcrumb":{"@id":"https:\/\/vortice.rocks\/clientes\/tierraviva\/ola-de-violencia-contra-comunidades-apunta-a-convertirse-en-un-exterminio-de-la-poblacion-indigena\/#breadcrumb"},"inLanguage":"es","potentialAction":[{"@type":"ReadAction","target":["https:\/\/vortice.rocks\/clientes\/tierraviva\/ola-de-violencia-contra-comunidades-apunta-a-convertirse-en-un-exterminio-de-la-poblacion-indigena\/"]}]},{"@type":"BreadcrumbList","@id":"https:\/\/vortice.rocks\/clientes\/tierraviva\/ola-de-violencia-contra-comunidades-apunta-a-convertirse-en-un-exterminio-de-la-poblacion-indigena\/#breadcrumb","itemListElement":[{"@type":"ListItem","position":1,"name":"Portada","item":"https:\/\/vortice.rocks\/clientes\/tierraviva\/"},{"@type":"ListItem","position":2,"name":"&#8220;Ola de violencia contra comunidades apunta a convertirse en un exterminio de la poblaci\u00f3n Ind\u00edgena&#8221;"}]},{"@type":"WebSite","@id":"https:\/\/vortice.rocks\/clientes\/tierraviva\/#website","url":"https:\/\/vortice.rocks\/clientes\/tierraviva\/","name":"Tierraviva","description":"","potentialAction":[{"@type":"SearchAction","target":{"@type":"EntryPoint","urlTemplate":"https:\/\/vortice.rocks\/clientes\/tierraviva\/?s={search_term_string}"},"query-input":"required name=search_term_string"}],"inLanguage":"es"},{"@type":"Person","@id":"https:\/\/vortice.rocks\/clientes\/tierraviva\/#\/schema\/person\/0652c5aad419c86cff8f8129d355edd0","name":"Santi Ortiz","image":{"@type":"ImageObject","inLanguage":"es","@id":"https:\/\/vortice.rocks\/clientes\/tierraviva\/#\/schema\/person\/image\/","url":"https:\/\/secure.gravatar.com\/avatar\/78bab899e21d2840245c1646bfc64d01?s=96&d=mm&r=g","contentUrl":"https:\/\/secure.gravatar.com\/avatar\/78bab899e21d2840245c1646bfc64d01?s=96&d=mm&r=g","caption":"Santi Ortiz"},"sameAs":["https:\/\/vortice.rocks\/clientes\/tierraviva"],"url":"https:\/\/vortice.rocks\/clientes\/tierraviva\/author\/santi-ortiz\/"}]}},"_links":{"self":[{"href":"https:\/\/vortice.rocks\/clientes\/tierraviva\/wp-json\/wp\/v2\/posts\/2336"}],"collection":[{"href":"https:\/\/vortice.rocks\/clientes\/tierraviva\/wp-json\/wp\/v2\/posts"}],"about":[{"href":"https:\/\/vortice.rocks\/clientes\/tierraviva\/wp-json\/wp\/v2\/types\/post"}],"author":[{"embeddable":true,"href":"https:\/\/vortice.rocks\/clientes\/tierraviva\/wp-json\/wp\/v2\/users\/5"}],"replies":[{"embeddable":true,"href":"https:\/\/vortice.rocks\/clientes\/tierraviva\/wp-json\/wp\/v2\/comments?post=2336"}],"version-history":[{"count":1,"href":"https:\/\/vortice.rocks\/clientes\/tierraviva\/wp-json\/wp\/v2\/posts\/2336\/revisions"}],"predecessor-version":[{"id":2338,"href":"https:\/\/vortice.rocks\/clientes\/tierraviva\/wp-json\/wp\/v2\/posts\/2336\/revisions\/2338"}],"wp:featuredmedia":[{"embeddable":true,"href":"https:\/\/vortice.rocks\/clientes\/tierraviva\/wp-json\/wp\/v2\/media\/2337"}],"wp:attachment":[{"href":"https:\/\/vortice.rocks\/clientes\/tierraviva\/wp-json\/wp\/v2\/media?parent=2336"}],"wp:term":[{"taxonomy":"category","embeddable":true,"href":"https:\/\/vortice.rocks\/clientes\/tierraviva\/wp-json\/wp\/v2\/categories?post=2336"},{"taxonomy":"post_tag","embeddable":true,"href":"https:\/\/vortice.rocks\/clientes\/tierraviva\/wp-json\/wp\/v2\/tags?post=2336"}],"curies":[{"name":"wp","href":"https:\/\/api.w.org\/{rel}","templated":true}]}}