{"id":2351,"date":"2021-12-27T16:09:14","date_gmt":"2021-12-27T20:09:14","guid":{"rendered":"https:\/\/vortice.rocks\/clientes\/tierraviva\/?p=2351"},"modified":"2021-12-27T16:09:14","modified_gmt":"2021-12-27T20:09:14","slug":"triunfo-de-la-lucha-indigena-por-la-tierra","status":"publish","type":"post","link":"https:\/\/vortice.rocks\/clientes\/tierraviva\/triunfo-de-la-lucha-indigena-por-la-tierra\/","title":{"rendered":"Triunfo de la lucha ind\u00edgena por la tierra"},"content":{"rendered":"<p>En la jornada de este lunes 27 de diciembre el Gobierno paraguayo entreg\u00f3 a la Comunidad Kemha Yat Sepo (Cerrito Hamaquera) el certificado de adjudicaci\u00f3n para la ocupaci\u00f3n definitiva de 1.212 hect\u00e1reas de tierra reclamadas por m\u00e1s de dos d\u00e9cadas por los integrantes de la comunidad. La Organizaci\u00f3n Tierraviva, que acompa\u00f1\u00f3 el reclamo territorial de la Comunidad desde sus inicios, celebra este importante logro de la lucha ind\u00edgena.<\/p>\n<p>Los l\u00edderes de la Comunidad manifestaron su alegr\u00eda con la adjudicaci\u00f3n de las tierras a la comunidad que llegaron como parte de una larga lucha. La comunidad hab\u00eda sido despojada de su territorio a mediados de la d\u00e9cada del 90 y se instal\u00f3 al costado de la Ruta Transchaco d\u00f3nde subsistieron por m\u00e1s de dos d\u00e9cadas hasta que el avance de las obras para la ampliaci\u00f3n de la Ruta amenazaban con provocar un nuevo desalojo, ante esta situaci\u00f3n la comunidad intensific\u00f3 su reclamo logrando un acuerdo con el gobierno para la compra de las tierras hoy adjudicadas.<\/p>\n<p>El reclamo de la Comunidad Kemha Yat Sepo cont\u00f3 con el apoyo de la Articulaci\u00f3n Nacional Ind\u00edgena por una Vida Digna, insistiendo ante las autoridades para lograr la adquisici\u00f3n de las tierras que permitir\u00e1n a las 120 familias ind\u00edgenas asentarse en un lugar que les permita desarrollar sus formas tradicionales de vida.<\/p>\n<p>Tanto los referentes comunitarios como miembros de la organizaci\u00f3n Tierraviva manifestaron que este logro es muy destacable ya que llega en un momento d\u00f3nde el despojo de los territorios ind\u00edgenas es una constante.<\/p>\n","protected":false},"excerpt":{"rendered":"<p>En la jornada de este lunes 27 de diciembre el Gobierno paraguayo entreg\u00f3 a la Comunidad Kemha Yat Sepo (Cerrito Hamaquera) el certificado de adjudicaci\u00f3n para la ocupaci\u00f3n definitiva de 1.212 hect\u00e1reas de tierra reclamadas por m\u00e1s de dos d\u00e9cadas por los integrantes de la comunidad. La Organizaci\u00f3n Tierraviva, que acompa\u00f1\u00f3 el reclamo territorial de<a class=\"more-link\" href=\"https:\/\/vortice.rocks\/clientes\/tierraviva\/triunfo-de-la-lucha-indigena-por-la-tierra\/\">Seguir leyendo <span class=\"screen-reader-text\">&#8220;Triunfo de la lucha ind\u00edgena por la tierra&#8221;<\/span><\/a><\/p>\n","protected":false},"author":5,"featured_media":2352,"comment_status":"open","ping_status":"open","sticky":false,"template":"","format":"standard","meta":{"_exactmetrics_skip_tracking":false,"_exactmetrics_sitenote_active":false,"_exactmetrics_sitenote_note":"","_exactmetrics_sitenote_category":0,"footnotes":""},"categories":[3],"tags":[],"yoast_head":"<!-- This site is optimized with the Yoast SEO plugin v21.7 - https:\/\/yoast.com\/wordpress\/plugins\/seo\/ -->\n<title>Triunfo de la lucha ind\u00edgena por la tierra - Tierraviva<\/title>\n<meta name=\"robots\" content=\"index, follow, max-snippet:-1, max-image-preview:large, max-video-preview:-1\" \/>\n<link rel=\"canonical\" href=\"https:\/\/vortice.rocks\/clientes\/tierraviva\/triunfo-de-la-lucha-indigena-por-la-tierra\/\" \/>\n<meta property=\"og:locale\" content=\"es_ES\" \/>\n<meta property=\"og:type\" content=\"article\" \/>\n<meta property=\"og:title\" content=\"Triunfo de la lucha ind\u00edgena por la tierra - Tierraviva\" \/>\n<meta property=\"og:description\" content=\"En la jornada de este lunes 27 de diciembre el Gobierno paraguayo entreg\u00f3 a la Comunidad Kemha Yat Sepo (Cerrito Hamaquera) el certificado de adjudicaci\u00f3n para la ocupaci\u00f3n definitiva de 1.212 hect\u00e1reas de tierra reclamadas por m\u00e1s de dos d\u00e9cadas por los integrantes de la comunidad. La Organizaci\u00f3n Tierraviva, que acompa\u00f1\u00f3 el reclamo territorial deSeguir leyendo &quot;Triunfo de la lucha ind\u00edgena por la tierra&quot;\" \/>\n<meta property=\"og:url\" content=\"https:\/\/vortice.rocks\/clientes\/tierraviva\/triunfo-de-la-lucha-indigena-por-la-tierra\/\" \/>\n<meta property=\"og:site_name\" content=\"Tierraviva\" \/>\n<meta property=\"article:publisher\" content=\"https:\/\/www.facebook.com\/Tierraviva-a-los-pueblos-indigenas-del-Chaco-217328148281564\/\" \/>\n<meta property=\"article:published_time\" content=\"2021-12-27T20:09:14+00:00\" \/>\n<meta property=\"og:image\" content=\"https:\/\/vortice.rocks\/clientes\/tierraviva\/wp-content\/uploads\/2021\/12\/IMG_20211227_170801.jpg\" \/>\n\t<meta property=\"og:image:width\" content=\"1030\" \/>\n\t<meta property=\"og:image:height\" content=\"601\" \/>\n\t<meta property=\"og:image:type\" content=\"image\/jpeg\" \/>\n<meta name=\"author\" content=\"Santi Ortiz\" \/>\n<meta name=\"twitter:label1\" content=\"Escrito por\" \/>\n\t<meta name=\"twitter:data1\" content=\"Santi Ortiz\" \/>\n\t<meta name=\"twitter:label2\" content=\"Tiempo de lectura\" \/>\n\t<meta name=\"twitter:data2\" content=\"2 minutos\" \/>\n<script type=\"application\/ld+json\" class=\"yoast-schema-graph\">{\"@context\":\"https:\/\/schema.org\",\"@graph\":[{\"@type\":\"WebPage\",\"@id\":\"https:\/\/vortice.rocks\/clientes\/tierraviva\/triunfo-de-la-lucha-indigena-por-la-tierra\/\",\"url\":\"https:\/\/vortice.rocks\/clientes\/tierraviva\/triunfo-de-la-lucha-indigena-por-la-tierra\/\",\"name\":\"Triunfo de la lucha ind\u00edgena por la tierra - Tierraviva\",\"isPartOf\":{\"@id\":\"https:\/\/vortice.rocks\/clientes\/tierraviva\/#website\"},\"datePublished\":\"2021-12-27T20:09:14+00:00\",\"dateModified\":\"2021-12-27T20:09:14+00:00\",\"author\":{\"@id\":\"https:\/\/vortice.rocks\/clientes\/tierraviva\/#\/schema\/person\/0652c5aad419c86cff8f8129d355edd0\"},\"breadcrumb\":{\"@id\":\"https:\/\/vortice.rocks\/clientes\/tierraviva\/triunfo-de-la-lucha-indigena-por-la-tierra\/#breadcrumb\"},\"inLanguage\":\"es\",\"potentialAction\":[{\"@type\":\"ReadAction\",\"target\":[\"https:\/\/vortice.rocks\/clientes\/tierraviva\/triunfo-de-la-lucha-indigena-por-la-tierra\/\"]}]},{\"@type\":\"BreadcrumbList\",\"@id\":\"https:\/\/vortice.rocks\/clientes\/tierraviva\/triunfo-de-la-lucha-indigena-por-la-tierra\/#breadcrumb\",\"itemListElement\":[{\"@type\":\"ListItem\",\"position\":1,\"name\":\"Portada\",\"item\":\"https:\/\/vortice.rocks\/clientes\/tierraviva\/\"},{\"@type\":\"ListItem\",\"position\":2,\"name\":\"Triunfo de la lucha ind\u00edgena por la tierra\"}]},{\"@type\":\"WebSite\",\"@id\":\"https:\/\/vortice.rocks\/clientes\/tierraviva\/#website\",\"url\":\"https:\/\/vortice.rocks\/clientes\/tierraviva\/\",\"name\":\"Tierraviva\",\"description\":\"\",\"potentialAction\":[{\"@type\":\"SearchAction\",\"target\":{\"@type\":\"EntryPoint\",\"urlTemplate\":\"https:\/\/vortice.rocks\/clientes\/tierraviva\/?s={search_term_string}\"},\"query-input\":\"required name=search_term_string\"}],\"inLanguage\":\"es\"},{\"@type\":\"Person\",\"@id\":\"https:\/\/vortice.rocks\/clientes\/tierraviva\/#\/schema\/person\/0652c5aad419c86cff8f8129d355edd0\",\"name\":\"Santi Ortiz\",\"image\":{\"@type\":\"ImageObject\",\"inLanguage\":\"es\",\"@id\":\"https:\/\/vortice.rocks\/clientes\/tierraviva\/#\/schema\/person\/image\/\",\"url\":\"https:\/\/secure.gravatar.com\/avatar\/78bab899e21d2840245c1646bfc64d01?s=96&d=mm&r=g\",\"contentUrl\":\"https:\/\/secure.gravatar.com\/avatar\/78bab899e21d2840245c1646bfc64d01?s=96&d=mm&r=g\",\"caption\":\"Santi Ortiz\"},\"sameAs\":[\"https:\/\/vortice.rocks\/clientes\/tierraviva\"],\"url\":\"https:\/\/vortice.rocks\/clientes\/tierraviva\/author\/santi-ortiz\/\"}]}<\/script>\n<!-- \/ Yoast SEO plugin. -->","yoast_head_json":{"title":"Triunfo de la lucha ind\u00edgena por la tierra - Tierraviva","robots":{"index":"index","follow":"follow","max-snippet":"max-snippet:-1","max-image-preview":"max-image-preview:large","max-video-preview":"max-video-preview:-1"},"canonical":"https:\/\/vortice.rocks\/clientes\/tierraviva\/triunfo-de-la-lucha-indigena-por-la-tierra\/","og_locale":"es_ES","og_type":"article","og_title":"Triunfo de la lucha ind\u00edgena por la tierra - Tierraviva","og_description":"En la jornada de este lunes 27 de diciembre el Gobierno paraguayo entreg\u00f3 a la Comunidad Kemha Yat Sepo (Cerrito Hamaquera) el certificado de adjudicaci\u00f3n para la ocupaci\u00f3n definitiva de 1.212 hect\u00e1reas de tierra reclamadas por m\u00e1s de dos d\u00e9cadas por los integrantes de la comunidad. La Organizaci\u00f3n Tierraviva, que acompa\u00f1\u00f3 el reclamo territorial deSeguir leyendo \"Triunfo de la lucha ind\u00edgena por la tierra\"","og_url":"https:\/\/vortice.rocks\/clientes\/tierraviva\/triunfo-de-la-lucha-indigena-por-la-tierra\/","og_site_name":"Tierraviva","article_publisher":"https:\/\/www.facebook.com\/Tierraviva-a-los-pueblos-indigenas-del-Chaco-217328148281564\/","article_published_time":"2021-12-27T20:09:14+00:00","og_image":[{"width":1030,"height":601,"url":"https:\/\/vortice.rocks\/clientes\/tierraviva\/wp-content\/uploads\/2021\/12\/IMG_20211227_170801.jpg","type":"image\/jpeg"}],"author":"Santi Ortiz","twitter_misc":{"Escrito por":"Santi Ortiz","Tiempo de lectura":"2 minutos"},"schema":{"@context":"https:\/\/schema.org","@graph":[{"@type":"WebPage","@id":"https:\/\/vortice.rocks\/clientes\/tierraviva\/triunfo-de-la-lucha-indigena-por-la-tierra\/","url":"https:\/\/vortice.rocks\/clientes\/tierraviva\/triunfo-de-la-lucha-indigena-por-la-tierra\/","name":"Triunfo de la lucha ind\u00edgena por la tierra - Tierraviva","isPartOf":{"@id":"https:\/\/vortice.rocks\/clientes\/tierraviva\/#website"},"datePublished":"2021-12-27T20:09:14+00:00","dateModified":"2021-12-27T20:09:14+00:00","author":{"@id":"https:\/\/vortice.rocks\/clientes\/tierraviva\/#\/schema\/person\/0652c5aad419c86cff8f8129d355edd0"},"breadcrumb":{"@id":"https:\/\/vortice.rocks\/clientes\/tierraviva\/triunfo-de-la-lucha-indigena-por-la-tierra\/#breadcrumb"},"inLanguage":"es","potentialAction":[{"@type":"ReadAction","target":["https:\/\/vortice.rocks\/clientes\/tierraviva\/triunfo-de-la-lucha-indigena-por-la-tierra\/"]}]},{"@type":"BreadcrumbList","@id":"https:\/\/vortice.rocks\/clientes\/tierraviva\/triunfo-de-la-lucha-indigena-por-la-tierra\/#breadcrumb","itemListElement":[{"@type":"ListItem","position":1,"name":"Portada","item":"https:\/\/vortice.rocks\/clientes\/tierraviva\/"},{"@type":"ListItem","position":2,"name":"Triunfo de la lucha ind\u00edgena por la tierra"}]},{"@type":"WebSite","@id":"https:\/\/vortice.rocks\/clientes\/tierraviva\/#website","url":"https:\/\/vortice.rocks\/clientes\/tierraviva\/","name":"Tierraviva","description":"","potentialAction":[{"@type":"SearchAction","target":{"@type":"EntryPoint","urlTemplate":"https:\/\/vortice.rocks\/clientes\/tierraviva\/?s={search_term_string}"},"query-input":"required name=search_term_string"}],"inLanguage":"es"},{"@type":"Person","@id":"https:\/\/vortice.rocks\/clientes\/tierraviva\/#\/schema\/person\/0652c5aad419c86cff8f8129d355edd0","name":"Santi Ortiz","image":{"@type":"ImageObject","inLanguage":"es","@id":"https:\/\/vortice.rocks\/clientes\/tierraviva\/#\/schema\/person\/image\/","url":"https:\/\/secure.gravatar.com\/avatar\/78bab899e21d2840245c1646bfc64d01?s=96&d=mm&r=g","contentUrl":"https:\/\/secure.gravatar.com\/avatar\/78bab899e21d2840245c1646bfc64d01?s=96&d=mm&r=g","caption":"Santi Ortiz"},"sameAs":["https:\/\/vortice.rocks\/clientes\/tierraviva"],"url":"https:\/\/vortice.rocks\/clientes\/tierraviva\/author\/santi-ortiz\/"}]}},"_links":{"self":[{"href":"https:\/\/vortice.rocks\/clientes\/tierraviva\/wp-json\/wp\/v2\/posts\/2351"}],"collection":[{"href":"https:\/\/vortice.rocks\/clientes\/tierraviva\/wp-json\/wp\/v2\/posts"}],"about":[{"href":"https:\/\/vortice.rocks\/clientes\/tierraviva\/wp-json\/wp\/v2\/types\/post"}],"author":[{"embeddable":true,"href":"https:\/\/vortice.rocks\/clientes\/tierraviva\/wp-json\/wp\/v2\/users\/5"}],"replies":[{"embeddable":true,"href":"https:\/\/vortice.rocks\/clientes\/tierraviva\/wp-json\/wp\/v2\/comments?post=2351"}],"version-history":[{"count":1,"href":"https:\/\/vortice.rocks\/clientes\/tierraviva\/wp-json\/wp\/v2\/posts\/2351\/revisions"}],"predecessor-version":[{"id":2353,"href":"https:\/\/vortice.rocks\/clientes\/tierraviva\/wp-json\/wp\/v2\/posts\/2351\/revisions\/2353"}],"wp:featuredmedia":[{"embeddable":true,"href":"https:\/\/vortice.rocks\/clientes\/tierraviva\/wp-json\/wp\/v2\/media\/2352"}],"wp:attachment":[{"href":"https:\/\/vortice.rocks\/clientes\/tierraviva\/wp-json\/wp\/v2\/media?parent=2351"}],"wp:term":[{"taxonomy":"category","embeddable":true,"href":"https:\/\/vortice.rocks\/clientes\/tierraviva\/wp-json\/wp\/v2\/categories?post=2351"},{"taxonomy":"post_tag","embeddable":true,"href":"https:\/\/vortice.rocks\/clientes\/tierraviva\/wp-json\/wp\/v2\/tags?post=2351"}],"curies":[{"name":"wp","href":"https:\/\/api.w.org\/{rel}","templated":true}]}}