{"id":2389,"date":"2022-02-25T07:29:34","date_gmt":"2022-02-25T11:29:34","guid":{"rendered":"https:\/\/vortice.rocks\/clientes\/tierraviva\/?p=2389"},"modified":"2022-02-25T07:36:08","modified_gmt":"2022-02-25T11:36:08","slug":"convocatoria-a-concurso-para-el-cargo-de-tecnico-de-campo","status":"publish","type":"post","link":"https:\/\/vortice.rocks\/clientes\/tierraviva\/convocatoria-a-concurso-para-el-cargo-de-tecnico-de-campo\/","title":{"rendered":"Convocatoria a concurso para el cargo de T\u00e9cnico de Campo"},"content":{"rendered":"<p>En el marco de la ejecuci\u00f3n del Proyecto \u201cDerecho a la identidad mediante acceso a documentaci\u00f3n oficial de personas ind\u00edgenas en Paraguay\u201d, implementado por el consorcio Diakonia-Tierraviva con el apoyo de la Uni\u00f3n Europea, convocamos a concurso para el cargo de \u201cT\u00e9cnico de Campo\u201d.<\/p>\n<p>La acci\u00f3n propuesta pretende aumentar la participaci\u00f3n pol\u00edtica y acceso a pol\u00edticas p\u00fablicas de poblaci\u00f3n ind\u00edgena como aporte a la vigencia de los DDHH mediante el reconocimiento de su personalidad jur\u00eddica y su igualdad ante la ley en Paraguay desde el acceso a documentaci\u00f3n oficial de identidad y a informaci\u00f3n sobre derechos civiles, pol\u00edticos, sociales, econ\u00f3micos y culturales de personas ind\u00edgenas en Paraguay. El proyecto se desarrolla en Asunci\u00f3n y 13 departamentos.<\/p>\n<p><strong>PERFIL Y REQUISITOS<\/strong><\/p>\n<ul>\n<li>Formaci\u00f3n t\u00e9cnica y\/ o profesional en \u00e1reas sociales, antropol\u00f3gicas y educaci\u00f3n popular con conocimiento en temas de Derechos de Pueblos Ind\u00edgenas y Derechos Humanos.<\/li>\n<li>Alto nivel de guaran\u00ed (excluyente) y castellano.<\/li>\n<li>Experiencia en trabajo de campo con organizaciones y comunidades ind\u00edgenas.<\/li>\n<li>Capacidad para el trabajo en equipo y de comunicaci\u00f3n fluida y efectiva.<\/li>\n<li>Disponibilidad para desarrollar su trabajo en las zonas de intervenci\u00f3n del proyecto y viajar frecuentemente (excluyente).<\/li>\n<li>Dedicaci\u00f3n de tiempo completo (excluyente).<\/li>\n<\/ul>\n<p><strong>TIEMPO DE DURACI\u00d3N<\/strong><\/p>\n<p>La duraci\u00f3n del mismo ser\u00e1 de 18 meses, a partir de 16 de marzo de 2022.<\/p>\n<p><strong>DOCUMENTACI\u00d3N REQUERIDA<\/strong><\/p>\n<p>Curr\u00edculum vitae con referencias y carta de presentaci\u00f3n que establezca su idoneidad para el puesto.<\/p>\n<p>Enviar documentaci\u00f3n requerida a la siguiente direcci\u00f3n electr\u00f3nica:<br \/>\ncfernandez@tierraviva.org.py<\/p>\n<p>Plazo l\u00edmite para aplicaci\u00f3n: 04 de marzo de 2022.<\/p>\n<p><a href=\"https:\/\/vortice.rocks\/clientes\/tierraviva\/wp-content\/uploads\/2022\/02\/TDR-Tecnico-de-Campo.pdf\">T\u00e9rminos de Referencia T\u00e9cnico de Campo<\/a><\/p>\n","protected":false},"excerpt":{"rendered":"<p>En el marco de la ejecuci\u00f3n del Proyecto \u201cDerecho a la identidad mediante acceso a documentaci\u00f3n oficial de personas ind\u00edgenas en Paraguay\u201d, implementado por el consorcio Diakonia-Tierraviva con el apoyo de la Uni\u00f3n Europea, convocamos a concurso para el cargo de \u201cT\u00e9cnico de Campo\u201d. La acci\u00f3n propuesta pretende aumentar la participaci\u00f3n pol\u00edtica y acceso a<a class=\"more-link\" href=\"https:\/\/vortice.rocks\/clientes\/tierraviva\/convocatoria-a-concurso-para-el-cargo-de-tecnico-de-campo\/\">Seguir leyendo <span class=\"screen-reader-text\">&#8220;Convocatoria a concurso para el cargo de T\u00e9cnico de Campo&#8221;<\/span><\/a><\/p>\n","protected":false},"author":5,"featured_media":2392,"comment_status":"open","ping_status":"open","sticky":false,"template":"","format":"standard","meta":{"_exactmetrics_skip_tracking":false,"_exactmetrics_sitenote_active":false,"_exactmetrics_sitenote_note":"","_exactmetrics_sitenote_category":0,"footnotes":""},"categories":[3],"tags":[],"yoast_head":"<!-- This site is optimized with the Yoast SEO plugin v21.7 - https:\/\/yoast.com\/wordpress\/plugins\/seo\/ -->\n<title>Convocatoria a concurso para el cargo de T\u00e9cnico de Campo - Tierraviva<\/title>\n<meta name=\"robots\" content=\"index, follow, max-snippet:-1, max-image-preview:large, max-video-preview:-1\" \/>\n<link rel=\"canonical\" href=\"https:\/\/vortice.rocks\/clientes\/tierraviva\/convocatoria-a-concurso-para-el-cargo-de-tecnico-de-campo\/\" \/>\n<meta property=\"og:locale\" content=\"es_ES\" \/>\n<meta property=\"og:type\" content=\"article\" \/>\n<meta property=\"og:title\" content=\"Convocatoria a concurso para el cargo de T\u00e9cnico de Campo - Tierraviva\" \/>\n<meta property=\"og:description\" content=\"En el marco de la ejecuci\u00f3n del Proyecto \u201cDerecho a la identidad mediante acceso a documentaci\u00f3n oficial de personas ind\u00edgenas en Paraguay\u201d, implementado por el consorcio Diakonia-Tierraviva con el apoyo de la Uni\u00f3n Europea, convocamos a concurso para el cargo de \u201cT\u00e9cnico de Campo\u201d. La acci\u00f3n propuesta pretende aumentar la participaci\u00f3n pol\u00edtica y acceso aSeguir leyendo &quot;Convocatoria a concurso para el cargo de T\u00e9cnico de Campo&quot;\" \/>\n<meta property=\"og:url\" content=\"https:\/\/vortice.rocks\/clientes\/tierraviva\/convocatoria-a-concurso-para-el-cargo-de-tecnico-de-campo\/\" \/>\n<meta property=\"og:site_name\" content=\"Tierraviva\" \/>\n<meta property=\"article:publisher\" content=\"https:\/\/www.facebook.com\/Tierraviva-a-los-pueblos-indigenas-del-Chaco-217328148281564\/\" \/>\n<meta property=\"article:published_time\" content=\"2022-02-25T11:29:34+00:00\" \/>\n<meta property=\"article:modified_time\" content=\"2022-02-25T11:36:08+00:00\" \/>\n<meta property=\"og:image\" content=\"https:\/\/vortice.rocks\/clientes\/tierraviva\/wp-content\/uploads\/2022\/02\/png_20220225_083247_0000.png\" \/>\n\t<meta property=\"og:image:width\" content=\"1080\" \/>\n\t<meta property=\"og:image:height\" content=\"1080\" \/>\n\t<meta property=\"og:image:type\" content=\"image\/png\" \/>\n<meta name=\"author\" content=\"Santi Ortiz\" \/>\n<meta name=\"twitter:label1\" content=\"Escrito por\" \/>\n\t<meta name=\"twitter:data1\" content=\"Santi Ortiz\" \/>\n\t<meta name=\"twitter:label2\" content=\"Tiempo de lectura\" \/>\n\t<meta name=\"twitter:data2\" content=\"2 minutos\" \/>\n<script type=\"application\/ld+json\" class=\"yoast-schema-graph\">{\"@context\":\"https:\/\/schema.org\",\"@graph\":[{\"@type\":\"WebPage\",\"@id\":\"https:\/\/vortice.rocks\/clientes\/tierraviva\/convocatoria-a-concurso-para-el-cargo-de-tecnico-de-campo\/\",\"url\":\"https:\/\/vortice.rocks\/clientes\/tierraviva\/convocatoria-a-concurso-para-el-cargo-de-tecnico-de-campo\/\",\"name\":\"Convocatoria a concurso para el cargo de T\u00e9cnico de Campo - Tierraviva\",\"isPartOf\":{\"@id\":\"https:\/\/vortice.rocks\/clientes\/tierraviva\/#website\"},\"datePublished\":\"2022-02-25T11:29:34+00:00\",\"dateModified\":\"2022-02-25T11:36:08+00:00\",\"author\":{\"@id\":\"https:\/\/vortice.rocks\/clientes\/tierraviva\/#\/schema\/person\/0652c5aad419c86cff8f8129d355edd0\"},\"breadcrumb\":{\"@id\":\"https:\/\/vortice.rocks\/clientes\/tierraviva\/convocatoria-a-concurso-para-el-cargo-de-tecnico-de-campo\/#breadcrumb\"},\"inLanguage\":\"es\",\"potentialAction\":[{\"@type\":\"ReadAction\",\"target\":[\"https:\/\/vortice.rocks\/clientes\/tierraviva\/convocatoria-a-concurso-para-el-cargo-de-tecnico-de-campo\/\"]}]},{\"@type\":\"BreadcrumbList\",\"@id\":\"https:\/\/vortice.rocks\/clientes\/tierraviva\/convocatoria-a-concurso-para-el-cargo-de-tecnico-de-campo\/#breadcrumb\",\"itemListElement\":[{\"@type\":\"ListItem\",\"position\":1,\"name\":\"Portada\",\"item\":\"https:\/\/vortice.rocks\/clientes\/tierraviva\/\"},{\"@type\":\"ListItem\",\"position\":2,\"name\":\"Convocatoria a concurso para el cargo de T\u00e9cnico de Campo\"}]},{\"@type\":\"WebSite\",\"@id\":\"https:\/\/vortice.rocks\/clientes\/tierraviva\/#website\",\"url\":\"https:\/\/vortice.rocks\/clientes\/tierraviva\/\",\"name\":\"Tierraviva\",\"description\":\"\",\"potentialAction\":[{\"@type\":\"SearchAction\",\"target\":{\"@type\":\"EntryPoint\",\"urlTemplate\":\"https:\/\/vortice.rocks\/clientes\/tierraviva\/?s={search_term_string}\"},\"query-input\":\"required name=search_term_string\"}],\"inLanguage\":\"es\"},{\"@type\":\"Person\",\"@id\":\"https:\/\/vortice.rocks\/clientes\/tierraviva\/#\/schema\/person\/0652c5aad419c86cff8f8129d355edd0\",\"name\":\"Santi Ortiz\",\"image\":{\"@type\":\"ImageObject\",\"inLanguage\":\"es\",\"@id\":\"https:\/\/vortice.rocks\/clientes\/tierraviva\/#\/schema\/person\/image\/\",\"url\":\"https:\/\/secure.gravatar.com\/avatar\/78bab899e21d2840245c1646bfc64d01?s=96&d=mm&r=g\",\"contentUrl\":\"https:\/\/secure.gravatar.com\/avatar\/78bab899e21d2840245c1646bfc64d01?s=96&d=mm&r=g\",\"caption\":\"Santi Ortiz\"},\"sameAs\":[\"https:\/\/vortice.rocks\/clientes\/tierraviva\"],\"url\":\"https:\/\/vortice.rocks\/clientes\/tierraviva\/author\/santi-ortiz\/\"}]}<\/script>\n<!-- \/ Yoast SEO plugin. -->","yoast_head_json":{"title":"Convocatoria a concurso para el cargo de T\u00e9cnico de Campo - Tierraviva","robots":{"index":"index","follow":"follow","max-snippet":"max-snippet:-1","max-image-preview":"max-image-preview:large","max-video-preview":"max-video-preview:-1"},"canonical":"https:\/\/vortice.rocks\/clientes\/tierraviva\/convocatoria-a-concurso-para-el-cargo-de-tecnico-de-campo\/","og_locale":"es_ES","og_type":"article","og_title":"Convocatoria a concurso para el cargo de T\u00e9cnico de Campo - Tierraviva","og_description":"En el marco de la ejecuci\u00f3n del Proyecto \u201cDerecho a la identidad mediante acceso a documentaci\u00f3n oficial de personas ind\u00edgenas en Paraguay\u201d, implementado por el consorcio Diakonia-Tierraviva con el apoyo de la Uni\u00f3n Europea, convocamos a concurso para el cargo de \u201cT\u00e9cnico de Campo\u201d. La acci\u00f3n propuesta pretende aumentar la participaci\u00f3n pol\u00edtica y acceso aSeguir leyendo \"Convocatoria a concurso para el cargo de T\u00e9cnico de Campo\"","og_url":"https:\/\/vortice.rocks\/clientes\/tierraviva\/convocatoria-a-concurso-para-el-cargo-de-tecnico-de-campo\/","og_site_name":"Tierraviva","article_publisher":"https:\/\/www.facebook.com\/Tierraviva-a-los-pueblos-indigenas-del-Chaco-217328148281564\/","article_published_time":"2022-02-25T11:29:34+00:00","article_modified_time":"2022-02-25T11:36:08+00:00","og_image":[{"width":1080,"height":1080,"url":"https:\/\/vortice.rocks\/clientes\/tierraviva\/wp-content\/uploads\/2022\/02\/png_20220225_083247_0000.png","type":"image\/png"}],"author":"Santi Ortiz","twitter_misc":{"Escrito por":"Santi Ortiz","Tiempo de lectura":"2 minutos"},"schema":{"@context":"https:\/\/schema.org","@graph":[{"@type":"WebPage","@id":"https:\/\/vortice.rocks\/clientes\/tierraviva\/convocatoria-a-concurso-para-el-cargo-de-tecnico-de-campo\/","url":"https:\/\/vortice.rocks\/clientes\/tierraviva\/convocatoria-a-concurso-para-el-cargo-de-tecnico-de-campo\/","name":"Convocatoria a concurso para el cargo de T\u00e9cnico de Campo - Tierraviva","isPartOf":{"@id":"https:\/\/vortice.rocks\/clientes\/tierraviva\/#website"},"datePublished":"2022-02-25T11:29:34+00:00","dateModified":"2022-02-25T11:36:08+00:00","author":{"@id":"https:\/\/vortice.rocks\/clientes\/tierraviva\/#\/schema\/person\/0652c5aad419c86cff8f8129d355edd0"},"breadcrumb":{"@id":"https:\/\/vortice.rocks\/clientes\/tierraviva\/convocatoria-a-concurso-para-el-cargo-de-tecnico-de-campo\/#breadcrumb"},"inLanguage":"es","potentialAction":[{"@type":"ReadAction","target":["https:\/\/vortice.rocks\/clientes\/tierraviva\/convocatoria-a-concurso-para-el-cargo-de-tecnico-de-campo\/"]}]},{"@type":"BreadcrumbList","@id":"https:\/\/vortice.rocks\/clientes\/tierraviva\/convocatoria-a-concurso-para-el-cargo-de-tecnico-de-campo\/#breadcrumb","itemListElement":[{"@type":"ListItem","position":1,"name":"Portada","item":"https:\/\/vortice.rocks\/clientes\/tierraviva\/"},{"@type":"ListItem","position":2,"name":"Convocatoria a concurso para el cargo de T\u00e9cnico de Campo"}]},{"@type":"WebSite","@id":"https:\/\/vortice.rocks\/clientes\/tierraviva\/#website","url":"https:\/\/vortice.rocks\/clientes\/tierraviva\/","name":"Tierraviva","description":"","potentialAction":[{"@type":"SearchAction","target":{"@type":"EntryPoint","urlTemplate":"https:\/\/vortice.rocks\/clientes\/tierraviva\/?s={search_term_string}"},"query-input":"required name=search_term_string"}],"inLanguage":"es"},{"@type":"Person","@id":"https:\/\/vortice.rocks\/clientes\/tierraviva\/#\/schema\/person\/0652c5aad419c86cff8f8129d355edd0","name":"Santi Ortiz","image":{"@type":"ImageObject","inLanguage":"es","@id":"https:\/\/vortice.rocks\/clientes\/tierraviva\/#\/schema\/person\/image\/","url":"https:\/\/secure.gravatar.com\/avatar\/78bab899e21d2840245c1646bfc64d01?s=96&d=mm&r=g","contentUrl":"https:\/\/secure.gravatar.com\/avatar\/78bab899e21d2840245c1646bfc64d01?s=96&d=mm&r=g","caption":"Santi Ortiz"},"sameAs":["https:\/\/vortice.rocks\/clientes\/tierraviva"],"url":"https:\/\/vortice.rocks\/clientes\/tierraviva\/author\/santi-ortiz\/"}]}},"_links":{"self":[{"href":"https:\/\/vortice.rocks\/clientes\/tierraviva\/wp-json\/wp\/v2\/posts\/2389"}],"collection":[{"href":"https:\/\/vortice.rocks\/clientes\/tierraviva\/wp-json\/wp\/v2\/posts"}],"about":[{"href":"https:\/\/vortice.rocks\/clientes\/tierraviva\/wp-json\/wp\/v2\/types\/post"}],"author":[{"embeddable":true,"href":"https:\/\/vortice.rocks\/clientes\/tierraviva\/wp-json\/wp\/v2\/users\/5"}],"replies":[{"embeddable":true,"href":"https:\/\/vortice.rocks\/clientes\/tierraviva\/wp-json\/wp\/v2\/comments?post=2389"}],"version-history":[{"count":1,"href":"https:\/\/vortice.rocks\/clientes\/tierraviva\/wp-json\/wp\/v2\/posts\/2389\/revisions"}],"predecessor-version":[{"id":2391,"href":"https:\/\/vortice.rocks\/clientes\/tierraviva\/wp-json\/wp\/v2\/posts\/2389\/revisions\/2391"}],"wp:featuredmedia":[{"embeddable":true,"href":"https:\/\/vortice.rocks\/clientes\/tierraviva\/wp-json\/wp\/v2\/media\/2392"}],"wp:attachment":[{"href":"https:\/\/vortice.rocks\/clientes\/tierraviva\/wp-json\/wp\/v2\/media?parent=2389"}],"wp:term":[{"taxonomy":"category","embeddable":true,"href":"https:\/\/vortice.rocks\/clientes\/tierraviva\/wp-json\/wp\/v2\/categories?post=2389"},{"taxonomy":"post_tag","embeddable":true,"href":"https:\/\/vortice.rocks\/clientes\/tierraviva\/wp-json\/wp\/v2\/tags?post=2389"}],"curies":[{"name":"wp","href":"https:\/\/api.w.org\/{rel}","templated":true}]}}