{"id":2400,"date":"2022-03-23T20:33:38","date_gmt":"2022-03-24T00:33:38","guid":{"rendered":"https:\/\/vortice.rocks\/clientes\/tierraviva\/?p=2400"},"modified":"2022-03-23T20:33:38","modified_gmt":"2022-03-24T00:33:38","slug":"comunicado-sobre-las-movilizaciones-campesinas-e-indigenas","status":"publish","type":"post","link":"https:\/\/vortice.rocks\/clientes\/tierraviva\/comunicado-sobre-las-movilizaciones-campesinas-e-indigenas\/","title":{"rendered":"Comunicado sobre las movilizaciones campesinas e ind\u00edgenas"},"content":{"rendered":"<p>Las Organizaciones de la Sociedad Civil abajo firmantes expresamos nuestro apoyo y solidaridad a la movilizaci\u00f3n que lleva adelante la Plenaria de Organizaciones Campesinas e Ind\u00edgenas en Asunci\u00f3n y diferentes puntos del pa\u00eds. Las reivindicaciones son consistentes con la construcci\u00f3n de un Paraguay justo y democr\u00e1tico por lo que hacemos un llamado a las autoridades y al gobierno a atender estos reclamos.<\/p>\n<p>En concordancia con lo expresado por quienes se movilizan, entendemos que la injusta y desigual distribuci\u00f3n de la tierra en el pa\u00eds debe ser atendida urgentemente, con pol\u00edticas de Estado que garanticen el arraigo de ind\u00edgenas y campesinas en sus territorios, con condiciones para una vida digna.<\/p>\n<p>Paraguay es el pa\u00eds de la regi\u00f3n con la m\u00e1s injusta distribuci\u00f3n de tierras, apenas el 2% de los propietarios acaparan m\u00e1s del 85% de la tierra, mientras se estima que existen al menos 300 mil familias campesinas sin tierras. A esta realidad se suma la existencia, reconocida por el propio Estado, de m\u00e1s de 8 millones de hect\u00e1reas de tierras mal habidas que se encuentran en manos de personas no beneficiarias de la reforma agraria y que se apropiaron irregularmente de las mismas.<\/p>\n<p>Entendemos que esta situaci\u00f3n tan delicada no puede ser resuelta mediante el aumento de las acciones de desalojos forzados, de la represi\u00f3n al campesinado y pueblos ind\u00edgenas, por eso, solicitamos la derogaci\u00f3n de la Ley 6830\/21 que modifica el Art\u00edculo 142 de C\u00f3digo Penal, aumentando las penas a las ocupaciones de tierra, menos a\u00fan sin tener en cuenta la particularidad del derecho ind\u00edgena, quienes no fueron consultados, un derecho consagrado. Enviar a prisi\u00f3n a quienes luchan por su derecho a un pedazo de tierra solo agravar\u00e1 la problem\u00e1tica del campo, sin ofrecer verdaderas soluciones a campesinos, campesinas e ind\u00edgenas, ni al pa\u00eds en general.<\/p>\n<p>Se\u00f1alamos tambi\u00e9n que es urgente la asistencia a la producci\u00f3n campesina y al buen vivir ind\u00edgena, afectada gravemente por los efectos de la Crisis Clim\u00e1tica que se atraviesa, producto de un modelo de producci\u00f3n que atenta contra el ambiente y la naturaleza. Los campesinos y campesinas aportan en promedio un 15% de lo consumido en la ciudad y un 48% de lo consumido en el campo y \u00e1reas rurales, esto se da sin pr\u00e1cticamente ninguna pol\u00edtica de asistencia por parte del Estado y teniendo apenas el 6% de las tierras productivas en sus manos.<\/p>\n<p>La producci\u00f3n campesina provee de alimentos saludables al pa\u00eds y aporta al equilibrio clim\u00e1tico con pr\u00e1cticas sostenibles, a diferencia del modelo de agronegocios que avanza con pr\u00e1cticas que afectan gravemente a la naturaleza y al ambiente, como la deforestaci\u00f3n masiva y el uso intensivo de agrot\u00f3xicos. Es fundamental que el Estado paraguayo oriente sus pol\u00edticas a proteger y promover la agricultura campesina e ind\u00edgena, brindando apoyo y asistencia a los peque\u00f1os productores, as\u00ed tambi\u00e9n resulta urgente la implementaci\u00f3n real de pol\u00edticas de protecci\u00f3n al ambiente y de atenci\u00f3n a la crisis clim\u00e1tica.<\/p>\n<p>Finalmente, destacamos el hist\u00f3rico valor y compromiso del campesinado y los pueblos ind\u00edgenas tanto en su labor diaria, garantizando los alimentos para toda la poblaci\u00f3n del pa\u00eds, protegiendo los recursos naturales de sus territorios, como en sus luchas por la justicia social y la democracia que son baluartes para la construcci\u00f3n de una sociedad democr\u00e1tica y equitativa.<\/p>\n<p>&nbsp;<\/p>\n<p>Centro de Estudios Paraguayos Antonio Guash (CEPAG)<\/p>\n<p>Servicio Paz y Justicia Paraguay (SERPAJ PY)<\/p>\n<p>Asociaci\u00f3n Gestion Local (GL)<\/p>\n<p>DECIDAMOS.<\/p>\n<p>Red de Ambientalistas No Gubernamentales del Paraguay (ROAM)<\/p>\n<p>Red Rural de Organizaciones Privadas de Desarrollo.<\/p>\n<p>Tierraviva a los Pueblos Ind\u00edgenas del Chaco.<\/p>\n<p>Coordinadora por los Derechos de la Infancia y la adolescencia (CDIA).<\/p>\n<p>POJOAJU Asociaci\u00f3n de ONGs del Paraguay.<\/p>\n<p>Asociaci\u00f3n CALLESCUELA.<\/p>\n<p>Federaci\u00f3n de Entidades Vecinalista del Paraguay (FEDEM).<\/p>\n<p>Base Educativa y Comunitaria de Apoyo (BECA).<\/p>\n<p>SOBREVIVENCIA, Amigos de la Tierra Paraguay.<\/p>\n<p>Centro de Servicios y Estudios Rurales (CSER).<\/p>\n<p>Centro de Documentaci\u00f3n y Estudios (CDE).<\/p>\n<p>Centro de Estudios Rurales Interdisciplinarios (CERI).<\/p>\n<p>BASE Investigaciones Sociales (BASE IS).<\/p>\n<p>Grupo SUNU de Acci\u00f3n Intercultural<\/p>\n<p>Tekoha con los Pueblos Ind\u00edgenas<\/p>\n<p>REDESPI Red de Organizaciones al Servicio de los Pueblos Ind\u00edgenas.<\/p>\n<p>Voces Paraguay, Asociaci\u00f3n de Radios Comunitarias.<\/p>\n<p>CEIDRA. Centro de Estudios e Investigaciones sobre Derecho Rural y Reforma Agraria.<\/p>\n<p>&nbsp;<\/p>\n<p>&nbsp;<\/p>\n<p>&nbsp;<\/p>\n<p>&nbsp;<\/p>\n","protected":false},"excerpt":{"rendered":"<p>Las Organizaciones de la Sociedad Civil abajo firmantes expresamos nuestro apoyo y solidaridad a la movilizaci\u00f3n que lleva adelante la Plenaria de Organizaciones Campesinas e Ind\u00edgenas en Asunci\u00f3n y diferentes puntos del pa\u00eds. Las reivindicaciones son consistentes con la construcci\u00f3n de un Paraguay justo y democr\u00e1tico por lo que hacemos un llamado a las autoridades<a class=\"more-link\" href=\"https:\/\/vortice.rocks\/clientes\/tierraviva\/comunicado-sobre-las-movilizaciones-campesinas-e-indigenas\/\">Seguir leyendo <span class=\"screen-reader-text\">&#8220;Comunicado sobre las movilizaciones campesinas e ind\u00edgenas&#8221;<\/span><\/a><\/p>\n","protected":false},"author":5,"featured_media":2311,"comment_status":"open","ping_status":"open","sticky":false,"template":"","format":"standard","meta":{"_exactmetrics_skip_tracking":false,"_exactmetrics_sitenote_active":false,"_exactmetrics_sitenote_note":"","_exactmetrics_sitenote_category":0,"footnotes":""},"categories":[3],"tags":[],"yoast_head":"<!-- This site is optimized with the Yoast SEO plugin v21.7 - https:\/\/yoast.com\/wordpress\/plugins\/seo\/ -->\n<title>Comunicado sobre las movilizaciones campesinas e ind\u00edgenas - Tierraviva<\/title>\n<meta name=\"robots\" content=\"index, follow, max-snippet:-1, max-image-preview:large, max-video-preview:-1\" \/>\n<link rel=\"canonical\" href=\"https:\/\/vortice.rocks\/clientes\/tierraviva\/comunicado-sobre-las-movilizaciones-campesinas-e-indigenas\/\" \/>\n<meta property=\"og:locale\" content=\"es_ES\" \/>\n<meta property=\"og:type\" content=\"article\" \/>\n<meta property=\"og:title\" content=\"Comunicado sobre las movilizaciones campesinas e ind\u00edgenas - Tierraviva\" \/>\n<meta property=\"og:description\" content=\"Las Organizaciones de la Sociedad Civil abajo firmantes expresamos nuestro apoyo y solidaridad a la movilizaci\u00f3n que lleva adelante la Plenaria de Organizaciones Campesinas e Ind\u00edgenas en Asunci\u00f3n y diferentes puntos del pa\u00eds. Las reivindicaciones son consistentes con la construcci\u00f3n de un Paraguay justo y democr\u00e1tico por lo que hacemos un llamado a las autoridadesSeguir leyendo &quot;Comunicado sobre las movilizaciones campesinas e ind\u00edgenas&quot;\" \/>\n<meta property=\"og:url\" content=\"https:\/\/vortice.rocks\/clientes\/tierraviva\/comunicado-sobre-las-movilizaciones-campesinas-e-indigenas\/\" \/>\n<meta property=\"og:site_name\" content=\"Tierraviva\" \/>\n<meta property=\"article:publisher\" content=\"https:\/\/www.facebook.com\/Tierraviva-a-los-pueblos-indigenas-del-Chaco-217328148281564\/\" \/>\n<meta property=\"article:published_time\" content=\"2022-03-24T00:33:38+00:00\" \/>\n<meta property=\"og:image\" content=\"https:\/\/vortice.rocks\/clientes\/tierraviva\/wp-content\/uploads\/2021\/10\/received_609987710164238.jpeg\" \/>\n\t<meta property=\"og:image:width\" content=\"1600\" \/>\n\t<meta property=\"og:image:height\" content=\"720\" \/>\n\t<meta property=\"og:image:type\" content=\"image\/jpeg\" \/>\n<meta name=\"author\" content=\"Santi Ortiz\" \/>\n<meta name=\"twitter:label1\" content=\"Escrito por\" \/>\n\t<meta name=\"twitter:data1\" content=\"Santi Ortiz\" \/>\n\t<meta name=\"twitter:label2\" content=\"Tiempo de lectura\" \/>\n\t<meta name=\"twitter:data2\" content=\"4 minutos\" \/>\n<script type=\"application\/ld+json\" class=\"yoast-schema-graph\">{\"@context\":\"https:\/\/schema.org\",\"@graph\":[{\"@type\":\"WebPage\",\"@id\":\"https:\/\/vortice.rocks\/clientes\/tierraviva\/comunicado-sobre-las-movilizaciones-campesinas-e-indigenas\/\",\"url\":\"https:\/\/vortice.rocks\/clientes\/tierraviva\/comunicado-sobre-las-movilizaciones-campesinas-e-indigenas\/\",\"name\":\"Comunicado sobre las movilizaciones campesinas e ind\u00edgenas - Tierraviva\",\"isPartOf\":{\"@id\":\"https:\/\/vortice.rocks\/clientes\/tierraviva\/#website\"},\"datePublished\":\"2022-03-24T00:33:38+00:00\",\"dateModified\":\"2022-03-24T00:33:38+00:00\",\"author\":{\"@id\":\"https:\/\/vortice.rocks\/clientes\/tierraviva\/#\/schema\/person\/0652c5aad419c86cff8f8129d355edd0\"},\"breadcrumb\":{\"@id\":\"https:\/\/vortice.rocks\/clientes\/tierraviva\/comunicado-sobre-las-movilizaciones-campesinas-e-indigenas\/#breadcrumb\"},\"inLanguage\":\"es\",\"potentialAction\":[{\"@type\":\"ReadAction\",\"target\":[\"https:\/\/vortice.rocks\/clientes\/tierraviva\/comunicado-sobre-las-movilizaciones-campesinas-e-indigenas\/\"]}]},{\"@type\":\"BreadcrumbList\",\"@id\":\"https:\/\/vortice.rocks\/clientes\/tierraviva\/comunicado-sobre-las-movilizaciones-campesinas-e-indigenas\/#breadcrumb\",\"itemListElement\":[{\"@type\":\"ListItem\",\"position\":1,\"name\":\"Portada\",\"item\":\"https:\/\/vortice.rocks\/clientes\/tierraviva\/\"},{\"@type\":\"ListItem\",\"position\":2,\"name\":\"Comunicado sobre las movilizaciones campesinas e ind\u00edgenas\"}]},{\"@type\":\"WebSite\",\"@id\":\"https:\/\/vortice.rocks\/clientes\/tierraviva\/#website\",\"url\":\"https:\/\/vortice.rocks\/clientes\/tierraviva\/\",\"name\":\"Tierraviva\",\"description\":\"\",\"potentialAction\":[{\"@type\":\"SearchAction\",\"target\":{\"@type\":\"EntryPoint\",\"urlTemplate\":\"https:\/\/vortice.rocks\/clientes\/tierraviva\/?s={search_term_string}\"},\"query-input\":\"required name=search_term_string\"}],\"inLanguage\":\"es\"},{\"@type\":\"Person\",\"@id\":\"https:\/\/vortice.rocks\/clientes\/tierraviva\/#\/schema\/person\/0652c5aad419c86cff8f8129d355edd0\",\"name\":\"Santi Ortiz\",\"image\":{\"@type\":\"ImageObject\",\"inLanguage\":\"es\",\"@id\":\"https:\/\/vortice.rocks\/clientes\/tierraviva\/#\/schema\/person\/image\/\",\"url\":\"https:\/\/secure.gravatar.com\/avatar\/78bab899e21d2840245c1646bfc64d01?s=96&d=mm&r=g\",\"contentUrl\":\"https:\/\/secure.gravatar.com\/avatar\/78bab899e21d2840245c1646bfc64d01?s=96&d=mm&r=g\",\"caption\":\"Santi Ortiz\"},\"sameAs\":[\"https:\/\/vortice.rocks\/clientes\/tierraviva\"],\"url\":\"https:\/\/vortice.rocks\/clientes\/tierraviva\/author\/santi-ortiz\/\"}]}<\/script>\n<!-- \/ Yoast SEO plugin. -->","yoast_head_json":{"title":"Comunicado sobre las movilizaciones campesinas e ind\u00edgenas - Tierraviva","robots":{"index":"index","follow":"follow","max-snippet":"max-snippet:-1","max-image-preview":"max-image-preview:large","max-video-preview":"max-video-preview:-1"},"canonical":"https:\/\/vortice.rocks\/clientes\/tierraviva\/comunicado-sobre-las-movilizaciones-campesinas-e-indigenas\/","og_locale":"es_ES","og_type":"article","og_title":"Comunicado sobre las movilizaciones campesinas e ind\u00edgenas - Tierraviva","og_description":"Las Organizaciones de la Sociedad Civil abajo firmantes expresamos nuestro apoyo y solidaridad a la movilizaci\u00f3n que lleva adelante la Plenaria de Organizaciones Campesinas e Ind\u00edgenas en Asunci\u00f3n y diferentes puntos del pa\u00eds. Las reivindicaciones son consistentes con la construcci\u00f3n de un Paraguay justo y democr\u00e1tico por lo que hacemos un llamado a las autoridadesSeguir leyendo \"Comunicado sobre las movilizaciones campesinas e ind\u00edgenas\"","og_url":"https:\/\/vortice.rocks\/clientes\/tierraviva\/comunicado-sobre-las-movilizaciones-campesinas-e-indigenas\/","og_site_name":"Tierraviva","article_publisher":"https:\/\/www.facebook.com\/Tierraviva-a-los-pueblos-indigenas-del-Chaco-217328148281564\/","article_published_time":"2022-03-24T00:33:38+00:00","og_image":[{"width":1600,"height":720,"url":"https:\/\/vortice.rocks\/clientes\/tierraviva\/wp-content\/uploads\/2021\/10\/received_609987710164238.jpeg","type":"image\/jpeg"}],"author":"Santi Ortiz","twitter_misc":{"Escrito por":"Santi Ortiz","Tiempo de lectura":"4 minutos"},"schema":{"@context":"https:\/\/schema.org","@graph":[{"@type":"WebPage","@id":"https:\/\/vortice.rocks\/clientes\/tierraviva\/comunicado-sobre-las-movilizaciones-campesinas-e-indigenas\/","url":"https:\/\/vortice.rocks\/clientes\/tierraviva\/comunicado-sobre-las-movilizaciones-campesinas-e-indigenas\/","name":"Comunicado sobre las movilizaciones campesinas e ind\u00edgenas - Tierraviva","isPartOf":{"@id":"https:\/\/vortice.rocks\/clientes\/tierraviva\/#website"},"datePublished":"2022-03-24T00:33:38+00:00","dateModified":"2022-03-24T00:33:38+00:00","author":{"@id":"https:\/\/vortice.rocks\/clientes\/tierraviva\/#\/schema\/person\/0652c5aad419c86cff8f8129d355edd0"},"breadcrumb":{"@id":"https:\/\/vortice.rocks\/clientes\/tierraviva\/comunicado-sobre-las-movilizaciones-campesinas-e-indigenas\/#breadcrumb"},"inLanguage":"es","potentialAction":[{"@type":"ReadAction","target":["https:\/\/vortice.rocks\/clientes\/tierraviva\/comunicado-sobre-las-movilizaciones-campesinas-e-indigenas\/"]}]},{"@type":"BreadcrumbList","@id":"https:\/\/vortice.rocks\/clientes\/tierraviva\/comunicado-sobre-las-movilizaciones-campesinas-e-indigenas\/#breadcrumb","itemListElement":[{"@type":"ListItem","position":1,"name":"Portada","item":"https:\/\/vortice.rocks\/clientes\/tierraviva\/"},{"@type":"ListItem","position":2,"name":"Comunicado sobre las movilizaciones campesinas e ind\u00edgenas"}]},{"@type":"WebSite","@id":"https:\/\/vortice.rocks\/clientes\/tierraviva\/#website","url":"https:\/\/vortice.rocks\/clientes\/tierraviva\/","name":"Tierraviva","description":"","potentialAction":[{"@type":"SearchAction","target":{"@type":"EntryPoint","urlTemplate":"https:\/\/vortice.rocks\/clientes\/tierraviva\/?s={search_term_string}"},"query-input":"required name=search_term_string"}],"inLanguage":"es"},{"@type":"Person","@id":"https:\/\/vortice.rocks\/clientes\/tierraviva\/#\/schema\/person\/0652c5aad419c86cff8f8129d355edd0","name":"Santi Ortiz","image":{"@type":"ImageObject","inLanguage":"es","@id":"https:\/\/vortice.rocks\/clientes\/tierraviva\/#\/schema\/person\/image\/","url":"https:\/\/secure.gravatar.com\/avatar\/78bab899e21d2840245c1646bfc64d01?s=96&d=mm&r=g","contentUrl":"https:\/\/secure.gravatar.com\/avatar\/78bab899e21d2840245c1646bfc64d01?s=96&d=mm&r=g","caption":"Santi Ortiz"},"sameAs":["https:\/\/vortice.rocks\/clientes\/tierraviva"],"url":"https:\/\/vortice.rocks\/clientes\/tierraviva\/author\/santi-ortiz\/"}]}},"_links":{"self":[{"href":"https:\/\/vortice.rocks\/clientes\/tierraviva\/wp-json\/wp\/v2\/posts\/2400"}],"collection":[{"href":"https:\/\/vortice.rocks\/clientes\/tierraviva\/wp-json\/wp\/v2\/posts"}],"about":[{"href":"https:\/\/vortice.rocks\/clientes\/tierraviva\/wp-json\/wp\/v2\/types\/post"}],"author":[{"embeddable":true,"href":"https:\/\/vortice.rocks\/clientes\/tierraviva\/wp-json\/wp\/v2\/users\/5"}],"replies":[{"embeddable":true,"href":"https:\/\/vortice.rocks\/clientes\/tierraviva\/wp-json\/wp\/v2\/comments?post=2400"}],"version-history":[{"count":1,"href":"https:\/\/vortice.rocks\/clientes\/tierraviva\/wp-json\/wp\/v2\/posts\/2400\/revisions"}],"predecessor-version":[{"id":2401,"href":"https:\/\/vortice.rocks\/clientes\/tierraviva\/wp-json\/wp\/v2\/posts\/2400\/revisions\/2401"}],"wp:featuredmedia":[{"embeddable":true,"href":"https:\/\/vortice.rocks\/clientes\/tierraviva\/wp-json\/wp\/v2\/media\/2311"}],"wp:attachment":[{"href":"https:\/\/vortice.rocks\/clientes\/tierraviva\/wp-json\/wp\/v2\/media?parent=2400"}],"wp:term":[{"taxonomy":"category","embeddable":true,"href":"https:\/\/vortice.rocks\/clientes\/tierraviva\/wp-json\/wp\/v2\/categories?post=2400"},{"taxonomy":"post_tag","embeddable":true,"href":"https:\/\/vortice.rocks\/clientes\/tierraviva\/wp-json\/wp\/v2\/tags?post=2400"}],"curies":[{"name":"wp","href":"https:\/\/api.w.org\/{rel}","templated":true}]}}