{"id":2417,"date":"2022-05-06T13:05:41","date_gmt":"2022-05-06T17:05:41","guid":{"rendered":"https:\/\/vortice.rocks\/clientes\/tierraviva\/?p=2417"},"modified":"2022-05-06T13:05:41","modified_gmt":"2022-05-06T17:05:41","slug":"tras-26-anos-la-comunidad-payseyamexyempaa-accede-al-titulo-de-sus-tierras","status":"publish","type":"post","link":"https:\/\/vortice.rocks\/clientes\/tierraviva\/tras-26-anos-la-comunidad-payseyamexyempaa-accede-al-titulo-de-sus-tierras\/","title":{"rendered":"Tras 26 a\u00f1os la Comunidad Payseyamexyempa&#8217;a accede al t\u00edtulo de sus tierras"},"content":{"rendered":"<p>La Comunidad Payseyamexyempa&#8217;a, est\u00e1 compuesta por dos aldeas -Colonia 96 y Buena Vista \u2013 en las que viven aproximadamente 60 familias ind\u00edgenas del Pueblo Enxet, si bien las tierras se encuentran ocupadas por la comunidad desde 1996, reci\u00e9n hoy, tras m\u00e1s de 26 a\u00f1os de lucha se concret\u00f3 la restituci\u00f3n territorial con la inscripci\u00f3n del t\u00edtulo de propiedad a nombre de la comunidad. Este logro podr\u00eda ayudar a mejorar las duras condiciones de vida de la comunidad, que se encuentra en aislamiento por falta de camino de todo tiempo, sin acceso a derechos fundamentales como agua, escuela, puesto de salud, entre otros.<\/p>\n<p>La Abogada Alba Escobar, integrante del \u00c1rea de Casos, Litigios e Incidencia de Tierraviva manifest\u00f3 que, \u201cesto marca un logro hist\u00f3rico para Tierraviva y la comunidad ya que fueron a\u00f1os de gestiones para encaminar los tr\u00e1mites pertinentes para el proceso ante las diversas instituciones p\u00fablicas. En el a\u00f1o 1996, fueron adquiridas las 25 mil hect\u00e1reas para la comunidad ind\u00edgena de referencia, los l\u00edderes que hab\u00edan iniciado la lucha por ese territorio, ya han fallecido, pero el resultado de esa lucha hoy es reflejado con la titulaci\u00f3n ante la Direcci\u00f3n de Registros P\u00fablicos\u201d.<\/p>\n<p>Respecto a lo que representa la titulaci\u00f3n de las tierras la abogada manifest\u00f3 que \u201cmediante la obtenci\u00f3n de la titulaci\u00f3n de sus tierras ancestrales, podr\u00e1n desarrollar y preservar su cultura como tambi\u00e9n garantizar su sustento econ\u00f3mico, en este caso como ejemplo podr\u00edan ser los proyectos de desarrollo comunitario\u201d.<\/p>\n<p>Vale mencionar que durante estos a\u00f1os muchos miembros de la comunidad han abandonado sus tierras a causa de la falta de camino, inundaciones, muertes prevenibles de ni\u00f1as, ni\u00f1os y otros factores que han afectado profundamente a la comunidad. Con esta titulaci\u00f3n la comunidad tiene posibilidad concreta de desarrollar proyectos de gesti\u00f3n territorial, clave para la supervivencia y para el gozo de una vida digna.<\/p>\n<p>La comunidad se encuentra asentada en el kil\u00f3metro 352 de la ruta Pozo Colorado-Concepci\u00f3n y a unos 60 km aproximadamente al norte de la misma Ruta, en el Departamento de Presidente Hayes. La falta de caminos de todo tiempo y de asistencia adecuada por parte del Estado han afectado profundamente a la comunidad dej\u00e1ndola al borde de la desaparici\u00f3n; la titulaci\u00f3n de las tierras representa una oportunidad para que el Estado paraguayo asuma una asistencia integral y planificada que permita revertir esta situaci\u00f3n, apuntando a las garant\u00edas de una vida digna para las familias de esta comunidad.<\/p>\n<p>Estas tierras forman parte de las m\u00e1s de 165.000 hect\u00e1reas que han sido restituidas a los Pueblos Ind\u00edgenas del Chaco mediante las luchas comunitarias y el acompa\u00f1amiento de Tierraviva<\/p>\n","protected":false},"excerpt":{"rendered":"<p>La Comunidad Payseyamexyempa&#8217;a, est\u00e1 compuesta por dos aldeas -Colonia 96 y Buena Vista \u2013 en las que viven aproximadamente 60 familias ind\u00edgenas del Pueblo Enxet, si bien las tierras se encuentran ocupadas por la comunidad desde 1996, reci\u00e9n hoy, tras m\u00e1s de 26 a\u00f1os de lucha se concret\u00f3 la restituci\u00f3n territorial con la inscripci\u00f3n del<a class=\"more-link\" href=\"https:\/\/vortice.rocks\/clientes\/tierraviva\/tras-26-anos-la-comunidad-payseyamexyempaa-accede-al-titulo-de-sus-tierras\/\">Seguir leyendo <span class=\"screen-reader-text\">&#8220;Tras 26 a\u00f1os la Comunidad Payseyamexyempa&#8217;a accede al t\u00edtulo de sus tierras&#8221;<\/span><\/a><\/p>\n","protected":false},"author":5,"featured_media":2418,"comment_status":"open","ping_status":"open","sticky":false,"template":"","format":"standard","meta":{"_exactmetrics_skip_tracking":false,"_exactmetrics_sitenote_active":false,"_exactmetrics_sitenote_note":"","_exactmetrics_sitenote_category":0,"footnotes":""},"categories":[3],"tags":[],"yoast_head":"<!-- This site is optimized with the Yoast SEO plugin v21.7 - https:\/\/yoast.com\/wordpress\/plugins\/seo\/ -->\n<title>Tras 26 a\u00f1os la Comunidad Payseyamexyempa&#039;a accede al t\u00edtulo de sus tierras - Tierraviva<\/title>\n<meta name=\"robots\" content=\"index, follow, max-snippet:-1, max-image-preview:large, max-video-preview:-1\" \/>\n<link rel=\"canonical\" href=\"https:\/\/vortice.rocks\/clientes\/tierraviva\/tras-26-anos-la-comunidad-payseyamexyempaa-accede-al-titulo-de-sus-tierras\/\" \/>\n<meta property=\"og:locale\" content=\"es_ES\" \/>\n<meta property=\"og:type\" content=\"article\" \/>\n<meta property=\"og:title\" content=\"Tras 26 a\u00f1os la Comunidad Payseyamexyempa&#039;a accede al t\u00edtulo de sus tierras - Tierraviva\" \/>\n<meta property=\"og:description\" content=\"La Comunidad Payseyamexyempa&#8217;a, est\u00e1 compuesta por dos aldeas -Colonia 96 y Buena Vista \u2013 en las que viven aproximadamente 60 familias ind\u00edgenas del Pueblo Enxet, si bien las tierras se encuentran ocupadas por la comunidad desde 1996, reci\u00e9n hoy, tras m\u00e1s de 26 a\u00f1os de lucha se concret\u00f3 la restituci\u00f3n territorial con la inscripci\u00f3n delSeguir leyendo &quot;Tras 26 a\u00f1os la Comunidad Payseyamexyempa&#8217;a accede al t\u00edtulo de sus tierras&quot;\" \/>\n<meta property=\"og:url\" content=\"https:\/\/vortice.rocks\/clientes\/tierraviva\/tras-26-anos-la-comunidad-payseyamexyempaa-accede-al-titulo-de-sus-tierras\/\" \/>\n<meta property=\"og:site_name\" content=\"Tierraviva\" \/>\n<meta property=\"article:publisher\" content=\"https:\/\/www.facebook.com\/Tierraviva-a-los-pueblos-indigenas-del-Chaco-217328148281564\/\" \/>\n<meta property=\"article:published_time\" content=\"2022-05-06T17:05:41+00:00\" \/>\n<meta property=\"og:image\" content=\"https:\/\/vortice.rocks\/clientes\/tierraviva\/wp-content\/uploads\/2022\/05\/WhatsApp-Image-2022-05-06-at-1.02.26-PM.jpeg\" \/>\n\t<meta property=\"og:image:width\" content=\"1280\" \/>\n\t<meta property=\"og:image:height\" content=\"853\" \/>\n\t<meta property=\"og:image:type\" content=\"image\/jpeg\" \/>\n<meta name=\"author\" content=\"Santi Ortiz\" \/>\n<meta name=\"twitter:label1\" content=\"Escrito por\" \/>\n\t<meta name=\"twitter:data1\" content=\"Santi Ortiz\" \/>\n\t<meta name=\"twitter:label2\" content=\"Tiempo de lectura\" \/>\n\t<meta name=\"twitter:data2\" content=\"2 minutos\" \/>\n<script type=\"application\/ld+json\" class=\"yoast-schema-graph\">{\"@context\":\"https:\/\/schema.org\",\"@graph\":[{\"@type\":\"WebPage\",\"@id\":\"https:\/\/vortice.rocks\/clientes\/tierraviva\/tras-26-anos-la-comunidad-payseyamexyempaa-accede-al-titulo-de-sus-tierras\/\",\"url\":\"https:\/\/vortice.rocks\/clientes\/tierraviva\/tras-26-anos-la-comunidad-payseyamexyempaa-accede-al-titulo-de-sus-tierras\/\",\"name\":\"Tras 26 a\u00f1os la Comunidad Payseyamexyempa'a accede al t\u00edtulo de sus tierras - Tierraviva\",\"isPartOf\":{\"@id\":\"https:\/\/vortice.rocks\/clientes\/tierraviva\/#website\"},\"datePublished\":\"2022-05-06T17:05:41+00:00\",\"dateModified\":\"2022-05-06T17:05:41+00:00\",\"author\":{\"@id\":\"https:\/\/vortice.rocks\/clientes\/tierraviva\/#\/schema\/person\/0652c5aad419c86cff8f8129d355edd0\"},\"breadcrumb\":{\"@id\":\"https:\/\/vortice.rocks\/clientes\/tierraviva\/tras-26-anos-la-comunidad-payseyamexyempaa-accede-al-titulo-de-sus-tierras\/#breadcrumb\"},\"inLanguage\":\"es\",\"potentialAction\":[{\"@type\":\"ReadAction\",\"target\":[\"https:\/\/vortice.rocks\/clientes\/tierraviva\/tras-26-anos-la-comunidad-payseyamexyempaa-accede-al-titulo-de-sus-tierras\/\"]}]},{\"@type\":\"BreadcrumbList\",\"@id\":\"https:\/\/vortice.rocks\/clientes\/tierraviva\/tras-26-anos-la-comunidad-payseyamexyempaa-accede-al-titulo-de-sus-tierras\/#breadcrumb\",\"itemListElement\":[{\"@type\":\"ListItem\",\"position\":1,\"name\":\"Portada\",\"item\":\"https:\/\/vortice.rocks\/clientes\/tierraviva\/\"},{\"@type\":\"ListItem\",\"position\":2,\"name\":\"Tras 26 a\u00f1os la Comunidad Payseyamexyempa&#8217;a accede al t\u00edtulo de sus tierras\"}]},{\"@type\":\"WebSite\",\"@id\":\"https:\/\/vortice.rocks\/clientes\/tierraviva\/#website\",\"url\":\"https:\/\/vortice.rocks\/clientes\/tierraviva\/\",\"name\":\"Tierraviva\",\"description\":\"\",\"potentialAction\":[{\"@type\":\"SearchAction\",\"target\":{\"@type\":\"EntryPoint\",\"urlTemplate\":\"https:\/\/vortice.rocks\/clientes\/tierraviva\/?s={search_term_string}\"},\"query-input\":\"required name=search_term_string\"}],\"inLanguage\":\"es\"},{\"@type\":\"Person\",\"@id\":\"https:\/\/vortice.rocks\/clientes\/tierraviva\/#\/schema\/person\/0652c5aad419c86cff8f8129d355edd0\",\"name\":\"Santi Ortiz\",\"image\":{\"@type\":\"ImageObject\",\"inLanguage\":\"es\",\"@id\":\"https:\/\/vortice.rocks\/clientes\/tierraviva\/#\/schema\/person\/image\/\",\"url\":\"https:\/\/secure.gravatar.com\/avatar\/78bab899e21d2840245c1646bfc64d01?s=96&d=mm&r=g\",\"contentUrl\":\"https:\/\/secure.gravatar.com\/avatar\/78bab899e21d2840245c1646bfc64d01?s=96&d=mm&r=g\",\"caption\":\"Santi Ortiz\"},\"sameAs\":[\"https:\/\/vortice.rocks\/clientes\/tierraviva\"],\"url\":\"https:\/\/vortice.rocks\/clientes\/tierraviva\/author\/santi-ortiz\/\"}]}<\/script>\n<!-- \/ Yoast SEO plugin. -->","yoast_head_json":{"title":"Tras 26 a\u00f1os la Comunidad Payseyamexyempa'a accede al t\u00edtulo de sus tierras - Tierraviva","robots":{"index":"index","follow":"follow","max-snippet":"max-snippet:-1","max-image-preview":"max-image-preview:large","max-video-preview":"max-video-preview:-1"},"canonical":"https:\/\/vortice.rocks\/clientes\/tierraviva\/tras-26-anos-la-comunidad-payseyamexyempaa-accede-al-titulo-de-sus-tierras\/","og_locale":"es_ES","og_type":"article","og_title":"Tras 26 a\u00f1os la Comunidad Payseyamexyempa'a accede al t\u00edtulo de sus tierras - Tierraviva","og_description":"La Comunidad Payseyamexyempa&#8217;a, est\u00e1 compuesta por dos aldeas -Colonia 96 y Buena Vista \u2013 en las que viven aproximadamente 60 familias ind\u00edgenas del Pueblo Enxet, si bien las tierras se encuentran ocupadas por la comunidad desde 1996, reci\u00e9n hoy, tras m\u00e1s de 26 a\u00f1os de lucha se concret\u00f3 la restituci\u00f3n territorial con la inscripci\u00f3n delSeguir leyendo \"Tras 26 a\u00f1os la Comunidad Payseyamexyempa&#8217;a accede al t\u00edtulo de sus tierras\"","og_url":"https:\/\/vortice.rocks\/clientes\/tierraviva\/tras-26-anos-la-comunidad-payseyamexyempaa-accede-al-titulo-de-sus-tierras\/","og_site_name":"Tierraviva","article_publisher":"https:\/\/www.facebook.com\/Tierraviva-a-los-pueblos-indigenas-del-Chaco-217328148281564\/","article_published_time":"2022-05-06T17:05:41+00:00","og_image":[{"width":1280,"height":853,"url":"https:\/\/vortice.rocks\/clientes\/tierraviva\/wp-content\/uploads\/2022\/05\/WhatsApp-Image-2022-05-06-at-1.02.26-PM.jpeg","type":"image\/jpeg"}],"author":"Santi Ortiz","twitter_misc":{"Escrito por":"Santi Ortiz","Tiempo de lectura":"2 minutos"},"schema":{"@context":"https:\/\/schema.org","@graph":[{"@type":"WebPage","@id":"https:\/\/vortice.rocks\/clientes\/tierraviva\/tras-26-anos-la-comunidad-payseyamexyempaa-accede-al-titulo-de-sus-tierras\/","url":"https:\/\/vortice.rocks\/clientes\/tierraviva\/tras-26-anos-la-comunidad-payseyamexyempaa-accede-al-titulo-de-sus-tierras\/","name":"Tras 26 a\u00f1os la Comunidad Payseyamexyempa'a accede al t\u00edtulo de sus tierras - Tierraviva","isPartOf":{"@id":"https:\/\/vortice.rocks\/clientes\/tierraviva\/#website"},"datePublished":"2022-05-06T17:05:41+00:00","dateModified":"2022-05-06T17:05:41+00:00","author":{"@id":"https:\/\/vortice.rocks\/clientes\/tierraviva\/#\/schema\/person\/0652c5aad419c86cff8f8129d355edd0"},"breadcrumb":{"@id":"https:\/\/vortice.rocks\/clientes\/tierraviva\/tras-26-anos-la-comunidad-payseyamexyempaa-accede-al-titulo-de-sus-tierras\/#breadcrumb"},"inLanguage":"es","potentialAction":[{"@type":"ReadAction","target":["https:\/\/vortice.rocks\/clientes\/tierraviva\/tras-26-anos-la-comunidad-payseyamexyempaa-accede-al-titulo-de-sus-tierras\/"]}]},{"@type":"BreadcrumbList","@id":"https:\/\/vortice.rocks\/clientes\/tierraviva\/tras-26-anos-la-comunidad-payseyamexyempaa-accede-al-titulo-de-sus-tierras\/#breadcrumb","itemListElement":[{"@type":"ListItem","position":1,"name":"Portada","item":"https:\/\/vortice.rocks\/clientes\/tierraviva\/"},{"@type":"ListItem","position":2,"name":"Tras 26 a\u00f1os la Comunidad Payseyamexyempa&#8217;a accede al t\u00edtulo de sus tierras"}]},{"@type":"WebSite","@id":"https:\/\/vortice.rocks\/clientes\/tierraviva\/#website","url":"https:\/\/vortice.rocks\/clientes\/tierraviva\/","name":"Tierraviva","description":"","potentialAction":[{"@type":"SearchAction","target":{"@type":"EntryPoint","urlTemplate":"https:\/\/vortice.rocks\/clientes\/tierraviva\/?s={search_term_string}"},"query-input":"required name=search_term_string"}],"inLanguage":"es"},{"@type":"Person","@id":"https:\/\/vortice.rocks\/clientes\/tierraviva\/#\/schema\/person\/0652c5aad419c86cff8f8129d355edd0","name":"Santi Ortiz","image":{"@type":"ImageObject","inLanguage":"es","@id":"https:\/\/vortice.rocks\/clientes\/tierraviva\/#\/schema\/person\/image\/","url":"https:\/\/secure.gravatar.com\/avatar\/78bab899e21d2840245c1646bfc64d01?s=96&d=mm&r=g","contentUrl":"https:\/\/secure.gravatar.com\/avatar\/78bab899e21d2840245c1646bfc64d01?s=96&d=mm&r=g","caption":"Santi Ortiz"},"sameAs":["https:\/\/vortice.rocks\/clientes\/tierraviva"],"url":"https:\/\/vortice.rocks\/clientes\/tierraviva\/author\/santi-ortiz\/"}]}},"_links":{"self":[{"href":"https:\/\/vortice.rocks\/clientes\/tierraviva\/wp-json\/wp\/v2\/posts\/2417"}],"collection":[{"href":"https:\/\/vortice.rocks\/clientes\/tierraviva\/wp-json\/wp\/v2\/posts"}],"about":[{"href":"https:\/\/vortice.rocks\/clientes\/tierraviva\/wp-json\/wp\/v2\/types\/post"}],"author":[{"embeddable":true,"href":"https:\/\/vortice.rocks\/clientes\/tierraviva\/wp-json\/wp\/v2\/users\/5"}],"replies":[{"embeddable":true,"href":"https:\/\/vortice.rocks\/clientes\/tierraviva\/wp-json\/wp\/v2\/comments?post=2417"}],"version-history":[{"count":1,"href":"https:\/\/vortice.rocks\/clientes\/tierraviva\/wp-json\/wp\/v2\/posts\/2417\/revisions"}],"predecessor-version":[{"id":2419,"href":"https:\/\/vortice.rocks\/clientes\/tierraviva\/wp-json\/wp\/v2\/posts\/2417\/revisions\/2419"}],"wp:featuredmedia":[{"embeddable":true,"href":"https:\/\/vortice.rocks\/clientes\/tierraviva\/wp-json\/wp\/v2\/media\/2418"}],"wp:attachment":[{"href":"https:\/\/vortice.rocks\/clientes\/tierraviva\/wp-json\/wp\/v2\/media?parent=2417"}],"wp:term":[{"taxonomy":"category","embeddable":true,"href":"https:\/\/vortice.rocks\/clientes\/tierraviva\/wp-json\/wp\/v2\/categories?post=2417"},{"taxonomy":"post_tag","embeddable":true,"href":"https:\/\/vortice.rocks\/clientes\/tierraviva\/wp-json\/wp\/v2\/tags?post=2417"}],"curies":[{"name":"wp","href":"https:\/\/api.w.org\/{rel}","templated":true}]}}