{"id":2421,"date":"2022-05-28T18:56:09","date_gmt":"2022-05-28T22:56:09","guid":{"rendered":"https:\/\/vortice.rocks\/clientes\/tierraviva\/?p=2421"},"modified":"2022-05-28T18:56:09","modified_gmt":"2022-05-28T22:56:09","slug":"cerca-de-treinta-organizaciones-indigenas-se-unen-en-la-anivid","status":"publish","type":"post","link":"https:\/\/vortice.rocks\/clientes\/tierraviva\/cerca-de-treinta-organizaciones-indigenas-se-unen-en-la-anivid\/","title":{"rendered":"Cerca de treinta organizaciones ind\u00edgenas se unen en la ANIVID"},"content":{"rendered":"<p>La Articulaci\u00f3n Nacional Ind\u00edgena por una Vida Digna (ANIVID) realiz\u00f3 su Asamblea Constitutiva, dando as\u00ed nacimiento a un nuevo espacio de articulaci\u00f3n que incluye a organizaciones, comunidades, clanes, e individualidades de pueblos ind\u00edgenas que se proponen defender la tierra, el territorio, los derechos y la cultura de los Pueblos Ind\u00edgenas que habitan el territorio paraguayo.<\/p>\n<p>Mar\u00eda Luisa Duarte, mujer ind\u00edgena, del Pueblo Ach\u00e9 e integrante del Clan Kuchingi Mairekoty, fue electa como Coordinadora General de la Articulaci\u00f3n que aglutina a comunidades,organizaciones, clanes e individualidades de Pueblos Ind\u00edgenas del Chaco y la Regi\u00f3n Oriental. La ANIVID viene trabajando desde el 2020, primero reclamando un mejor presupuesto para el Instituto Paraguayo del Ind\u00edgena (INDI), sobre todo para compra de tierras, posteriormente denunciando las violaciones en las comunidades, sumando otras exigencias como la resoluci\u00f3n de tierras para la comunidad Kemha Yat Sepo y la gran movilizaci\u00f3n de octubre del 2021.<\/p>\n<p>\u201cLa articulaci\u00f3n de ANIVID empez\u00f3 a partir de la lucha por el presupuesto para el INDI, en un contexto de mucha debilidad de las organizaciones ind\u00edgenas, logramos articularnos, y a partir de eso empieza la ANIVID&#8221; se\u00f1al\u00f3 Mar\u00eda Luisa Duarte al tiempo de valorar el proceso que vienen llevando adelante los componentes de la nueva organizaci\u00f3n. &#8220;Luego pasamos a ampliar nuestras luchas en defensa de las tierras, del territorio de los Pueblos ind\u00edgenas y en ese proceso de lucha conjunta, que lleva m\u00e1s de 2 a\u00f1os, es que nace est\u00e1 unificaci\u00f3n de la lucha de los pueblos ind\u00edgenas&#8221; indic\u00f3.<\/p>\n<p>Respecto a los desaf\u00edos que asume la ANIVID, Mar\u00eda Luisa coment\u00f3 que continuar\u00e1n defendiendo la tierra y el territorio como una base fundamental para el respeto a los derechos de los Pueblos Ind\u00edgenas. Adem\u00e1s, se\u00f1al\u00f3 que han planteado propuestas de pol\u00edticas p\u00fablicas y medidas urgentes para salvaguardar los derechos de los Pueblos Ind\u00edgenas que fueron presentados a los tres Poderes del Estado, indicando que buscar\u00e1n que estos puntos reclamados sean atendidos por las instituciones responsables.<\/p>\n<p>&#8220;Vamos a planificar nuevamente nuestras luchas para los pr\u00f3ximos meses, a fin de darle m\u00e1s fuerza a algunos reclamos que son m\u00e1s urgentes&#8221; mencion\u00f3 y agreg\u00f3 que con el trabajo articulado de las organizaciones, comunidades y clanes que la componen, la ANIVID hizo muchas cosas en poco tiempo.<\/p>\n<p>Duarte indic\u00f3 que ser\u00e1n desaf\u00edos muy grandes los que deber\u00e1 asumir la ANIVID, ya que la situaci\u00f3n de los Pueblos Ind\u00edgenas es muy delicada actualmente. Al respecto cabe mencionar que seg\u00fan fuentes oficiales el 97% de las personas ind\u00edgenas que habitan en Paraguay tienen alguna Necesidad B\u00e1sica Insatisfecha, cerca del 65% vive en situaci\u00f3n de pobreza y alrededor del 30% de las comunidades tienen dificultades para el acceso a la tierra.<\/p>\n<p>&#8220;Para nosotros y nosotras la reivindicaci\u00f3n de la tierra y el territorio, es una base fundamental para lograr el respeto a nuestros derechos&#8221; indic\u00f3 Mar\u00eda Luisa, al momento de rechazar la criminalizaci\u00f3n de la Lucha por la Tierra que afecta a los Pueblos Ind\u00edgenas y el avasallamiento a sus territorios. La lideresa agreg\u00f3 que seguir\u00e1n luchando tambi\u00e9n por el desarrollo integral de las comunidades, se\u00f1alando que en la mayor\u00eda de las comunidades el acceso a necesidades b\u00e1sicas sigue siendo una deuda por parte del Estado hacia los Pueblos Ind\u00edgenas.<\/p>\n<p>&nbsp;<\/p>\n<p>La nueva organizaci\u00f3n tambi\u00e9n mira al futuro buscando un fortalecimiento de la capacidad de exigibilidad y de participaci\u00f3n pol\u00edtica protag\u00f3nica de los Pueblos Ind\u00edgenas, por ellos, apuntan a &#8220;fortalecer la formaci\u00f3n y capacitaci\u00f3n de los j\u00f3venes, lograr una transferencia de conocimientos, de saberes culturales, para que haya nuevos l\u00edderes y dirigentes eso es fundamental para nuestros Pueblos Ind\u00edgenas y es parte de nuestra agenda&#8221; concluy\u00f3 Mar\u00eda Luisa.<\/p>\n<p>&nbsp;<\/p>\n<p>La ANIVID est\u00e1 compuesta por las siguientes organizaciones: Asociaci\u00f3n de Comunidades Mbya Guarani \u00d1ogueroipave\u2019i, Asociaci\u00f3n Nacional de Mujeres Guarani del Paraguay Ku\u00f1a Guarani Aty- KGA, Mesa de Articulaci\u00f3n Ind\u00edgena del Paraguay &#8211; MAIPy, Articulaci\u00f3n de Mujeres Ind\u00edgenas del Paraguay &#8211; MIPy, Coordinadora de L\u00edderes Ind\u00edgenas del Bajo Chaco- CLIBCH, Coordinaci\u00f3n Intercultural de Pueblos Originarios de Concepci\u00f3n &#8211; CIPOC, Clan Kuchingi Mairekoty, Organizaci\u00f3n Nacional de Abor\u00edgenes Independientes- ONAI, Organizaci\u00f3n Nacional del Pueblo Guaran\u00ed OPG, Organizaci\u00f3n de Comunidades Unidas Nenhlet &#8211; OCUN, Asociaci\u00f3n de Artesanos y Artesanas Nivache y Nivaccle, Organizaci\u00f3n Pa\u00ef Ret\u00e4 Joaju, Red de Veedur\u00eda Social Juvenil Ind\u00edgena, Uni\u00f3n Juvenil Ind\u00edgena del Paraguay &#8211; UJIP, Uni\u00f3n de Comunidades Ind\u00edgenas de la Naci\u00f3n Yshir- UCINY, Asociaci\u00f3n Opy Por\u00e4 , Federaci\u00f3n Regional Ind\u00edgena del Chaco Central &#8211; FRICC, Organizaci\u00f3n No\u2019o \u00d1endua, Aurelio Martinez de la Comunidad Nueva Esperanza del Distrito Obligado &#8211; Itap\u00faa, Comit\u00e9 Bajo Pilcomayo, Organizaci\u00f3n de Mujeres Mismo Ind\u00edgena &#8211; OMMI, Comunidad Pindo\u2019i del Departamento de Caaguaz\u00fa, Organizaci\u00f3n del Pueblo Enhlet Norte OPEN, Organizaci\u00f3n del Pueblo Nivaccle &#8211; OPN, Comunidad Kemha Yat Sepo, Comunidad Paratodo\u2019i \u2014 El Estribo, Comunidad 10 Leguas, Asociaci\u00f3n Angait\u00e9 para el Desarrollo Comunitario &#8211; ASADEC, Asociaci\u00f3n Interdistrital de Promotores de Salud Ind\u00edgena Joaju Pav\u00eb<\/p>\n<p>&nbsp;<\/p>\n","protected":false},"excerpt":{"rendered":"<p>La Articulaci\u00f3n Nacional Ind\u00edgena por una Vida Digna (ANIVID) realiz\u00f3 su Asamblea Constitutiva, dando as\u00ed nacimiento a un nuevo espacio de articulaci\u00f3n que incluye a organizaciones, comunidades, clanes, e individualidades de pueblos ind\u00edgenas que se proponen defender la tierra, el territorio, los derechos y la cultura de los Pueblos Ind\u00edgenas que habitan el territorio paraguayo.<a class=\"more-link\" href=\"https:\/\/vortice.rocks\/clientes\/tierraviva\/cerca-de-treinta-organizaciones-indigenas-se-unen-en-la-anivid\/\">Seguir leyendo <span class=\"screen-reader-text\">&#8220;Cerca de treinta organizaciones ind\u00edgenas se unen en la ANIVID&#8221;<\/span><\/a><\/p>\n","protected":false},"author":5,"featured_media":2422,"comment_status":"open","ping_status":"open","sticky":false,"template":"","format":"standard","meta":{"_exactmetrics_skip_tracking":false,"_exactmetrics_sitenote_active":false,"_exactmetrics_sitenote_note":"","_exactmetrics_sitenote_category":0,"footnotes":""},"categories":[3],"tags":[],"yoast_head":"<!-- This site is optimized with the Yoast SEO plugin v21.7 - https:\/\/yoast.com\/wordpress\/plugins\/seo\/ -->\n<title>Cerca de treinta organizaciones ind\u00edgenas se unen en la ANIVID - Tierraviva<\/title>\n<meta name=\"robots\" content=\"index, follow, max-snippet:-1, max-image-preview:large, max-video-preview:-1\" \/>\n<link rel=\"canonical\" href=\"https:\/\/vortice.rocks\/clientes\/tierraviva\/cerca-de-treinta-organizaciones-indigenas-se-unen-en-la-anivid\/\" \/>\n<meta property=\"og:locale\" content=\"es_ES\" \/>\n<meta property=\"og:type\" content=\"article\" \/>\n<meta property=\"og:title\" content=\"Cerca de treinta organizaciones ind\u00edgenas se unen en la ANIVID - Tierraviva\" \/>\n<meta property=\"og:description\" content=\"La Articulaci\u00f3n Nacional Ind\u00edgena por una Vida Digna (ANIVID) realiz\u00f3 su Asamblea Constitutiva, dando as\u00ed nacimiento a un nuevo espacio de articulaci\u00f3n que incluye a organizaciones, comunidades, clanes, e individualidades de pueblos ind\u00edgenas que se proponen defender la tierra, el territorio, los derechos y la cultura de los Pueblos Ind\u00edgenas que habitan el territorio paraguayo.Seguir leyendo &quot;Cerca de treinta organizaciones ind\u00edgenas se unen en la ANIVID&quot;\" \/>\n<meta property=\"og:url\" content=\"https:\/\/vortice.rocks\/clientes\/tierraviva\/cerca-de-treinta-organizaciones-indigenas-se-unen-en-la-anivid\/\" \/>\n<meta property=\"og:site_name\" content=\"Tierraviva\" \/>\n<meta property=\"article:publisher\" content=\"https:\/\/www.facebook.com\/Tierraviva-a-los-pueblos-indigenas-del-Chaco-217328148281564\/\" \/>\n<meta property=\"article:published_time\" content=\"2022-05-28T22:56:09+00:00\" \/>\n<meta property=\"og:image\" content=\"https:\/\/vortice.rocks\/clientes\/tierraviva\/wp-content\/uploads\/2022\/05\/IMG-20220528-WA0126.jpg\" \/>\n\t<meta property=\"og:image:width\" content=\"1599\" \/>\n\t<meta property=\"og:image:height\" content=\"738\" \/>\n\t<meta property=\"og:image:type\" content=\"image\/jpeg\" \/>\n<meta name=\"author\" content=\"Santi Ortiz\" \/>\n<meta name=\"twitter:label1\" content=\"Escrito por\" \/>\n\t<meta name=\"twitter:data1\" content=\"Santi Ortiz\" \/>\n\t<meta name=\"twitter:label2\" content=\"Tiempo de lectura\" \/>\n\t<meta name=\"twitter:data2\" content=\"4 minutos\" \/>\n<script type=\"application\/ld+json\" class=\"yoast-schema-graph\">{\"@context\":\"https:\/\/schema.org\",\"@graph\":[{\"@type\":\"WebPage\",\"@id\":\"https:\/\/vortice.rocks\/clientes\/tierraviva\/cerca-de-treinta-organizaciones-indigenas-se-unen-en-la-anivid\/\",\"url\":\"https:\/\/vortice.rocks\/clientes\/tierraviva\/cerca-de-treinta-organizaciones-indigenas-se-unen-en-la-anivid\/\",\"name\":\"Cerca de treinta organizaciones ind\u00edgenas se unen en la ANIVID - Tierraviva\",\"isPartOf\":{\"@id\":\"https:\/\/vortice.rocks\/clientes\/tierraviva\/#website\"},\"datePublished\":\"2022-05-28T22:56:09+00:00\",\"dateModified\":\"2022-05-28T22:56:09+00:00\",\"author\":{\"@id\":\"https:\/\/vortice.rocks\/clientes\/tierraviva\/#\/schema\/person\/0652c5aad419c86cff8f8129d355edd0\"},\"breadcrumb\":{\"@id\":\"https:\/\/vortice.rocks\/clientes\/tierraviva\/cerca-de-treinta-organizaciones-indigenas-se-unen-en-la-anivid\/#breadcrumb\"},\"inLanguage\":\"es\",\"potentialAction\":[{\"@type\":\"ReadAction\",\"target\":[\"https:\/\/vortice.rocks\/clientes\/tierraviva\/cerca-de-treinta-organizaciones-indigenas-se-unen-en-la-anivid\/\"]}]},{\"@type\":\"BreadcrumbList\",\"@id\":\"https:\/\/vortice.rocks\/clientes\/tierraviva\/cerca-de-treinta-organizaciones-indigenas-se-unen-en-la-anivid\/#breadcrumb\",\"itemListElement\":[{\"@type\":\"ListItem\",\"position\":1,\"name\":\"Portada\",\"item\":\"https:\/\/vortice.rocks\/clientes\/tierraviva\/\"},{\"@type\":\"ListItem\",\"position\":2,\"name\":\"Cerca de treinta organizaciones ind\u00edgenas se unen en la ANIVID\"}]},{\"@type\":\"WebSite\",\"@id\":\"https:\/\/vortice.rocks\/clientes\/tierraviva\/#website\",\"url\":\"https:\/\/vortice.rocks\/clientes\/tierraviva\/\",\"name\":\"Tierraviva\",\"description\":\"\",\"potentialAction\":[{\"@type\":\"SearchAction\",\"target\":{\"@type\":\"EntryPoint\",\"urlTemplate\":\"https:\/\/vortice.rocks\/clientes\/tierraviva\/?s={search_term_string}\"},\"query-input\":\"required name=search_term_string\"}],\"inLanguage\":\"es\"},{\"@type\":\"Person\",\"@id\":\"https:\/\/vortice.rocks\/clientes\/tierraviva\/#\/schema\/person\/0652c5aad419c86cff8f8129d355edd0\",\"name\":\"Santi Ortiz\",\"image\":{\"@type\":\"ImageObject\",\"inLanguage\":\"es\",\"@id\":\"https:\/\/vortice.rocks\/clientes\/tierraviva\/#\/schema\/person\/image\/\",\"url\":\"https:\/\/secure.gravatar.com\/avatar\/78bab899e21d2840245c1646bfc64d01?s=96&d=mm&r=g\",\"contentUrl\":\"https:\/\/secure.gravatar.com\/avatar\/78bab899e21d2840245c1646bfc64d01?s=96&d=mm&r=g\",\"caption\":\"Santi Ortiz\"},\"sameAs\":[\"https:\/\/vortice.rocks\/clientes\/tierraviva\"],\"url\":\"https:\/\/vortice.rocks\/clientes\/tierraviva\/author\/santi-ortiz\/\"}]}<\/script>\n<!-- \/ Yoast SEO plugin. -->","yoast_head_json":{"title":"Cerca de treinta organizaciones ind\u00edgenas se unen en la ANIVID - Tierraviva","robots":{"index":"index","follow":"follow","max-snippet":"max-snippet:-1","max-image-preview":"max-image-preview:large","max-video-preview":"max-video-preview:-1"},"canonical":"https:\/\/vortice.rocks\/clientes\/tierraviva\/cerca-de-treinta-organizaciones-indigenas-se-unen-en-la-anivid\/","og_locale":"es_ES","og_type":"article","og_title":"Cerca de treinta organizaciones ind\u00edgenas se unen en la ANIVID - Tierraviva","og_description":"La Articulaci\u00f3n Nacional Ind\u00edgena por una Vida Digna (ANIVID) realiz\u00f3 su Asamblea Constitutiva, dando as\u00ed nacimiento a un nuevo espacio de articulaci\u00f3n que incluye a organizaciones, comunidades, clanes, e individualidades de pueblos ind\u00edgenas que se proponen defender la tierra, el territorio, los derechos y la cultura de los Pueblos Ind\u00edgenas que habitan el territorio paraguayo.Seguir leyendo \"Cerca de treinta organizaciones ind\u00edgenas se unen en la ANIVID\"","og_url":"https:\/\/vortice.rocks\/clientes\/tierraviva\/cerca-de-treinta-organizaciones-indigenas-se-unen-en-la-anivid\/","og_site_name":"Tierraviva","article_publisher":"https:\/\/www.facebook.com\/Tierraviva-a-los-pueblos-indigenas-del-Chaco-217328148281564\/","article_published_time":"2022-05-28T22:56:09+00:00","og_image":[{"width":1599,"height":738,"url":"https:\/\/vortice.rocks\/clientes\/tierraviva\/wp-content\/uploads\/2022\/05\/IMG-20220528-WA0126.jpg","type":"image\/jpeg"}],"author":"Santi Ortiz","twitter_misc":{"Escrito por":"Santi Ortiz","Tiempo de lectura":"4 minutos"},"schema":{"@context":"https:\/\/schema.org","@graph":[{"@type":"WebPage","@id":"https:\/\/vortice.rocks\/clientes\/tierraviva\/cerca-de-treinta-organizaciones-indigenas-se-unen-en-la-anivid\/","url":"https:\/\/vortice.rocks\/clientes\/tierraviva\/cerca-de-treinta-organizaciones-indigenas-se-unen-en-la-anivid\/","name":"Cerca de treinta organizaciones ind\u00edgenas se unen en la ANIVID - Tierraviva","isPartOf":{"@id":"https:\/\/vortice.rocks\/clientes\/tierraviva\/#website"},"datePublished":"2022-05-28T22:56:09+00:00","dateModified":"2022-05-28T22:56:09+00:00","author":{"@id":"https:\/\/vortice.rocks\/clientes\/tierraviva\/#\/schema\/person\/0652c5aad419c86cff8f8129d355edd0"},"breadcrumb":{"@id":"https:\/\/vortice.rocks\/clientes\/tierraviva\/cerca-de-treinta-organizaciones-indigenas-se-unen-en-la-anivid\/#breadcrumb"},"inLanguage":"es","potentialAction":[{"@type":"ReadAction","target":["https:\/\/vortice.rocks\/clientes\/tierraviva\/cerca-de-treinta-organizaciones-indigenas-se-unen-en-la-anivid\/"]}]},{"@type":"BreadcrumbList","@id":"https:\/\/vortice.rocks\/clientes\/tierraviva\/cerca-de-treinta-organizaciones-indigenas-se-unen-en-la-anivid\/#breadcrumb","itemListElement":[{"@type":"ListItem","position":1,"name":"Portada","item":"https:\/\/vortice.rocks\/clientes\/tierraviva\/"},{"@type":"ListItem","position":2,"name":"Cerca de treinta organizaciones ind\u00edgenas se unen en la ANIVID"}]},{"@type":"WebSite","@id":"https:\/\/vortice.rocks\/clientes\/tierraviva\/#website","url":"https:\/\/vortice.rocks\/clientes\/tierraviva\/","name":"Tierraviva","description":"","potentialAction":[{"@type":"SearchAction","target":{"@type":"EntryPoint","urlTemplate":"https:\/\/vortice.rocks\/clientes\/tierraviva\/?s={search_term_string}"},"query-input":"required name=search_term_string"}],"inLanguage":"es"},{"@type":"Person","@id":"https:\/\/vortice.rocks\/clientes\/tierraviva\/#\/schema\/person\/0652c5aad419c86cff8f8129d355edd0","name":"Santi Ortiz","image":{"@type":"ImageObject","inLanguage":"es","@id":"https:\/\/vortice.rocks\/clientes\/tierraviva\/#\/schema\/person\/image\/","url":"https:\/\/secure.gravatar.com\/avatar\/78bab899e21d2840245c1646bfc64d01?s=96&d=mm&r=g","contentUrl":"https:\/\/secure.gravatar.com\/avatar\/78bab899e21d2840245c1646bfc64d01?s=96&d=mm&r=g","caption":"Santi Ortiz"},"sameAs":["https:\/\/vortice.rocks\/clientes\/tierraviva"],"url":"https:\/\/vortice.rocks\/clientes\/tierraviva\/author\/santi-ortiz\/"}]}},"_links":{"self":[{"href":"https:\/\/vortice.rocks\/clientes\/tierraviva\/wp-json\/wp\/v2\/posts\/2421"}],"collection":[{"href":"https:\/\/vortice.rocks\/clientes\/tierraviva\/wp-json\/wp\/v2\/posts"}],"about":[{"href":"https:\/\/vortice.rocks\/clientes\/tierraviva\/wp-json\/wp\/v2\/types\/post"}],"author":[{"embeddable":true,"href":"https:\/\/vortice.rocks\/clientes\/tierraviva\/wp-json\/wp\/v2\/users\/5"}],"replies":[{"embeddable":true,"href":"https:\/\/vortice.rocks\/clientes\/tierraviva\/wp-json\/wp\/v2\/comments?post=2421"}],"version-history":[{"count":1,"href":"https:\/\/vortice.rocks\/clientes\/tierraviva\/wp-json\/wp\/v2\/posts\/2421\/revisions"}],"predecessor-version":[{"id":2423,"href":"https:\/\/vortice.rocks\/clientes\/tierraviva\/wp-json\/wp\/v2\/posts\/2421\/revisions\/2423"}],"wp:featuredmedia":[{"embeddable":true,"href":"https:\/\/vortice.rocks\/clientes\/tierraviva\/wp-json\/wp\/v2\/media\/2422"}],"wp:attachment":[{"href":"https:\/\/vortice.rocks\/clientes\/tierraviva\/wp-json\/wp\/v2\/media?parent=2421"}],"wp:term":[{"taxonomy":"category","embeddable":true,"href":"https:\/\/vortice.rocks\/clientes\/tierraviva\/wp-json\/wp\/v2\/categories?post=2421"},{"taxonomy":"post_tag","embeddable":true,"href":"https:\/\/vortice.rocks\/clientes\/tierraviva\/wp-json\/wp\/v2\/tags?post=2421"}],"curies":[{"name":"wp","href":"https:\/\/api.w.org\/{rel}","templated":true}]}}