{"id":2456,"date":"2022-06-17T11:13:52","date_gmt":"2022-06-17T15:13:52","guid":{"rendered":"https:\/\/vortice.rocks\/clientes\/tierraviva\/?p=2456"},"modified":"2022-06-17T11:13:52","modified_gmt":"2022-06-17T15:13:52","slug":"firma-de-convenio-busca-garantizar-acceso-a-la-justicia-de-pueblos-indigenas","status":"publish","type":"post","link":"https:\/\/vortice.rocks\/clientes\/tierraviva\/firma-de-convenio-busca-garantizar-acceso-a-la-justicia-de-pueblos-indigenas\/","title":{"rendered":"Firma de convenio busca garantizar acceso a la justicia de Pueblos Ind\u00edgenas."},"content":{"rendered":"<p>En la ma\u00f1ana de este jueves 16 de junio se realiz\u00f3 el acto de firma de convenio entre el Ministerio de la Defensa P\u00fablica (MdP) y la Organizaci\u00f3n Tierraviva. El entendimiento busca garantizar el derecho de los Pueblos Ind\u00edgenas a acceder a la justicia y apunta a aportar en la capacitaci\u00f3n de Defensores P\u00fablicos respecto al Derecho Ind\u00edgena.<\/p>\n<p>La alianza tiene el objetivo la implementaci\u00f3n de m\u00f3dulos de capacitaci\u00f3n sobre diferentes aspectos del sistema de justicia para pueblos ind\u00edgenas del Paraguay, siendo de mutuo inter\u00e9s la formaci\u00f3n de promotores jur\u00eddicos ind\u00edgenas, miembros de la red de defensores de derechos ambientales, as\u00ed como de defensores p\u00fablicos, con el fin de apoyar la generaci\u00f3n de capacidades de incidencia y conocimientos jur\u00eddicos especializados y, promover el eficiente cumplimiento de las normativas ambientales y de consentimiento y consulta a las comunidades ind\u00edgenas.<\/p>\n<p>La capacitaci\u00f3n de promotores jur\u00eddicos ind\u00edgenas se realiza en el marco de la generaci\u00f3n de capacidades de incidencia y conocimientos jur\u00eddicos propios de los pueblos ind\u00edgenas y concientizar que las entidades de la administraci\u00f3n p\u00fablica, est\u00e1n obligadas a cumplir lo estipulado en las normas de derecho de los pueblos ind\u00edgenas y derecho ambiental. Esta iniciativa cuenta con el apoyo de Tinker Foundation.<\/p>\n<p>El acto se realiz\u00f3 en la sala del Instituto Superior T\u00e9cnico del MDP y el convenio fue firmado por la defensora general Mar\u00eda Lorena Segovia Azucas y Lidia Ruiz Cuevas, coordinadora ejecutiva de Tierraviva.<\/p>\n","protected":false},"excerpt":{"rendered":"<p>En la ma\u00f1ana de este jueves 16 de junio se realiz\u00f3 el acto de firma de convenio entre el Ministerio de la Defensa P\u00fablica (MdP) y la Organizaci\u00f3n Tierraviva. El entendimiento busca garantizar el derecho de los Pueblos Ind\u00edgenas a acceder a la justicia y apunta a aportar en la capacitaci\u00f3n de Defensores P\u00fablicos respecto<a class=\"more-link\" href=\"https:\/\/vortice.rocks\/clientes\/tierraviva\/firma-de-convenio-busca-garantizar-acceso-a-la-justicia-de-pueblos-indigenas\/\">Seguir leyendo <span class=\"screen-reader-text\">&#8220;Firma de convenio busca garantizar acceso a la justicia de Pueblos Ind\u00edgenas.&#8221;<\/span><\/a><\/p>\n","protected":false},"author":5,"featured_media":2457,"comment_status":"open","ping_status":"open","sticky":false,"template":"","format":"standard","meta":{"_exactmetrics_skip_tracking":false,"_exactmetrics_sitenote_active":false,"_exactmetrics_sitenote_note":"","_exactmetrics_sitenote_category":0,"footnotes":""},"categories":[3],"tags":[],"yoast_head":"<!-- This site is optimized with the Yoast SEO plugin v21.7 - https:\/\/yoast.com\/wordpress\/plugins\/seo\/ -->\n<title>Firma de convenio busca garantizar acceso a la justicia de Pueblos Ind\u00edgenas. - Tierraviva<\/title>\n<meta name=\"robots\" content=\"index, follow, max-snippet:-1, max-image-preview:large, max-video-preview:-1\" \/>\n<link rel=\"canonical\" href=\"https:\/\/vortice.rocks\/clientes\/tierraviva\/firma-de-convenio-busca-garantizar-acceso-a-la-justicia-de-pueblos-indigenas\/\" \/>\n<meta property=\"og:locale\" content=\"es_ES\" \/>\n<meta property=\"og:type\" content=\"article\" \/>\n<meta property=\"og:title\" content=\"Firma de convenio busca garantizar acceso a la justicia de Pueblos Ind\u00edgenas. - Tierraviva\" \/>\n<meta property=\"og:description\" content=\"En la ma\u00f1ana de este jueves 16 de junio se realiz\u00f3 el acto de firma de convenio entre el Ministerio de la Defensa P\u00fablica (MdP) y la Organizaci\u00f3n Tierraviva. El entendimiento busca garantizar el derecho de los Pueblos Ind\u00edgenas a acceder a la justicia y apunta a aportar en la capacitaci\u00f3n de Defensores P\u00fablicos respectoSeguir leyendo &quot;Firma de convenio busca garantizar acceso a la justicia de Pueblos Ind\u00edgenas.&quot;\" \/>\n<meta property=\"og:url\" content=\"https:\/\/vortice.rocks\/clientes\/tierraviva\/firma-de-convenio-busca-garantizar-acceso-a-la-justicia-de-pueblos-indigenas\/\" \/>\n<meta property=\"og:site_name\" content=\"Tierraviva\" \/>\n<meta property=\"article:publisher\" content=\"https:\/\/www.facebook.com\/Tierraviva-a-los-pueblos-indigenas-del-Chaco-217328148281564\/\" \/>\n<meta property=\"article:published_time\" content=\"2022-06-17T15:13:52+00:00\" \/>\n<meta property=\"og:image\" content=\"https:\/\/vortice.rocks\/clientes\/tierraviva\/wp-content\/uploads\/2022\/06\/IMG-20220616-WA0073.jpg\" \/>\n\t<meta property=\"og:image:width\" content=\"1280\" \/>\n\t<meta property=\"og:image:height\" content=\"753\" \/>\n\t<meta property=\"og:image:type\" content=\"image\/jpeg\" \/>\n<meta name=\"author\" content=\"Santi Ortiz\" \/>\n<meta name=\"twitter:label1\" content=\"Escrito por\" \/>\n\t<meta name=\"twitter:data1\" content=\"Santi Ortiz\" \/>\n\t<meta name=\"twitter:label2\" content=\"Tiempo de lectura\" \/>\n\t<meta name=\"twitter:data2\" content=\"2 minutos\" \/>\n<script type=\"application\/ld+json\" class=\"yoast-schema-graph\">{\"@context\":\"https:\/\/schema.org\",\"@graph\":[{\"@type\":\"WebPage\",\"@id\":\"https:\/\/vortice.rocks\/clientes\/tierraviva\/firma-de-convenio-busca-garantizar-acceso-a-la-justicia-de-pueblos-indigenas\/\",\"url\":\"https:\/\/vortice.rocks\/clientes\/tierraviva\/firma-de-convenio-busca-garantizar-acceso-a-la-justicia-de-pueblos-indigenas\/\",\"name\":\"Firma de convenio busca garantizar acceso a la justicia de Pueblos Ind\u00edgenas. - Tierraviva\",\"isPartOf\":{\"@id\":\"https:\/\/vortice.rocks\/clientes\/tierraviva\/#website\"},\"datePublished\":\"2022-06-17T15:13:52+00:00\",\"dateModified\":\"2022-06-17T15:13:52+00:00\",\"author\":{\"@id\":\"https:\/\/vortice.rocks\/clientes\/tierraviva\/#\/schema\/person\/0652c5aad419c86cff8f8129d355edd0\"},\"breadcrumb\":{\"@id\":\"https:\/\/vortice.rocks\/clientes\/tierraviva\/firma-de-convenio-busca-garantizar-acceso-a-la-justicia-de-pueblos-indigenas\/#breadcrumb\"},\"inLanguage\":\"es\",\"potentialAction\":[{\"@type\":\"ReadAction\",\"target\":[\"https:\/\/vortice.rocks\/clientes\/tierraviva\/firma-de-convenio-busca-garantizar-acceso-a-la-justicia-de-pueblos-indigenas\/\"]}]},{\"@type\":\"BreadcrumbList\",\"@id\":\"https:\/\/vortice.rocks\/clientes\/tierraviva\/firma-de-convenio-busca-garantizar-acceso-a-la-justicia-de-pueblos-indigenas\/#breadcrumb\",\"itemListElement\":[{\"@type\":\"ListItem\",\"position\":1,\"name\":\"Portada\",\"item\":\"https:\/\/vortice.rocks\/clientes\/tierraviva\/\"},{\"@type\":\"ListItem\",\"position\":2,\"name\":\"Firma de convenio busca garantizar acceso a la justicia de Pueblos Ind\u00edgenas.\"}]},{\"@type\":\"WebSite\",\"@id\":\"https:\/\/vortice.rocks\/clientes\/tierraviva\/#website\",\"url\":\"https:\/\/vortice.rocks\/clientes\/tierraviva\/\",\"name\":\"Tierraviva\",\"description\":\"\",\"potentialAction\":[{\"@type\":\"SearchAction\",\"target\":{\"@type\":\"EntryPoint\",\"urlTemplate\":\"https:\/\/vortice.rocks\/clientes\/tierraviva\/?s={search_term_string}\"},\"query-input\":\"required name=search_term_string\"}],\"inLanguage\":\"es\"},{\"@type\":\"Person\",\"@id\":\"https:\/\/vortice.rocks\/clientes\/tierraviva\/#\/schema\/person\/0652c5aad419c86cff8f8129d355edd0\",\"name\":\"Santi Ortiz\",\"image\":{\"@type\":\"ImageObject\",\"inLanguage\":\"es\",\"@id\":\"https:\/\/vortice.rocks\/clientes\/tierraviva\/#\/schema\/person\/image\/\",\"url\":\"https:\/\/secure.gravatar.com\/avatar\/78bab899e21d2840245c1646bfc64d01?s=96&d=mm&r=g\",\"contentUrl\":\"https:\/\/secure.gravatar.com\/avatar\/78bab899e21d2840245c1646bfc64d01?s=96&d=mm&r=g\",\"caption\":\"Santi Ortiz\"},\"sameAs\":[\"https:\/\/vortice.rocks\/clientes\/tierraviva\"],\"url\":\"https:\/\/vortice.rocks\/clientes\/tierraviva\/author\/santi-ortiz\/\"}]}<\/script>\n<!-- \/ Yoast SEO plugin. -->","yoast_head_json":{"title":"Firma de convenio busca garantizar acceso a la justicia de Pueblos Ind\u00edgenas. - Tierraviva","robots":{"index":"index","follow":"follow","max-snippet":"max-snippet:-1","max-image-preview":"max-image-preview:large","max-video-preview":"max-video-preview:-1"},"canonical":"https:\/\/vortice.rocks\/clientes\/tierraviva\/firma-de-convenio-busca-garantizar-acceso-a-la-justicia-de-pueblos-indigenas\/","og_locale":"es_ES","og_type":"article","og_title":"Firma de convenio busca garantizar acceso a la justicia de Pueblos Ind\u00edgenas. - Tierraviva","og_description":"En la ma\u00f1ana de este jueves 16 de junio se realiz\u00f3 el acto de firma de convenio entre el Ministerio de la Defensa P\u00fablica (MdP) y la Organizaci\u00f3n Tierraviva. El entendimiento busca garantizar el derecho de los Pueblos Ind\u00edgenas a acceder a la justicia y apunta a aportar en la capacitaci\u00f3n de Defensores P\u00fablicos respectoSeguir leyendo \"Firma de convenio busca garantizar acceso a la justicia de Pueblos Ind\u00edgenas.\"","og_url":"https:\/\/vortice.rocks\/clientes\/tierraviva\/firma-de-convenio-busca-garantizar-acceso-a-la-justicia-de-pueblos-indigenas\/","og_site_name":"Tierraviva","article_publisher":"https:\/\/www.facebook.com\/Tierraviva-a-los-pueblos-indigenas-del-Chaco-217328148281564\/","article_published_time":"2022-06-17T15:13:52+00:00","og_image":[{"width":1280,"height":753,"url":"https:\/\/vortice.rocks\/clientes\/tierraviva\/wp-content\/uploads\/2022\/06\/IMG-20220616-WA0073.jpg","type":"image\/jpeg"}],"author":"Santi Ortiz","twitter_misc":{"Escrito por":"Santi Ortiz","Tiempo de lectura":"2 minutos"},"schema":{"@context":"https:\/\/schema.org","@graph":[{"@type":"WebPage","@id":"https:\/\/vortice.rocks\/clientes\/tierraviva\/firma-de-convenio-busca-garantizar-acceso-a-la-justicia-de-pueblos-indigenas\/","url":"https:\/\/vortice.rocks\/clientes\/tierraviva\/firma-de-convenio-busca-garantizar-acceso-a-la-justicia-de-pueblos-indigenas\/","name":"Firma de convenio busca garantizar acceso a la justicia de Pueblos Ind\u00edgenas. - Tierraviva","isPartOf":{"@id":"https:\/\/vortice.rocks\/clientes\/tierraviva\/#website"},"datePublished":"2022-06-17T15:13:52+00:00","dateModified":"2022-06-17T15:13:52+00:00","author":{"@id":"https:\/\/vortice.rocks\/clientes\/tierraviva\/#\/schema\/person\/0652c5aad419c86cff8f8129d355edd0"},"breadcrumb":{"@id":"https:\/\/vortice.rocks\/clientes\/tierraviva\/firma-de-convenio-busca-garantizar-acceso-a-la-justicia-de-pueblos-indigenas\/#breadcrumb"},"inLanguage":"es","potentialAction":[{"@type":"ReadAction","target":["https:\/\/vortice.rocks\/clientes\/tierraviva\/firma-de-convenio-busca-garantizar-acceso-a-la-justicia-de-pueblos-indigenas\/"]}]},{"@type":"BreadcrumbList","@id":"https:\/\/vortice.rocks\/clientes\/tierraviva\/firma-de-convenio-busca-garantizar-acceso-a-la-justicia-de-pueblos-indigenas\/#breadcrumb","itemListElement":[{"@type":"ListItem","position":1,"name":"Portada","item":"https:\/\/vortice.rocks\/clientes\/tierraviva\/"},{"@type":"ListItem","position":2,"name":"Firma de convenio busca garantizar acceso a la justicia de Pueblos Ind\u00edgenas."}]},{"@type":"WebSite","@id":"https:\/\/vortice.rocks\/clientes\/tierraviva\/#website","url":"https:\/\/vortice.rocks\/clientes\/tierraviva\/","name":"Tierraviva","description":"","potentialAction":[{"@type":"SearchAction","target":{"@type":"EntryPoint","urlTemplate":"https:\/\/vortice.rocks\/clientes\/tierraviva\/?s={search_term_string}"},"query-input":"required name=search_term_string"}],"inLanguage":"es"},{"@type":"Person","@id":"https:\/\/vortice.rocks\/clientes\/tierraviva\/#\/schema\/person\/0652c5aad419c86cff8f8129d355edd0","name":"Santi Ortiz","image":{"@type":"ImageObject","inLanguage":"es","@id":"https:\/\/vortice.rocks\/clientes\/tierraviva\/#\/schema\/person\/image\/","url":"https:\/\/secure.gravatar.com\/avatar\/78bab899e21d2840245c1646bfc64d01?s=96&d=mm&r=g","contentUrl":"https:\/\/secure.gravatar.com\/avatar\/78bab899e21d2840245c1646bfc64d01?s=96&d=mm&r=g","caption":"Santi Ortiz"},"sameAs":["https:\/\/vortice.rocks\/clientes\/tierraviva"],"url":"https:\/\/vortice.rocks\/clientes\/tierraviva\/author\/santi-ortiz\/"}]}},"_links":{"self":[{"href":"https:\/\/vortice.rocks\/clientes\/tierraviva\/wp-json\/wp\/v2\/posts\/2456"}],"collection":[{"href":"https:\/\/vortice.rocks\/clientes\/tierraviva\/wp-json\/wp\/v2\/posts"}],"about":[{"href":"https:\/\/vortice.rocks\/clientes\/tierraviva\/wp-json\/wp\/v2\/types\/post"}],"author":[{"embeddable":true,"href":"https:\/\/vortice.rocks\/clientes\/tierraviva\/wp-json\/wp\/v2\/users\/5"}],"replies":[{"embeddable":true,"href":"https:\/\/vortice.rocks\/clientes\/tierraviva\/wp-json\/wp\/v2\/comments?post=2456"}],"version-history":[{"count":1,"href":"https:\/\/vortice.rocks\/clientes\/tierraviva\/wp-json\/wp\/v2\/posts\/2456\/revisions"}],"predecessor-version":[{"id":2458,"href":"https:\/\/vortice.rocks\/clientes\/tierraviva\/wp-json\/wp\/v2\/posts\/2456\/revisions\/2458"}],"wp:featuredmedia":[{"embeddable":true,"href":"https:\/\/vortice.rocks\/clientes\/tierraviva\/wp-json\/wp\/v2\/media\/2457"}],"wp:attachment":[{"href":"https:\/\/vortice.rocks\/clientes\/tierraviva\/wp-json\/wp\/v2\/media?parent=2456"}],"wp:term":[{"taxonomy":"category","embeddable":true,"href":"https:\/\/vortice.rocks\/clientes\/tierraviva\/wp-json\/wp\/v2\/categories?post=2456"},{"taxonomy":"post_tag","embeddable":true,"href":"https:\/\/vortice.rocks\/clientes\/tierraviva\/wp-json\/wp\/v2\/tags?post=2456"}],"curies":[{"name":"wp","href":"https:\/\/api.w.org\/{rel}","templated":true}]}}