{"id":2464,"date":"2022-06-24T14:11:26","date_gmt":"2022-06-24T18:11:26","guid":{"rendered":"https:\/\/vortice.rocks\/clientes\/tierraviva\/?p=2464"},"modified":"2022-06-24T14:11:26","modified_gmt":"2022-06-24T18:11:26","slug":"se-cierra-el-segundo-modulo-de-formacion-para-promotores-juridicos-indigenas","status":"publish","type":"post","link":"https:\/\/vortice.rocks\/clientes\/tierraviva\/se-cierra-el-segundo-modulo-de-formacion-para-promotores-juridicos-indigenas\/","title":{"rendered":"Se cierra el segundo m\u00f3dulo de formaci\u00f3n para Promotores Jur\u00eddicos Ind\u00edgenas"},"content":{"rendered":"<p>El ciclo de formaci\u00f3n de la Promotor\u00eda Jur\u00eddica Ind\u00edgena complet\u00f3 esta semana su segundo m\u00f3dulo, con una importante participaci\u00f3n de representantes comunitarios que asumen el compromiso de atender las necesidades de sus comunidades.<\/p>\n<p>Joaqu\u00edn Fern\u00e1ndez, joven l\u00edder de la Comunidad El Estribo, se\u00f1al\u00f3 que el espacio de formaci\u00f3n es de gran importancia para los j\u00f3venes ind\u00edgenas que asumen el desaf\u00edo de ser promotores jur\u00eddicos en sus comunidades. &#8220;Aprendimos mucho durante este segundo m\u00f3dulo, es muy importante esto para conocer y defender nuestros derechos como Pueblos Ind\u00edgenas&#8221; se\u00f1al\u00f3.<\/p>\n<p>Un total de 35 representantes comunitarios provenientes de los Departamentos de Presidente Hayes y Boquer\u00f3n participaron de este segundo m\u00f3dulo. Se destaca la activa participaci\u00f3n de los j\u00f3venes y particularmente de las mujeres futuras promotoras.<\/p>\n<p>Por su parte Delfina Armoa, de la Comunidad Pykasu, destac\u00f3 la importancia de los temas abordados en este segundo m\u00f3dulo. &#8220;Tuvimos presencia de autoridades del Ministerio de Salud y de Educaci\u00f3n para hablar sobre el derecho a la salud y la educaci\u00f3n de los Pueblos Ind\u00edgenas. Adem\u00e1s de la presencia de una representante de la Corte Suprema de Justicia con qui\u00e9n se abord\u00f3 la tem\u00e1tica territorial y el trabajo de los peritos y facilitadores ind\u00edgenas&#8221; indic\u00f3 la joven.<\/p>\n<p>Herminia Ferreira, otra de las participantes, destac\u00f3 la importancia de la Promotor\u00eda Jur\u00eddica Ind\u00edgena a fin de garantizar derechos en las comunidades, &#8220;es muy importante para fortalecer nuestras comunidades, para poder buscar respuesta en las instituciones&#8221; agreg\u00f3.<\/p>\n<p>Los participantes del ciclo de formaci\u00f3n han sido propuestos por sus comunidades y son principalmente j\u00f3venes que ser\u00e1n capacitados a lo largo de 3 a\u00f1os.<\/p>\n<p>Este curso se desarrolla en el marco del proyecto &#8220;Gobernanza Democr\u00e1tica y la Justicia Ambiental&#8221;, financiado por la Fundaci\u00f3n Tinker y busca instalar capacidades para que las propias comunidades, mediante su Promotor\/a puedan hacer frente a las necesidades que se les presentan, en particular la vinculaci\u00f3n y mediaci\u00f3n con las instituciones estatales que deben responder a los reclamos ind\u00edgenas.<\/p>\n","protected":false},"excerpt":{"rendered":"<p>El ciclo de formaci\u00f3n de la Promotor\u00eda Jur\u00eddica Ind\u00edgena complet\u00f3 esta semana su segundo m\u00f3dulo, con una importante participaci\u00f3n de representantes comunitarios que asumen el compromiso de atender las necesidades de sus comunidades. Joaqu\u00edn Fern\u00e1ndez, joven l\u00edder de la Comunidad El Estribo, se\u00f1al\u00f3 que el espacio de formaci\u00f3n es de gran importancia para los j\u00f3venes<a class=\"more-link\" href=\"https:\/\/vortice.rocks\/clientes\/tierraviva\/se-cierra-el-segundo-modulo-de-formacion-para-promotores-juridicos-indigenas\/\">Seguir leyendo <span class=\"screen-reader-text\">&#8220;Se cierra el segundo m\u00f3dulo de formaci\u00f3n para Promotores Jur\u00eddicos Ind\u00edgenas&#8221;<\/span><\/a><\/p>\n","protected":false},"author":5,"featured_media":2465,"comment_status":"open","ping_status":"open","sticky":false,"template":"","format":"standard","meta":{"_exactmetrics_skip_tracking":false,"_exactmetrics_sitenote_active":false,"_exactmetrics_sitenote_note":"","_exactmetrics_sitenote_category":0,"footnotes":""},"categories":[3],"tags":[71],"yoast_head":"<!-- This site is optimized with the Yoast SEO plugin v21.7 - https:\/\/yoast.com\/wordpress\/plugins\/seo\/ -->\n<title>Se cierra el segundo m\u00f3dulo de formaci\u00f3n para Promotores Jur\u00eddicos Ind\u00edgenas - Tierraviva<\/title>\n<meta name=\"robots\" content=\"index, follow, max-snippet:-1, max-image-preview:large, max-video-preview:-1\" \/>\n<link rel=\"canonical\" href=\"https:\/\/vortice.rocks\/clientes\/tierraviva\/se-cierra-el-segundo-modulo-de-formacion-para-promotores-juridicos-indigenas\/\" \/>\n<meta property=\"og:locale\" content=\"es_ES\" \/>\n<meta property=\"og:type\" content=\"article\" \/>\n<meta property=\"og:title\" content=\"Se cierra el segundo m\u00f3dulo de formaci\u00f3n para Promotores Jur\u00eddicos Ind\u00edgenas - Tierraviva\" \/>\n<meta property=\"og:description\" content=\"El ciclo de formaci\u00f3n de la Promotor\u00eda Jur\u00eddica Ind\u00edgena complet\u00f3 esta semana su segundo m\u00f3dulo, con una importante participaci\u00f3n de representantes comunitarios que asumen el compromiso de atender las necesidades de sus comunidades. Joaqu\u00edn Fern\u00e1ndez, joven l\u00edder de la Comunidad El Estribo, se\u00f1al\u00f3 que el espacio de formaci\u00f3n es de gran importancia para los j\u00f3venesSeguir leyendo &quot;Se cierra el segundo m\u00f3dulo de formaci\u00f3n para Promotores Jur\u00eddicos Ind\u00edgenas&quot;\" \/>\n<meta property=\"og:url\" content=\"https:\/\/vortice.rocks\/clientes\/tierraviva\/se-cierra-el-segundo-modulo-de-formacion-para-promotores-juridicos-indigenas\/\" \/>\n<meta property=\"og:site_name\" content=\"Tierraviva\" \/>\n<meta property=\"article:publisher\" content=\"https:\/\/www.facebook.com\/Tierraviva-a-los-pueblos-indigenas-del-Chaco-217328148281564\/\" \/>\n<meta property=\"article:published_time\" content=\"2022-06-24T18:11:26+00:00\" \/>\n<meta property=\"og:image\" content=\"https:\/\/vortice.rocks\/clientes\/tierraviva\/wp-content\/uploads\/2022\/06\/IMG-20220624-WA00812.jpg\" \/>\n\t<meta property=\"og:image:width\" content=\"1280\" \/>\n\t<meta property=\"og:image:height\" content=\"624\" \/>\n\t<meta property=\"og:image:type\" content=\"image\/jpeg\" \/>\n<meta name=\"author\" content=\"Santi Ortiz\" \/>\n<meta name=\"twitter:label1\" content=\"Escrito por\" \/>\n\t<meta name=\"twitter:data1\" content=\"Santi Ortiz\" \/>\n\t<meta name=\"twitter:label2\" content=\"Tiempo de lectura\" \/>\n\t<meta name=\"twitter:data2\" content=\"2 minutos\" \/>\n<script type=\"application\/ld+json\" class=\"yoast-schema-graph\">{\"@context\":\"https:\/\/schema.org\",\"@graph\":[{\"@type\":\"WebPage\",\"@id\":\"https:\/\/vortice.rocks\/clientes\/tierraviva\/se-cierra-el-segundo-modulo-de-formacion-para-promotores-juridicos-indigenas\/\",\"url\":\"https:\/\/vortice.rocks\/clientes\/tierraviva\/se-cierra-el-segundo-modulo-de-formacion-para-promotores-juridicos-indigenas\/\",\"name\":\"Se cierra el segundo m\u00f3dulo de formaci\u00f3n para Promotores Jur\u00eddicos Ind\u00edgenas - Tierraviva\",\"isPartOf\":{\"@id\":\"https:\/\/vortice.rocks\/clientes\/tierraviva\/#website\"},\"datePublished\":\"2022-06-24T18:11:26+00:00\",\"dateModified\":\"2022-06-24T18:11:26+00:00\",\"author\":{\"@id\":\"https:\/\/vortice.rocks\/clientes\/tierraviva\/#\/schema\/person\/0652c5aad419c86cff8f8129d355edd0\"},\"breadcrumb\":{\"@id\":\"https:\/\/vortice.rocks\/clientes\/tierraviva\/se-cierra-el-segundo-modulo-de-formacion-para-promotores-juridicos-indigenas\/#breadcrumb\"},\"inLanguage\":\"es\",\"potentialAction\":[{\"@type\":\"ReadAction\",\"target\":[\"https:\/\/vortice.rocks\/clientes\/tierraviva\/se-cierra-el-segundo-modulo-de-formacion-para-promotores-juridicos-indigenas\/\"]}]},{\"@type\":\"BreadcrumbList\",\"@id\":\"https:\/\/vortice.rocks\/clientes\/tierraviva\/se-cierra-el-segundo-modulo-de-formacion-para-promotores-juridicos-indigenas\/#breadcrumb\",\"itemListElement\":[{\"@type\":\"ListItem\",\"position\":1,\"name\":\"Portada\",\"item\":\"https:\/\/vortice.rocks\/clientes\/tierraviva\/\"},{\"@type\":\"ListItem\",\"position\":2,\"name\":\"Se cierra el segundo m\u00f3dulo de formaci\u00f3n para Promotores Jur\u00eddicos Ind\u00edgenas\"}]},{\"@type\":\"WebSite\",\"@id\":\"https:\/\/vortice.rocks\/clientes\/tierraviva\/#website\",\"url\":\"https:\/\/vortice.rocks\/clientes\/tierraviva\/\",\"name\":\"Tierraviva\",\"description\":\"\",\"potentialAction\":[{\"@type\":\"SearchAction\",\"target\":{\"@type\":\"EntryPoint\",\"urlTemplate\":\"https:\/\/vortice.rocks\/clientes\/tierraviva\/?s={search_term_string}\"},\"query-input\":\"required name=search_term_string\"}],\"inLanguage\":\"es\"},{\"@type\":\"Person\",\"@id\":\"https:\/\/vortice.rocks\/clientes\/tierraviva\/#\/schema\/person\/0652c5aad419c86cff8f8129d355edd0\",\"name\":\"Santi Ortiz\",\"image\":{\"@type\":\"ImageObject\",\"inLanguage\":\"es\",\"@id\":\"https:\/\/vortice.rocks\/clientes\/tierraviva\/#\/schema\/person\/image\/\",\"url\":\"https:\/\/secure.gravatar.com\/avatar\/78bab899e21d2840245c1646bfc64d01?s=96&d=mm&r=g\",\"contentUrl\":\"https:\/\/secure.gravatar.com\/avatar\/78bab899e21d2840245c1646bfc64d01?s=96&d=mm&r=g\",\"caption\":\"Santi Ortiz\"},\"sameAs\":[\"https:\/\/vortice.rocks\/clientes\/tierraviva\"],\"url\":\"https:\/\/vortice.rocks\/clientes\/tierraviva\/author\/santi-ortiz\/\"}]}<\/script>\n<!-- \/ Yoast SEO plugin. -->","yoast_head_json":{"title":"Se cierra el segundo m\u00f3dulo de formaci\u00f3n para Promotores Jur\u00eddicos Ind\u00edgenas - Tierraviva","robots":{"index":"index","follow":"follow","max-snippet":"max-snippet:-1","max-image-preview":"max-image-preview:large","max-video-preview":"max-video-preview:-1"},"canonical":"https:\/\/vortice.rocks\/clientes\/tierraviva\/se-cierra-el-segundo-modulo-de-formacion-para-promotores-juridicos-indigenas\/","og_locale":"es_ES","og_type":"article","og_title":"Se cierra el segundo m\u00f3dulo de formaci\u00f3n para Promotores Jur\u00eddicos Ind\u00edgenas - Tierraviva","og_description":"El ciclo de formaci\u00f3n de la Promotor\u00eda Jur\u00eddica Ind\u00edgena complet\u00f3 esta semana su segundo m\u00f3dulo, con una importante participaci\u00f3n de representantes comunitarios que asumen el compromiso de atender las necesidades de sus comunidades. Joaqu\u00edn Fern\u00e1ndez, joven l\u00edder de la Comunidad El Estribo, se\u00f1al\u00f3 que el espacio de formaci\u00f3n es de gran importancia para los j\u00f3venesSeguir leyendo \"Se cierra el segundo m\u00f3dulo de formaci\u00f3n para Promotores Jur\u00eddicos Ind\u00edgenas\"","og_url":"https:\/\/vortice.rocks\/clientes\/tierraviva\/se-cierra-el-segundo-modulo-de-formacion-para-promotores-juridicos-indigenas\/","og_site_name":"Tierraviva","article_publisher":"https:\/\/www.facebook.com\/Tierraviva-a-los-pueblos-indigenas-del-Chaco-217328148281564\/","article_published_time":"2022-06-24T18:11:26+00:00","og_image":[{"width":1280,"height":624,"url":"https:\/\/vortice.rocks\/clientes\/tierraviva\/wp-content\/uploads\/2022\/06\/IMG-20220624-WA00812.jpg","type":"image\/jpeg"}],"author":"Santi Ortiz","twitter_misc":{"Escrito por":"Santi Ortiz","Tiempo de lectura":"2 minutos"},"schema":{"@context":"https:\/\/schema.org","@graph":[{"@type":"WebPage","@id":"https:\/\/vortice.rocks\/clientes\/tierraviva\/se-cierra-el-segundo-modulo-de-formacion-para-promotores-juridicos-indigenas\/","url":"https:\/\/vortice.rocks\/clientes\/tierraviva\/se-cierra-el-segundo-modulo-de-formacion-para-promotores-juridicos-indigenas\/","name":"Se cierra el segundo m\u00f3dulo de formaci\u00f3n para Promotores Jur\u00eddicos Ind\u00edgenas - Tierraviva","isPartOf":{"@id":"https:\/\/vortice.rocks\/clientes\/tierraviva\/#website"},"datePublished":"2022-06-24T18:11:26+00:00","dateModified":"2022-06-24T18:11:26+00:00","author":{"@id":"https:\/\/vortice.rocks\/clientes\/tierraviva\/#\/schema\/person\/0652c5aad419c86cff8f8129d355edd0"},"breadcrumb":{"@id":"https:\/\/vortice.rocks\/clientes\/tierraviva\/se-cierra-el-segundo-modulo-de-formacion-para-promotores-juridicos-indigenas\/#breadcrumb"},"inLanguage":"es","potentialAction":[{"@type":"ReadAction","target":["https:\/\/vortice.rocks\/clientes\/tierraviva\/se-cierra-el-segundo-modulo-de-formacion-para-promotores-juridicos-indigenas\/"]}]},{"@type":"BreadcrumbList","@id":"https:\/\/vortice.rocks\/clientes\/tierraviva\/se-cierra-el-segundo-modulo-de-formacion-para-promotores-juridicos-indigenas\/#breadcrumb","itemListElement":[{"@type":"ListItem","position":1,"name":"Portada","item":"https:\/\/vortice.rocks\/clientes\/tierraviva\/"},{"@type":"ListItem","position":2,"name":"Se cierra el segundo m\u00f3dulo de formaci\u00f3n para Promotores Jur\u00eddicos Ind\u00edgenas"}]},{"@type":"WebSite","@id":"https:\/\/vortice.rocks\/clientes\/tierraviva\/#website","url":"https:\/\/vortice.rocks\/clientes\/tierraviva\/","name":"Tierraviva","description":"","potentialAction":[{"@type":"SearchAction","target":{"@type":"EntryPoint","urlTemplate":"https:\/\/vortice.rocks\/clientes\/tierraviva\/?s={search_term_string}"},"query-input":"required name=search_term_string"}],"inLanguage":"es"},{"@type":"Person","@id":"https:\/\/vortice.rocks\/clientes\/tierraviva\/#\/schema\/person\/0652c5aad419c86cff8f8129d355edd0","name":"Santi Ortiz","image":{"@type":"ImageObject","inLanguage":"es","@id":"https:\/\/vortice.rocks\/clientes\/tierraviva\/#\/schema\/person\/image\/","url":"https:\/\/secure.gravatar.com\/avatar\/78bab899e21d2840245c1646bfc64d01?s=96&d=mm&r=g","contentUrl":"https:\/\/secure.gravatar.com\/avatar\/78bab899e21d2840245c1646bfc64d01?s=96&d=mm&r=g","caption":"Santi Ortiz"},"sameAs":["https:\/\/vortice.rocks\/clientes\/tierraviva"],"url":"https:\/\/vortice.rocks\/clientes\/tierraviva\/author\/santi-ortiz\/"}]}},"_links":{"self":[{"href":"https:\/\/vortice.rocks\/clientes\/tierraviva\/wp-json\/wp\/v2\/posts\/2464"}],"collection":[{"href":"https:\/\/vortice.rocks\/clientes\/tierraviva\/wp-json\/wp\/v2\/posts"}],"about":[{"href":"https:\/\/vortice.rocks\/clientes\/tierraviva\/wp-json\/wp\/v2\/types\/post"}],"author":[{"embeddable":true,"href":"https:\/\/vortice.rocks\/clientes\/tierraviva\/wp-json\/wp\/v2\/users\/5"}],"replies":[{"embeddable":true,"href":"https:\/\/vortice.rocks\/clientes\/tierraviva\/wp-json\/wp\/v2\/comments?post=2464"}],"version-history":[{"count":1,"href":"https:\/\/vortice.rocks\/clientes\/tierraviva\/wp-json\/wp\/v2\/posts\/2464\/revisions"}],"predecessor-version":[{"id":2466,"href":"https:\/\/vortice.rocks\/clientes\/tierraviva\/wp-json\/wp\/v2\/posts\/2464\/revisions\/2466"}],"wp:featuredmedia":[{"embeddable":true,"href":"https:\/\/vortice.rocks\/clientes\/tierraviva\/wp-json\/wp\/v2\/media\/2465"}],"wp:attachment":[{"href":"https:\/\/vortice.rocks\/clientes\/tierraviva\/wp-json\/wp\/v2\/media?parent=2464"}],"wp:term":[{"taxonomy":"category","embeddable":true,"href":"https:\/\/vortice.rocks\/clientes\/tierraviva\/wp-json\/wp\/v2\/categories?post=2464"},{"taxonomy":"post_tag","embeddable":true,"href":"https:\/\/vortice.rocks\/clientes\/tierraviva\/wp-json\/wp\/v2\/tags?post=2464"}],"curies":[{"name":"wp","href":"https:\/\/api.w.org\/{rel}","templated":true}]}}