{"id":2474,"date":"2022-07-28T13:30:32","date_gmt":"2022-07-28T17:30:32","guid":{"rendered":"https:\/\/vortice.rocks\/clientes\/tierraviva\/?p=2474"},"modified":"2022-07-28T13:30:32","modified_gmt":"2022-07-28T17:30:32","slug":"jornada-de-capacitacion-electoral-indigena","status":"publish","type":"post","link":"https:\/\/vortice.rocks\/clientes\/tierraviva\/jornada-de-capacitacion-electoral-indigena\/","title":{"rendered":"Jornada de capacitaci\u00f3n electoral ind\u00edgena"},"content":{"rendered":"<p>Desde el pasado martes y hasta la fecha se realiz\u00f3 el primer Taller para Facilitadores Electorales Ind\u00edgenas que busca brindar herramientas a las personas ind\u00edgenas para el cumplimiento de disposiciones electorales que regir\u00e1n las elecciones generales del 2023.<\/p>\n<p>La iniciativa se enmarca dentro de un convenio firmado entre Tierraviva, el Tribunal Superior de Justicia Electoral (TSJE) y el Instituto Paraguayo del Ind\u00edgena (INDI) que apunta al fortalecimiento de capacidades de la poblaci\u00f3n ind\u00edgena accediendo al voto de una manera segura y con el conocimiento del sistema eleccionario, garantizando una participaci\u00f3n real de las personas ind\u00edgenas en los procesos electorales.<\/p>\n<p>Durante el espacio se analizan disposiciones electorales como la ley 6.318 de Desbloqueo para los cargos plurinominales, al igual que se brinda capacitaci\u00f3n para el manejo de las maquinas de votaci\u00f3n. Adem\u00e1s, se abordan tem\u00e1ticas relacionadas a la participaci\u00f3n pol\u00edtica, el rol de los facilitadores, los delitos electorales y la mesa del voto accesible.<\/p>\n<p>Del evento participan m\u00e1s de 60 j\u00f3venes de diferentes pueblos y comunidades ind\u00edgenas de la Regi\u00f3n Oriental y Occidental. Adriana Ag\u00fcero, integrante de la Organizaci\u00f3n Tierraviva, se\u00f1al\u00f3 que la actividad se constituye en un desaf\u00edo que se enmarca dentro de los objetivos de la instituci\u00f3n que busca garantizar la participaci\u00f3n protag\u00f3nica de los Pueblos Ind\u00edgenas.<\/p>\n<p>&#8220;Con estas actividades se pretenden facilitar todo el conocimiento de la nueva ley que se est\u00e1 aplicando en las elecciones para los cargos plurinominales al igual que el uso y manejo de la m\u00e1quina de votaci\u00f3n&#8221; indic\u00f3 por su parte Joel C\u00e9spedes, director adjunto de la Direcci\u00f3n de Capacitaci\u00f3n, del Tribunal Superior de Justicia Electoral.<\/p>\n<p>En tanto Ana Romero, joven del pueblo Guaran\u00ed Occidental, valor\u00f3 la capacitaci\u00f3n electoral considerando los cambios pol\u00edticos a sucederse en el pa\u00eds de cara a las pr\u00f3ximas elecciones, recalcando que para los ind\u00edgenas es fundamental e importante su acceso a la participaci\u00f3n pol\u00edtica democr\u00e1tica. Se\u00f1al\u00f3 que ser\u00eda importante replicar estas capacitaciones en las propias comunidades para que el elector ind\u00edgena se familiarice y sepa manejar la m\u00e1quina de votaci\u00f3n para el d\u00eda de las elecciones.<\/p>\n<p>Agustina Galeano, del Pueblo Av\u00e1 Guaran\u00ed, de la comunidad Takua Poty, distrito de Yvy Pyt\u00e4 del Departamento de Canindey\u00fa, tambi\u00e9n signific\u00f3 la necesidad en que los facilitadores electorales capacitados en adelante sigan en sus mismas comunidades con la capacitaci\u00f3n pues la mayor\u00eda de los ind\u00edgenas no saben y desconocen el uso de la m\u00e1quina de votaci\u00f3n.<\/p>\n<p>El Proyecto de capacitaci\u00f3n electoral ind\u00edgena es financiado por la Uni\u00f3n Europea (UE) y la Agencia Sueca de Cooperaci\u00f3n Diakonia (Diakonia), ejecutado por Tierraviva en di\u00e1logo con instituciones p\u00fablicas, como el Instituto Paraguayo del Ind\u00edgena y el Tribunal Superior de Justicia Electoral.<\/p>\n","protected":false},"excerpt":{"rendered":"<p>Desde el pasado martes y hasta la fecha se realiz\u00f3 el primer Taller para Facilitadores Electorales Ind\u00edgenas que busca brindar herramientas a las personas ind\u00edgenas para el cumplimiento de disposiciones electorales que regir\u00e1n las elecciones generales del 2023. La iniciativa se enmarca dentro de un convenio firmado entre Tierraviva, el Tribunal Superior de Justicia Electoral<a class=\"more-link\" href=\"https:\/\/vortice.rocks\/clientes\/tierraviva\/jornada-de-capacitacion-electoral-indigena\/\">Seguir leyendo <span class=\"screen-reader-text\">&#8220;Jornada de capacitaci\u00f3n electoral ind\u00edgena&#8221;<\/span><\/a><\/p>\n","protected":false},"author":5,"featured_media":2475,"comment_status":"open","ping_status":"open","sticky":false,"template":"","format":"standard","meta":{"_exactmetrics_skip_tracking":false,"_exactmetrics_sitenote_active":false,"_exactmetrics_sitenote_note":"","_exactmetrics_sitenote_category":0,"footnotes":""},"categories":[3],"tags":[72],"yoast_head":"<!-- This site is optimized with the Yoast SEO plugin v21.7 - https:\/\/yoast.com\/wordpress\/plugins\/seo\/ -->\n<title>Jornada de capacitaci\u00f3n electoral ind\u00edgena - Tierraviva<\/title>\n<meta name=\"robots\" content=\"index, follow, max-snippet:-1, max-image-preview:large, max-video-preview:-1\" \/>\n<link rel=\"canonical\" href=\"https:\/\/vortice.rocks\/clientes\/tierraviva\/jornada-de-capacitacion-electoral-indigena\/\" \/>\n<meta property=\"og:locale\" content=\"es_ES\" \/>\n<meta property=\"og:type\" content=\"article\" \/>\n<meta property=\"og:title\" content=\"Jornada de capacitaci\u00f3n electoral ind\u00edgena - Tierraviva\" \/>\n<meta property=\"og:description\" content=\"Desde el pasado martes y hasta la fecha se realiz\u00f3 el primer Taller para Facilitadores Electorales Ind\u00edgenas que busca brindar herramientas a las personas ind\u00edgenas para el cumplimiento de disposiciones electorales que regir\u00e1n las elecciones generales del 2023. La iniciativa se enmarca dentro de un convenio firmado entre Tierraviva, el Tribunal Superior de Justicia ElectoralSeguir leyendo &quot;Jornada de capacitaci\u00f3n electoral ind\u00edgena&quot;\" \/>\n<meta property=\"og:url\" content=\"https:\/\/vortice.rocks\/clientes\/tierraviva\/jornada-de-capacitacion-electoral-indigena\/\" \/>\n<meta property=\"og:site_name\" content=\"Tierraviva\" \/>\n<meta property=\"article:publisher\" content=\"https:\/\/www.facebook.com\/Tierraviva-a-los-pueblos-indigenas-del-Chaco-217328148281564\/\" \/>\n<meta property=\"article:published_time\" content=\"2022-07-28T17:30:32+00:00\" \/>\n<meta property=\"og:image\" content=\"https:\/\/vortice.rocks\/clientes\/tierraviva\/wp-content\/uploads\/2022\/07\/WhatsApp-Image-2022-07-28-at-12.05.47-PM.jpeg\" \/>\n\t<meta property=\"og:image:width\" content=\"1600\" \/>\n\t<meta property=\"og:image:height\" content=\"721\" \/>\n\t<meta property=\"og:image:type\" content=\"image\/jpeg\" \/>\n<meta name=\"author\" content=\"Santi Ortiz\" \/>\n<meta name=\"twitter:label1\" content=\"Escrito por\" \/>\n\t<meta name=\"twitter:data1\" content=\"Santi Ortiz\" \/>\n\t<meta name=\"twitter:label2\" content=\"Tiempo de lectura\" \/>\n\t<meta name=\"twitter:data2\" content=\"2 minutos\" \/>\n<script type=\"application\/ld+json\" class=\"yoast-schema-graph\">{\"@context\":\"https:\/\/schema.org\",\"@graph\":[{\"@type\":\"WebPage\",\"@id\":\"https:\/\/vortice.rocks\/clientes\/tierraviva\/jornada-de-capacitacion-electoral-indigena\/\",\"url\":\"https:\/\/vortice.rocks\/clientes\/tierraviva\/jornada-de-capacitacion-electoral-indigena\/\",\"name\":\"Jornada de capacitaci\u00f3n electoral ind\u00edgena - Tierraviva\",\"isPartOf\":{\"@id\":\"https:\/\/vortice.rocks\/clientes\/tierraviva\/#website\"},\"datePublished\":\"2022-07-28T17:30:32+00:00\",\"dateModified\":\"2022-07-28T17:30:32+00:00\",\"author\":{\"@id\":\"https:\/\/vortice.rocks\/clientes\/tierraviva\/#\/schema\/person\/0652c5aad419c86cff8f8129d355edd0\"},\"breadcrumb\":{\"@id\":\"https:\/\/vortice.rocks\/clientes\/tierraviva\/jornada-de-capacitacion-electoral-indigena\/#breadcrumb\"},\"inLanguage\":\"es\",\"potentialAction\":[{\"@type\":\"ReadAction\",\"target\":[\"https:\/\/vortice.rocks\/clientes\/tierraviva\/jornada-de-capacitacion-electoral-indigena\/\"]}]},{\"@type\":\"BreadcrumbList\",\"@id\":\"https:\/\/vortice.rocks\/clientes\/tierraviva\/jornada-de-capacitacion-electoral-indigena\/#breadcrumb\",\"itemListElement\":[{\"@type\":\"ListItem\",\"position\":1,\"name\":\"Portada\",\"item\":\"https:\/\/vortice.rocks\/clientes\/tierraviva\/\"},{\"@type\":\"ListItem\",\"position\":2,\"name\":\"Jornada de capacitaci\u00f3n electoral ind\u00edgena\"}]},{\"@type\":\"WebSite\",\"@id\":\"https:\/\/vortice.rocks\/clientes\/tierraviva\/#website\",\"url\":\"https:\/\/vortice.rocks\/clientes\/tierraviva\/\",\"name\":\"Tierraviva\",\"description\":\"\",\"potentialAction\":[{\"@type\":\"SearchAction\",\"target\":{\"@type\":\"EntryPoint\",\"urlTemplate\":\"https:\/\/vortice.rocks\/clientes\/tierraviva\/?s={search_term_string}\"},\"query-input\":\"required name=search_term_string\"}],\"inLanguage\":\"es\"},{\"@type\":\"Person\",\"@id\":\"https:\/\/vortice.rocks\/clientes\/tierraviva\/#\/schema\/person\/0652c5aad419c86cff8f8129d355edd0\",\"name\":\"Santi Ortiz\",\"image\":{\"@type\":\"ImageObject\",\"inLanguage\":\"es\",\"@id\":\"https:\/\/vortice.rocks\/clientes\/tierraviva\/#\/schema\/person\/image\/\",\"url\":\"https:\/\/secure.gravatar.com\/avatar\/78bab899e21d2840245c1646bfc64d01?s=96&d=mm&r=g\",\"contentUrl\":\"https:\/\/secure.gravatar.com\/avatar\/78bab899e21d2840245c1646bfc64d01?s=96&d=mm&r=g\",\"caption\":\"Santi Ortiz\"},\"sameAs\":[\"https:\/\/vortice.rocks\/clientes\/tierraviva\"],\"url\":\"https:\/\/vortice.rocks\/clientes\/tierraviva\/author\/santi-ortiz\/\"}]}<\/script>\n<!-- \/ Yoast SEO plugin. -->","yoast_head_json":{"title":"Jornada de capacitaci\u00f3n electoral ind\u00edgena - Tierraviva","robots":{"index":"index","follow":"follow","max-snippet":"max-snippet:-1","max-image-preview":"max-image-preview:large","max-video-preview":"max-video-preview:-1"},"canonical":"https:\/\/vortice.rocks\/clientes\/tierraviva\/jornada-de-capacitacion-electoral-indigena\/","og_locale":"es_ES","og_type":"article","og_title":"Jornada de capacitaci\u00f3n electoral ind\u00edgena - Tierraviva","og_description":"Desde el pasado martes y hasta la fecha se realiz\u00f3 el primer Taller para Facilitadores Electorales Ind\u00edgenas que busca brindar herramientas a las personas ind\u00edgenas para el cumplimiento de disposiciones electorales que regir\u00e1n las elecciones generales del 2023. La iniciativa se enmarca dentro de un convenio firmado entre Tierraviva, el Tribunal Superior de Justicia ElectoralSeguir leyendo \"Jornada de capacitaci\u00f3n electoral ind\u00edgena\"","og_url":"https:\/\/vortice.rocks\/clientes\/tierraviva\/jornada-de-capacitacion-electoral-indigena\/","og_site_name":"Tierraviva","article_publisher":"https:\/\/www.facebook.com\/Tierraviva-a-los-pueblos-indigenas-del-Chaco-217328148281564\/","article_published_time":"2022-07-28T17:30:32+00:00","og_image":[{"width":1600,"height":721,"url":"https:\/\/vortice.rocks\/clientes\/tierraviva\/wp-content\/uploads\/2022\/07\/WhatsApp-Image-2022-07-28-at-12.05.47-PM.jpeg","type":"image\/jpeg"}],"author":"Santi Ortiz","twitter_misc":{"Escrito por":"Santi Ortiz","Tiempo de lectura":"2 minutos"},"schema":{"@context":"https:\/\/schema.org","@graph":[{"@type":"WebPage","@id":"https:\/\/vortice.rocks\/clientes\/tierraviva\/jornada-de-capacitacion-electoral-indigena\/","url":"https:\/\/vortice.rocks\/clientes\/tierraviva\/jornada-de-capacitacion-electoral-indigena\/","name":"Jornada de capacitaci\u00f3n electoral ind\u00edgena - Tierraviva","isPartOf":{"@id":"https:\/\/vortice.rocks\/clientes\/tierraviva\/#website"},"datePublished":"2022-07-28T17:30:32+00:00","dateModified":"2022-07-28T17:30:32+00:00","author":{"@id":"https:\/\/vortice.rocks\/clientes\/tierraviva\/#\/schema\/person\/0652c5aad419c86cff8f8129d355edd0"},"breadcrumb":{"@id":"https:\/\/vortice.rocks\/clientes\/tierraviva\/jornada-de-capacitacion-electoral-indigena\/#breadcrumb"},"inLanguage":"es","potentialAction":[{"@type":"ReadAction","target":["https:\/\/vortice.rocks\/clientes\/tierraviva\/jornada-de-capacitacion-electoral-indigena\/"]}]},{"@type":"BreadcrumbList","@id":"https:\/\/vortice.rocks\/clientes\/tierraviva\/jornada-de-capacitacion-electoral-indigena\/#breadcrumb","itemListElement":[{"@type":"ListItem","position":1,"name":"Portada","item":"https:\/\/vortice.rocks\/clientes\/tierraviva\/"},{"@type":"ListItem","position":2,"name":"Jornada de capacitaci\u00f3n electoral ind\u00edgena"}]},{"@type":"WebSite","@id":"https:\/\/vortice.rocks\/clientes\/tierraviva\/#website","url":"https:\/\/vortice.rocks\/clientes\/tierraviva\/","name":"Tierraviva","description":"","potentialAction":[{"@type":"SearchAction","target":{"@type":"EntryPoint","urlTemplate":"https:\/\/vortice.rocks\/clientes\/tierraviva\/?s={search_term_string}"},"query-input":"required name=search_term_string"}],"inLanguage":"es"},{"@type":"Person","@id":"https:\/\/vortice.rocks\/clientes\/tierraviva\/#\/schema\/person\/0652c5aad419c86cff8f8129d355edd0","name":"Santi Ortiz","image":{"@type":"ImageObject","inLanguage":"es","@id":"https:\/\/vortice.rocks\/clientes\/tierraviva\/#\/schema\/person\/image\/","url":"https:\/\/secure.gravatar.com\/avatar\/78bab899e21d2840245c1646bfc64d01?s=96&d=mm&r=g","contentUrl":"https:\/\/secure.gravatar.com\/avatar\/78bab899e21d2840245c1646bfc64d01?s=96&d=mm&r=g","caption":"Santi Ortiz"},"sameAs":["https:\/\/vortice.rocks\/clientes\/tierraviva"],"url":"https:\/\/vortice.rocks\/clientes\/tierraviva\/author\/santi-ortiz\/"}]}},"_links":{"self":[{"href":"https:\/\/vortice.rocks\/clientes\/tierraviva\/wp-json\/wp\/v2\/posts\/2474"}],"collection":[{"href":"https:\/\/vortice.rocks\/clientes\/tierraviva\/wp-json\/wp\/v2\/posts"}],"about":[{"href":"https:\/\/vortice.rocks\/clientes\/tierraviva\/wp-json\/wp\/v2\/types\/post"}],"author":[{"embeddable":true,"href":"https:\/\/vortice.rocks\/clientes\/tierraviva\/wp-json\/wp\/v2\/users\/5"}],"replies":[{"embeddable":true,"href":"https:\/\/vortice.rocks\/clientes\/tierraviva\/wp-json\/wp\/v2\/comments?post=2474"}],"version-history":[{"count":1,"href":"https:\/\/vortice.rocks\/clientes\/tierraviva\/wp-json\/wp\/v2\/posts\/2474\/revisions"}],"predecessor-version":[{"id":2476,"href":"https:\/\/vortice.rocks\/clientes\/tierraviva\/wp-json\/wp\/v2\/posts\/2474\/revisions\/2476"}],"wp:featuredmedia":[{"embeddable":true,"href":"https:\/\/vortice.rocks\/clientes\/tierraviva\/wp-json\/wp\/v2\/media\/2475"}],"wp:attachment":[{"href":"https:\/\/vortice.rocks\/clientes\/tierraviva\/wp-json\/wp\/v2\/media?parent=2474"}],"wp:term":[{"taxonomy":"category","embeddable":true,"href":"https:\/\/vortice.rocks\/clientes\/tierraviva\/wp-json\/wp\/v2\/categories?post=2474"},{"taxonomy":"post_tag","embeddable":true,"href":"https:\/\/vortice.rocks\/clientes\/tierraviva\/wp-json\/wp\/v2\/tags?post=2474"}],"curies":[{"name":"wp","href":"https:\/\/api.w.org\/{rel}","templated":true}]}}