{"id":2488,"date":"2022-08-24T07:27:51","date_gmt":"2022-08-24T11:27:51","guid":{"rendered":"https:\/\/vortice.rocks\/clientes\/tierraviva\/?p=2488"},"modified":"2022-08-24T07:27:51","modified_gmt":"2022-08-24T11:27:51","slug":"articulacion-indigena-prepara-nueva-marcha-para-exigir-derechos","status":"publish","type":"post","link":"https:\/\/vortice.rocks\/clientes\/tierraviva\/articulacion-indigena-prepara-nueva-marcha-para-exigir-derechos\/","title":{"rendered":"Articulaci\u00f3n ind\u00edgena prepara nueva marcha para exigir derechos."},"content":{"rendered":"<p>La Plenaria Nacional de la Articulaci\u00f3n Nacional Ind\u00edgena por una Vida Digna (ANIVID) reuni\u00f3 a decenas de representantes de organizaciones de diferentes Pueblos Ind\u00edgenas de la Regi\u00f3n Oriental y del Chaco. Durante el encuentro los y las referentes evaluaron la situaci\u00f3n en que se encuentran los Pueblos Ind\u00edgenas en el pa\u00eds y anunciaron una nueva marcha ind\u00edgena en reclamo de respeto a sus derechos para el pr\u00f3ximo 12 de octubre.<\/p>\n<p>La Articulaci\u00f3n Nacional Ind\u00edgena por una Vida Digna (ANIVID) incluye a organizaciones, comunidades y clanes de Pueblos Ind\u00edgenas que se proponen defender la tierra, el territorio, los derechos y la cultura de los Pueblos Ind\u00edgenas que habitan el territorio paraguayo.<\/p>\n<p>La ANIVID viene trabajando desde el 2020, primero reclamando un mejor presupuesto para el Instituto Paraguayo del Ind\u00edgena (INDI), sobre todo para compra de tierras, posteriormente denunciando las violaciones en las comunidades, sumando otras exigencias como la resoluci\u00f3n de tierras para la comunidad Kemha Yat Sepo.<\/p>\n<p>Adem\u00e1s, la articulaci\u00f3n organiz\u00f3 y llev\u00f3 adelante la gran movilizaci\u00f3n de octubre del 2021, mediante la cu\u00e1l presentaron sus propuestas y abrieron canalies de di\u00e1logo con diferentes instituciones del Estado como el Congreso Nacional, el Ministerio P\u00fablico, el Instituto de Desarrollo Rural y de la Tierra, entre otros.<\/p>\n<p>Durante su plenaria las y los integrantes de la organizaci\u00f3n evaluaron los logros y desaf\u00edos existentes c\u00f3mo Pueblos Ind\u00edgenas. Indicaron que la principal preocupaci\u00f3n sigue siendo la restituci\u00f3n territorial a las comunidades y recordaron que hace un a\u00f1o hab\u00edan entregado un pliego de demandas con m\u00e1s de 20 planteamientos a los tres poderes del Estado, con propuestas que buscaban dar respuesta a los reclamos de tierra, salud, educaci\u00f3n, caminos, alimentaci\u00f3n, participaci\u00f3n protag\u00f3nica y otros.<\/p>\n<p>Al respecto, se\u00f1alaron que las respuestas obtenidas por parte del Estado han sido escasas, sin embargo rescataron que a partir de la unidad y de las acciones llevadas adelante por la ANIVID lograron que sus reclamos forman parte de la agenda p\u00fablica y se conquistaron algunos avances.<\/p>\n<p>Las y los dirigentes de la ANIVID se\u00f1alaron que ya se encuentran preparando la gran marcha ind\u00edgena para el pr\u00f3ximo 12 de octubre. Fecha en que volver\u00e1n a llegar a Asunci\u00f3n de forma pac\u00edfica para reclamar una vez m\u00e1s a las autoridades la restituci\u00f3n territorial a los Pueblos Ind\u00edgenas as\u00ed como el respeto a todos los derechos que hasta la actualidad son vulnerados.<\/p>\n","protected":false},"excerpt":{"rendered":"<p>La Plenaria Nacional de la Articulaci\u00f3n Nacional Ind\u00edgena por una Vida Digna (ANIVID) reuni\u00f3 a decenas de representantes de organizaciones de diferentes Pueblos Ind\u00edgenas de la Regi\u00f3n Oriental y del Chaco. Durante el encuentro los y las referentes evaluaron la situaci\u00f3n en que se encuentran los Pueblos Ind\u00edgenas en el pa\u00eds y anunciaron una nueva<a class=\"more-link\" href=\"https:\/\/vortice.rocks\/clientes\/tierraviva\/articulacion-indigena-prepara-nueva-marcha-para-exigir-derechos\/\">Seguir leyendo <span class=\"screen-reader-text\">&#8220;Articulaci\u00f3n ind\u00edgena prepara nueva marcha para exigir derechos.&#8221;<\/span><\/a><\/p>\n","protected":false},"author":5,"featured_media":2489,"comment_status":"open","ping_status":"open","sticky":false,"template":"","format":"standard","meta":{"_exactmetrics_skip_tracking":false,"_exactmetrics_sitenote_active":false,"_exactmetrics_sitenote_note":"","_exactmetrics_sitenote_category":0,"footnotes":""},"categories":[3],"tags":[],"yoast_head":"<!-- This site is optimized with the Yoast SEO plugin v21.7 - https:\/\/yoast.com\/wordpress\/plugins\/seo\/ -->\n<title>Articulaci\u00f3n ind\u00edgena prepara nueva marcha para exigir derechos. - Tierraviva<\/title>\n<meta name=\"robots\" content=\"index, follow, max-snippet:-1, max-image-preview:large, max-video-preview:-1\" \/>\n<link rel=\"canonical\" href=\"https:\/\/vortice.rocks\/clientes\/tierraviva\/articulacion-indigena-prepara-nueva-marcha-para-exigir-derechos\/\" \/>\n<meta property=\"og:locale\" content=\"es_ES\" \/>\n<meta property=\"og:type\" content=\"article\" \/>\n<meta property=\"og:title\" content=\"Articulaci\u00f3n ind\u00edgena prepara nueva marcha para exigir derechos. - Tierraviva\" \/>\n<meta property=\"og:description\" content=\"La Plenaria Nacional de la Articulaci\u00f3n Nacional Ind\u00edgena por una Vida Digna (ANIVID) reuni\u00f3 a decenas de representantes de organizaciones de diferentes Pueblos Ind\u00edgenas de la Regi\u00f3n Oriental y del Chaco. Durante el encuentro los y las referentes evaluaron la situaci\u00f3n en que se encuentran los Pueblos Ind\u00edgenas en el pa\u00eds y anunciaron una nuevaSeguir leyendo &quot;Articulaci\u00f3n ind\u00edgena prepara nueva marcha para exigir derechos.&quot;\" \/>\n<meta property=\"og:url\" content=\"https:\/\/vortice.rocks\/clientes\/tierraviva\/articulacion-indigena-prepara-nueva-marcha-para-exigir-derechos\/\" \/>\n<meta property=\"og:site_name\" content=\"Tierraviva\" \/>\n<meta property=\"article:publisher\" content=\"https:\/\/www.facebook.com\/Tierraviva-a-los-pueblos-indigenas-del-Chaco-217328148281564\/\" \/>\n<meta property=\"article:published_time\" content=\"2022-08-24T11:27:51+00:00\" \/>\n<meta property=\"og:image\" content=\"https:\/\/vortice.rocks\/clientes\/tierraviva\/wp-content\/uploads\/2022\/08\/WhatsApp-Image-2022-08-17-at-2.29.18-PM.jpeg\" \/>\n\t<meta property=\"og:image:width\" content=\"1280\" \/>\n\t<meta property=\"og:image:height\" content=\"800\" \/>\n\t<meta property=\"og:image:type\" content=\"image\/jpeg\" \/>\n<meta name=\"author\" content=\"Santi Ortiz\" \/>\n<meta name=\"twitter:label1\" content=\"Escrito por\" \/>\n\t<meta name=\"twitter:data1\" content=\"Santi Ortiz\" \/>\n\t<meta name=\"twitter:label2\" content=\"Tiempo de lectura\" \/>\n\t<meta name=\"twitter:data2\" content=\"2 minutos\" \/>\n<script type=\"application\/ld+json\" class=\"yoast-schema-graph\">{\"@context\":\"https:\/\/schema.org\",\"@graph\":[{\"@type\":\"WebPage\",\"@id\":\"https:\/\/vortice.rocks\/clientes\/tierraviva\/articulacion-indigena-prepara-nueva-marcha-para-exigir-derechos\/\",\"url\":\"https:\/\/vortice.rocks\/clientes\/tierraviva\/articulacion-indigena-prepara-nueva-marcha-para-exigir-derechos\/\",\"name\":\"Articulaci\u00f3n ind\u00edgena prepara nueva marcha para exigir derechos. - Tierraviva\",\"isPartOf\":{\"@id\":\"https:\/\/vortice.rocks\/clientes\/tierraviva\/#website\"},\"datePublished\":\"2022-08-24T11:27:51+00:00\",\"dateModified\":\"2022-08-24T11:27:51+00:00\",\"author\":{\"@id\":\"https:\/\/vortice.rocks\/clientes\/tierraviva\/#\/schema\/person\/0652c5aad419c86cff8f8129d355edd0\"},\"breadcrumb\":{\"@id\":\"https:\/\/vortice.rocks\/clientes\/tierraviva\/articulacion-indigena-prepara-nueva-marcha-para-exigir-derechos\/#breadcrumb\"},\"inLanguage\":\"es\",\"potentialAction\":[{\"@type\":\"ReadAction\",\"target\":[\"https:\/\/vortice.rocks\/clientes\/tierraviva\/articulacion-indigena-prepara-nueva-marcha-para-exigir-derechos\/\"]}]},{\"@type\":\"BreadcrumbList\",\"@id\":\"https:\/\/vortice.rocks\/clientes\/tierraviva\/articulacion-indigena-prepara-nueva-marcha-para-exigir-derechos\/#breadcrumb\",\"itemListElement\":[{\"@type\":\"ListItem\",\"position\":1,\"name\":\"Portada\",\"item\":\"https:\/\/vortice.rocks\/clientes\/tierraviva\/\"},{\"@type\":\"ListItem\",\"position\":2,\"name\":\"Articulaci\u00f3n ind\u00edgena prepara nueva marcha para exigir derechos.\"}]},{\"@type\":\"WebSite\",\"@id\":\"https:\/\/vortice.rocks\/clientes\/tierraviva\/#website\",\"url\":\"https:\/\/vortice.rocks\/clientes\/tierraviva\/\",\"name\":\"Tierraviva\",\"description\":\"\",\"potentialAction\":[{\"@type\":\"SearchAction\",\"target\":{\"@type\":\"EntryPoint\",\"urlTemplate\":\"https:\/\/vortice.rocks\/clientes\/tierraviva\/?s={search_term_string}\"},\"query-input\":\"required name=search_term_string\"}],\"inLanguage\":\"es\"},{\"@type\":\"Person\",\"@id\":\"https:\/\/vortice.rocks\/clientes\/tierraviva\/#\/schema\/person\/0652c5aad419c86cff8f8129d355edd0\",\"name\":\"Santi Ortiz\",\"image\":{\"@type\":\"ImageObject\",\"inLanguage\":\"es\",\"@id\":\"https:\/\/vortice.rocks\/clientes\/tierraviva\/#\/schema\/person\/image\/\",\"url\":\"https:\/\/secure.gravatar.com\/avatar\/78bab899e21d2840245c1646bfc64d01?s=96&d=mm&r=g\",\"contentUrl\":\"https:\/\/secure.gravatar.com\/avatar\/78bab899e21d2840245c1646bfc64d01?s=96&d=mm&r=g\",\"caption\":\"Santi Ortiz\"},\"sameAs\":[\"https:\/\/vortice.rocks\/clientes\/tierraviva\"],\"url\":\"https:\/\/vortice.rocks\/clientes\/tierraviva\/author\/santi-ortiz\/\"}]}<\/script>\n<!-- \/ Yoast SEO plugin. -->","yoast_head_json":{"title":"Articulaci\u00f3n ind\u00edgena prepara nueva marcha para exigir derechos. - Tierraviva","robots":{"index":"index","follow":"follow","max-snippet":"max-snippet:-1","max-image-preview":"max-image-preview:large","max-video-preview":"max-video-preview:-1"},"canonical":"https:\/\/vortice.rocks\/clientes\/tierraviva\/articulacion-indigena-prepara-nueva-marcha-para-exigir-derechos\/","og_locale":"es_ES","og_type":"article","og_title":"Articulaci\u00f3n ind\u00edgena prepara nueva marcha para exigir derechos. - Tierraviva","og_description":"La Plenaria Nacional de la Articulaci\u00f3n Nacional Ind\u00edgena por una Vida Digna (ANIVID) reuni\u00f3 a decenas de representantes de organizaciones de diferentes Pueblos Ind\u00edgenas de la Regi\u00f3n Oriental y del Chaco. Durante el encuentro los y las referentes evaluaron la situaci\u00f3n en que se encuentran los Pueblos Ind\u00edgenas en el pa\u00eds y anunciaron una nuevaSeguir leyendo \"Articulaci\u00f3n ind\u00edgena prepara nueva marcha para exigir derechos.\"","og_url":"https:\/\/vortice.rocks\/clientes\/tierraviva\/articulacion-indigena-prepara-nueva-marcha-para-exigir-derechos\/","og_site_name":"Tierraviva","article_publisher":"https:\/\/www.facebook.com\/Tierraviva-a-los-pueblos-indigenas-del-Chaco-217328148281564\/","article_published_time":"2022-08-24T11:27:51+00:00","og_image":[{"width":1280,"height":800,"url":"https:\/\/vortice.rocks\/clientes\/tierraviva\/wp-content\/uploads\/2022\/08\/WhatsApp-Image-2022-08-17-at-2.29.18-PM.jpeg","type":"image\/jpeg"}],"author":"Santi Ortiz","twitter_misc":{"Escrito por":"Santi Ortiz","Tiempo de lectura":"2 minutos"},"schema":{"@context":"https:\/\/schema.org","@graph":[{"@type":"WebPage","@id":"https:\/\/vortice.rocks\/clientes\/tierraviva\/articulacion-indigena-prepara-nueva-marcha-para-exigir-derechos\/","url":"https:\/\/vortice.rocks\/clientes\/tierraviva\/articulacion-indigena-prepara-nueva-marcha-para-exigir-derechos\/","name":"Articulaci\u00f3n ind\u00edgena prepara nueva marcha para exigir derechos. - Tierraviva","isPartOf":{"@id":"https:\/\/vortice.rocks\/clientes\/tierraviva\/#website"},"datePublished":"2022-08-24T11:27:51+00:00","dateModified":"2022-08-24T11:27:51+00:00","author":{"@id":"https:\/\/vortice.rocks\/clientes\/tierraviva\/#\/schema\/person\/0652c5aad419c86cff8f8129d355edd0"},"breadcrumb":{"@id":"https:\/\/vortice.rocks\/clientes\/tierraviva\/articulacion-indigena-prepara-nueva-marcha-para-exigir-derechos\/#breadcrumb"},"inLanguage":"es","potentialAction":[{"@type":"ReadAction","target":["https:\/\/vortice.rocks\/clientes\/tierraviva\/articulacion-indigena-prepara-nueva-marcha-para-exigir-derechos\/"]}]},{"@type":"BreadcrumbList","@id":"https:\/\/vortice.rocks\/clientes\/tierraviva\/articulacion-indigena-prepara-nueva-marcha-para-exigir-derechos\/#breadcrumb","itemListElement":[{"@type":"ListItem","position":1,"name":"Portada","item":"https:\/\/vortice.rocks\/clientes\/tierraviva\/"},{"@type":"ListItem","position":2,"name":"Articulaci\u00f3n ind\u00edgena prepara nueva marcha para exigir derechos."}]},{"@type":"WebSite","@id":"https:\/\/vortice.rocks\/clientes\/tierraviva\/#website","url":"https:\/\/vortice.rocks\/clientes\/tierraviva\/","name":"Tierraviva","description":"","potentialAction":[{"@type":"SearchAction","target":{"@type":"EntryPoint","urlTemplate":"https:\/\/vortice.rocks\/clientes\/tierraviva\/?s={search_term_string}"},"query-input":"required name=search_term_string"}],"inLanguage":"es"},{"@type":"Person","@id":"https:\/\/vortice.rocks\/clientes\/tierraviva\/#\/schema\/person\/0652c5aad419c86cff8f8129d355edd0","name":"Santi Ortiz","image":{"@type":"ImageObject","inLanguage":"es","@id":"https:\/\/vortice.rocks\/clientes\/tierraviva\/#\/schema\/person\/image\/","url":"https:\/\/secure.gravatar.com\/avatar\/78bab899e21d2840245c1646bfc64d01?s=96&d=mm&r=g","contentUrl":"https:\/\/secure.gravatar.com\/avatar\/78bab899e21d2840245c1646bfc64d01?s=96&d=mm&r=g","caption":"Santi Ortiz"},"sameAs":["https:\/\/vortice.rocks\/clientes\/tierraviva"],"url":"https:\/\/vortice.rocks\/clientes\/tierraviva\/author\/santi-ortiz\/"}]}},"_links":{"self":[{"href":"https:\/\/vortice.rocks\/clientes\/tierraviva\/wp-json\/wp\/v2\/posts\/2488"}],"collection":[{"href":"https:\/\/vortice.rocks\/clientes\/tierraviva\/wp-json\/wp\/v2\/posts"}],"about":[{"href":"https:\/\/vortice.rocks\/clientes\/tierraviva\/wp-json\/wp\/v2\/types\/post"}],"author":[{"embeddable":true,"href":"https:\/\/vortice.rocks\/clientes\/tierraviva\/wp-json\/wp\/v2\/users\/5"}],"replies":[{"embeddable":true,"href":"https:\/\/vortice.rocks\/clientes\/tierraviva\/wp-json\/wp\/v2\/comments?post=2488"}],"version-history":[{"count":1,"href":"https:\/\/vortice.rocks\/clientes\/tierraviva\/wp-json\/wp\/v2\/posts\/2488\/revisions"}],"predecessor-version":[{"id":2490,"href":"https:\/\/vortice.rocks\/clientes\/tierraviva\/wp-json\/wp\/v2\/posts\/2488\/revisions\/2490"}],"wp:featuredmedia":[{"embeddable":true,"href":"https:\/\/vortice.rocks\/clientes\/tierraviva\/wp-json\/wp\/v2\/media\/2489"}],"wp:attachment":[{"href":"https:\/\/vortice.rocks\/clientes\/tierraviva\/wp-json\/wp\/v2\/media?parent=2488"}],"wp:term":[{"taxonomy":"category","embeddable":true,"href":"https:\/\/vortice.rocks\/clientes\/tierraviva\/wp-json\/wp\/v2\/categories?post=2488"},{"taxonomy":"post_tag","embeddable":true,"href":"https:\/\/vortice.rocks\/clientes\/tierraviva\/wp-json\/wp\/v2\/tags?post=2488"}],"curies":[{"name":"wp","href":"https:\/\/api.w.org\/{rel}","templated":true}]}}