{"id":2543,"date":"2022-09-23T08:21:49","date_gmt":"2022-09-23T12:21:49","guid":{"rendered":"https:\/\/vortice.rocks\/clientes\/tierraviva\/?p=2543"},"modified":"2022-09-23T08:21:49","modified_gmt":"2022-09-23T12:21:49","slug":"cerca-de-un-centenar-de-defensores-publicos-se-capacitan-en-derechos-de-pueblos-indigenas","status":"publish","type":"post","link":"https:\/\/vortice.rocks\/clientes\/tierraviva\/cerca-de-un-centenar-de-defensores-publicos-se-capacitan-en-derechos-de-pueblos-indigenas\/","title":{"rendered":"Cerca de un centenar de Defensores P\u00fablicos se capacitan en Derechos de Pueblos Ind\u00edgenas."},"content":{"rendered":"<p>Como parte del convenio de cooperaci\u00f3n mutua entre la Organizaci\u00f3n Tierraviva a los Pueblos Ind\u00edgenas del Chaco y el Ministerio de la Defensa P\u00fablica se realiza el Curso de Capacitaci\u00f3n &#8220;Acceso al sistema de justicia para Pueblos Ind\u00edgenas del Paraguay, desde una mirada intercultural y de Derechos Humanos&#8221;.<\/p>\n<p>El curso est\u00e1 dirigido a funcionarios del Ministerio de la Defensa P\u00fablica y a Defensores P\u00fablicos de diferentes fueros. Las autoridades del MDP manifestaron que este curso es de suma importancia para mejorar los est\u00e1ndares de atenci\u00f3n a las necesidades de Pueblos Ind\u00edgenas en materia de acceso a la justicia, y por ende, significar\u00e1 un avance en materia de Derechos Humanos en el pa\u00eds.<\/p>\n<p>Por su parte Rodrigo Villagra, presidente de la Asamblea de Tierraviva y parte del Centro de Formaci\u00f3n Tomas Galeano, manifest\u00f3 que el espacio representa un desaf\u00edo importante para la instituci\u00f3n buscando la incidencia para mejorar las pol\u00edticas p\u00fablicas que garanticen derechos a los Pueblos Ind\u00edgenas.<\/p>\n<p>Las charlas con funcionarios y defensores se desarrollan entre el 19 y el 28 de setiembre, y son impartidas por integrantes del Equipo de Trabajo de Tierraviva, especializados en el \u00e1mbito del derecho y la antropolog\u00eda.<\/p>\n<p>La actividad se realiza en el marco del proyecto &#8220;Gobernanza democr\u00e1tica y Pueblos Ind\u00edgenas: Acceso a la justicia e incorporaci\u00f3n de est\u00e1ndares para el fortalecimiento y aplicaci\u00f3n de normativas efectivas sobre los derechos econ\u00f3micos, sociales, culturales y ambientales&#8221; apoyado por la fundaci\u00f3n Tinker.<\/p>\n<p>La cooperaci\u00f3n entre ambas instituciones tambi\u00e9n plantea otras acciones como la generaci\u00f3n de un protocolo de respuesta para las actuaciones de las Defensoras y Defensores P\u00fablicos para el Acceso a la Justicia a Pueblos Ind\u00edgena y el intercambio de experiencia con Promotores Jur\u00eddicos Ind\u00edgenas, miembros de la red de Defensores de Derechos de Pueblos Indigenas y Derechos Ambientales.<\/p>\n","protected":false},"excerpt":{"rendered":"<p>Como parte del convenio de cooperaci\u00f3n mutua entre la Organizaci\u00f3n Tierraviva a los Pueblos Ind\u00edgenas del Chaco y el Ministerio de la Defensa P\u00fablica se realiza el Curso de Capacitaci\u00f3n &#8220;Acceso al sistema de justicia para Pueblos Ind\u00edgenas del Paraguay, desde una mirada intercultural y de Derechos Humanos&#8221;. El curso est\u00e1 dirigido a funcionarios del<a class=\"more-link\" href=\"https:\/\/vortice.rocks\/clientes\/tierraviva\/cerca-de-un-centenar-de-defensores-publicos-se-capacitan-en-derechos-de-pueblos-indigenas\/\">Seguir leyendo <span class=\"screen-reader-text\">&#8220;Cerca de un centenar de Defensores P\u00fablicos se capacitan en Derechos de Pueblos Ind\u00edgenas.&#8221;<\/span><\/a><\/p>\n","protected":false},"author":5,"featured_media":2545,"comment_status":"open","ping_status":"open","sticky":false,"template":"","format":"standard","meta":{"_exactmetrics_skip_tracking":false,"_exactmetrics_sitenote_active":false,"_exactmetrics_sitenote_note":"","_exactmetrics_sitenote_category":0,"footnotes":""},"categories":[3],"tags":[73],"yoast_head":"<!-- This site is optimized with the Yoast SEO plugin v21.7 - https:\/\/yoast.com\/wordpress\/plugins\/seo\/ -->\n<title>Cerca de un centenar de Defensores P\u00fablicos se capacitan en Derechos de Pueblos Ind\u00edgenas. - Tierraviva<\/title>\n<meta name=\"robots\" content=\"index, follow, max-snippet:-1, max-image-preview:large, max-video-preview:-1\" \/>\n<link rel=\"canonical\" href=\"https:\/\/vortice.rocks\/clientes\/tierraviva\/cerca-de-un-centenar-de-defensores-publicos-se-capacitan-en-derechos-de-pueblos-indigenas\/\" \/>\n<meta property=\"og:locale\" content=\"es_ES\" \/>\n<meta property=\"og:type\" content=\"article\" \/>\n<meta property=\"og:title\" content=\"Cerca de un centenar de Defensores P\u00fablicos se capacitan en Derechos de Pueblos Ind\u00edgenas. - Tierraviva\" \/>\n<meta property=\"og:description\" content=\"Como parte del convenio de cooperaci\u00f3n mutua entre la Organizaci\u00f3n Tierraviva a los Pueblos Ind\u00edgenas del Chaco y el Ministerio de la Defensa P\u00fablica se realiza el Curso de Capacitaci\u00f3n &#8220;Acceso al sistema de justicia para Pueblos Ind\u00edgenas del Paraguay, desde una mirada intercultural y de Derechos Humanos&#8221;. El curso est\u00e1 dirigido a funcionarios delSeguir leyendo &quot;Cerca de un centenar de Defensores P\u00fablicos se capacitan en Derechos de Pueblos Ind\u00edgenas.&quot;\" \/>\n<meta property=\"og:url\" content=\"https:\/\/vortice.rocks\/clientes\/tierraviva\/cerca-de-un-centenar-de-defensores-publicos-se-capacitan-en-derechos-de-pueblos-indigenas\/\" \/>\n<meta property=\"og:site_name\" content=\"Tierraviva\" \/>\n<meta property=\"article:publisher\" content=\"https:\/\/www.facebook.com\/Tierraviva-a-los-pueblos-indigenas-del-Chaco-217328148281564\/\" \/>\n<meta property=\"article:published_time\" content=\"2022-09-23T12:21:49+00:00\" \/>\n<meta property=\"og:image\" content=\"https:\/\/vortice.rocks\/clientes\/tierraviva\/wp-content\/uploads\/2022\/09\/IMG_20220923_082022.jpg\" \/>\n\t<meta property=\"og:image:width\" content=\"1280\" \/>\n\t<meta property=\"og:image:height\" content=\"622\" \/>\n\t<meta property=\"og:image:type\" content=\"image\/jpeg\" \/>\n<meta name=\"author\" content=\"Santi Ortiz\" \/>\n<meta name=\"twitter:label1\" content=\"Escrito por\" \/>\n\t<meta name=\"twitter:data1\" content=\"Santi Ortiz\" \/>\n\t<meta name=\"twitter:label2\" content=\"Tiempo de lectura\" \/>\n\t<meta name=\"twitter:data2\" content=\"2 minutos\" \/>\n<script type=\"application\/ld+json\" class=\"yoast-schema-graph\">{\"@context\":\"https:\/\/schema.org\",\"@graph\":[{\"@type\":\"WebPage\",\"@id\":\"https:\/\/vortice.rocks\/clientes\/tierraviva\/cerca-de-un-centenar-de-defensores-publicos-se-capacitan-en-derechos-de-pueblos-indigenas\/\",\"url\":\"https:\/\/vortice.rocks\/clientes\/tierraviva\/cerca-de-un-centenar-de-defensores-publicos-se-capacitan-en-derechos-de-pueblos-indigenas\/\",\"name\":\"Cerca de un centenar de Defensores P\u00fablicos se capacitan en Derechos de Pueblos Ind\u00edgenas. - Tierraviva\",\"isPartOf\":{\"@id\":\"https:\/\/vortice.rocks\/clientes\/tierraviva\/#website\"},\"datePublished\":\"2022-09-23T12:21:49+00:00\",\"dateModified\":\"2022-09-23T12:21:49+00:00\",\"author\":{\"@id\":\"https:\/\/vortice.rocks\/clientes\/tierraviva\/#\/schema\/person\/0652c5aad419c86cff8f8129d355edd0\"},\"breadcrumb\":{\"@id\":\"https:\/\/vortice.rocks\/clientes\/tierraviva\/cerca-de-un-centenar-de-defensores-publicos-se-capacitan-en-derechos-de-pueblos-indigenas\/#breadcrumb\"},\"inLanguage\":\"es\",\"potentialAction\":[{\"@type\":\"ReadAction\",\"target\":[\"https:\/\/vortice.rocks\/clientes\/tierraviva\/cerca-de-un-centenar-de-defensores-publicos-se-capacitan-en-derechos-de-pueblos-indigenas\/\"]}]},{\"@type\":\"BreadcrumbList\",\"@id\":\"https:\/\/vortice.rocks\/clientes\/tierraviva\/cerca-de-un-centenar-de-defensores-publicos-se-capacitan-en-derechos-de-pueblos-indigenas\/#breadcrumb\",\"itemListElement\":[{\"@type\":\"ListItem\",\"position\":1,\"name\":\"Portada\",\"item\":\"https:\/\/vortice.rocks\/clientes\/tierraviva\/\"},{\"@type\":\"ListItem\",\"position\":2,\"name\":\"Cerca de un centenar de Defensores P\u00fablicos se capacitan en Derechos de Pueblos Ind\u00edgenas.\"}]},{\"@type\":\"WebSite\",\"@id\":\"https:\/\/vortice.rocks\/clientes\/tierraviva\/#website\",\"url\":\"https:\/\/vortice.rocks\/clientes\/tierraviva\/\",\"name\":\"Tierraviva\",\"description\":\"\",\"potentialAction\":[{\"@type\":\"SearchAction\",\"target\":{\"@type\":\"EntryPoint\",\"urlTemplate\":\"https:\/\/vortice.rocks\/clientes\/tierraviva\/?s={search_term_string}\"},\"query-input\":\"required name=search_term_string\"}],\"inLanguage\":\"es\"},{\"@type\":\"Person\",\"@id\":\"https:\/\/vortice.rocks\/clientes\/tierraviva\/#\/schema\/person\/0652c5aad419c86cff8f8129d355edd0\",\"name\":\"Santi Ortiz\",\"image\":{\"@type\":\"ImageObject\",\"inLanguage\":\"es\",\"@id\":\"https:\/\/vortice.rocks\/clientes\/tierraviva\/#\/schema\/person\/image\/\",\"url\":\"https:\/\/secure.gravatar.com\/avatar\/78bab899e21d2840245c1646bfc64d01?s=96&d=mm&r=g\",\"contentUrl\":\"https:\/\/secure.gravatar.com\/avatar\/78bab899e21d2840245c1646bfc64d01?s=96&d=mm&r=g\",\"caption\":\"Santi Ortiz\"},\"sameAs\":[\"https:\/\/vortice.rocks\/clientes\/tierraviva\"],\"url\":\"https:\/\/vortice.rocks\/clientes\/tierraviva\/author\/santi-ortiz\/\"}]}<\/script>\n<!-- \/ Yoast SEO plugin. -->","yoast_head_json":{"title":"Cerca de un centenar de Defensores P\u00fablicos se capacitan en Derechos de Pueblos Ind\u00edgenas. - Tierraviva","robots":{"index":"index","follow":"follow","max-snippet":"max-snippet:-1","max-image-preview":"max-image-preview:large","max-video-preview":"max-video-preview:-1"},"canonical":"https:\/\/vortice.rocks\/clientes\/tierraviva\/cerca-de-un-centenar-de-defensores-publicos-se-capacitan-en-derechos-de-pueblos-indigenas\/","og_locale":"es_ES","og_type":"article","og_title":"Cerca de un centenar de Defensores P\u00fablicos se capacitan en Derechos de Pueblos Ind\u00edgenas. - Tierraviva","og_description":"Como parte del convenio de cooperaci\u00f3n mutua entre la Organizaci\u00f3n Tierraviva a los Pueblos Ind\u00edgenas del Chaco y el Ministerio de la Defensa P\u00fablica se realiza el Curso de Capacitaci\u00f3n &#8220;Acceso al sistema de justicia para Pueblos Ind\u00edgenas del Paraguay, desde una mirada intercultural y de Derechos Humanos&#8221;. El curso est\u00e1 dirigido a funcionarios delSeguir leyendo \"Cerca de un centenar de Defensores P\u00fablicos se capacitan en Derechos de Pueblos Ind\u00edgenas.\"","og_url":"https:\/\/vortice.rocks\/clientes\/tierraviva\/cerca-de-un-centenar-de-defensores-publicos-se-capacitan-en-derechos-de-pueblos-indigenas\/","og_site_name":"Tierraviva","article_publisher":"https:\/\/www.facebook.com\/Tierraviva-a-los-pueblos-indigenas-del-Chaco-217328148281564\/","article_published_time":"2022-09-23T12:21:49+00:00","og_image":[{"width":1280,"height":622,"url":"https:\/\/vortice.rocks\/clientes\/tierraviva\/wp-content\/uploads\/2022\/09\/IMG_20220923_082022.jpg","type":"image\/jpeg"}],"author":"Santi Ortiz","twitter_misc":{"Escrito por":"Santi Ortiz","Tiempo de lectura":"2 minutos"},"schema":{"@context":"https:\/\/schema.org","@graph":[{"@type":"WebPage","@id":"https:\/\/vortice.rocks\/clientes\/tierraviva\/cerca-de-un-centenar-de-defensores-publicos-se-capacitan-en-derechos-de-pueblos-indigenas\/","url":"https:\/\/vortice.rocks\/clientes\/tierraviva\/cerca-de-un-centenar-de-defensores-publicos-se-capacitan-en-derechos-de-pueblos-indigenas\/","name":"Cerca de un centenar de Defensores P\u00fablicos se capacitan en Derechos de Pueblos Ind\u00edgenas. - Tierraviva","isPartOf":{"@id":"https:\/\/vortice.rocks\/clientes\/tierraviva\/#website"},"datePublished":"2022-09-23T12:21:49+00:00","dateModified":"2022-09-23T12:21:49+00:00","author":{"@id":"https:\/\/vortice.rocks\/clientes\/tierraviva\/#\/schema\/person\/0652c5aad419c86cff8f8129d355edd0"},"breadcrumb":{"@id":"https:\/\/vortice.rocks\/clientes\/tierraviva\/cerca-de-un-centenar-de-defensores-publicos-se-capacitan-en-derechos-de-pueblos-indigenas\/#breadcrumb"},"inLanguage":"es","potentialAction":[{"@type":"ReadAction","target":["https:\/\/vortice.rocks\/clientes\/tierraviva\/cerca-de-un-centenar-de-defensores-publicos-se-capacitan-en-derechos-de-pueblos-indigenas\/"]}]},{"@type":"BreadcrumbList","@id":"https:\/\/vortice.rocks\/clientes\/tierraviva\/cerca-de-un-centenar-de-defensores-publicos-se-capacitan-en-derechos-de-pueblos-indigenas\/#breadcrumb","itemListElement":[{"@type":"ListItem","position":1,"name":"Portada","item":"https:\/\/vortice.rocks\/clientes\/tierraviva\/"},{"@type":"ListItem","position":2,"name":"Cerca de un centenar de Defensores P\u00fablicos se capacitan en Derechos de Pueblos Ind\u00edgenas."}]},{"@type":"WebSite","@id":"https:\/\/vortice.rocks\/clientes\/tierraviva\/#website","url":"https:\/\/vortice.rocks\/clientes\/tierraviva\/","name":"Tierraviva","description":"","potentialAction":[{"@type":"SearchAction","target":{"@type":"EntryPoint","urlTemplate":"https:\/\/vortice.rocks\/clientes\/tierraviva\/?s={search_term_string}"},"query-input":"required name=search_term_string"}],"inLanguage":"es"},{"@type":"Person","@id":"https:\/\/vortice.rocks\/clientes\/tierraviva\/#\/schema\/person\/0652c5aad419c86cff8f8129d355edd0","name":"Santi Ortiz","image":{"@type":"ImageObject","inLanguage":"es","@id":"https:\/\/vortice.rocks\/clientes\/tierraviva\/#\/schema\/person\/image\/","url":"https:\/\/secure.gravatar.com\/avatar\/78bab899e21d2840245c1646bfc64d01?s=96&d=mm&r=g","contentUrl":"https:\/\/secure.gravatar.com\/avatar\/78bab899e21d2840245c1646bfc64d01?s=96&d=mm&r=g","caption":"Santi Ortiz"},"sameAs":["https:\/\/vortice.rocks\/clientes\/tierraviva"],"url":"https:\/\/vortice.rocks\/clientes\/tierraviva\/author\/santi-ortiz\/"}]}},"_links":{"self":[{"href":"https:\/\/vortice.rocks\/clientes\/tierraviva\/wp-json\/wp\/v2\/posts\/2543"}],"collection":[{"href":"https:\/\/vortice.rocks\/clientes\/tierraviva\/wp-json\/wp\/v2\/posts"}],"about":[{"href":"https:\/\/vortice.rocks\/clientes\/tierraviva\/wp-json\/wp\/v2\/types\/post"}],"author":[{"embeddable":true,"href":"https:\/\/vortice.rocks\/clientes\/tierraviva\/wp-json\/wp\/v2\/users\/5"}],"replies":[{"embeddable":true,"href":"https:\/\/vortice.rocks\/clientes\/tierraviva\/wp-json\/wp\/v2\/comments?post=2543"}],"version-history":[{"count":1,"href":"https:\/\/vortice.rocks\/clientes\/tierraviva\/wp-json\/wp\/v2\/posts\/2543\/revisions"}],"predecessor-version":[{"id":2546,"href":"https:\/\/vortice.rocks\/clientes\/tierraviva\/wp-json\/wp\/v2\/posts\/2543\/revisions\/2546"}],"wp:featuredmedia":[{"embeddable":true,"href":"https:\/\/vortice.rocks\/clientes\/tierraviva\/wp-json\/wp\/v2\/media\/2545"}],"wp:attachment":[{"href":"https:\/\/vortice.rocks\/clientes\/tierraviva\/wp-json\/wp\/v2\/media?parent=2543"}],"wp:term":[{"taxonomy":"category","embeddable":true,"href":"https:\/\/vortice.rocks\/clientes\/tierraviva\/wp-json\/wp\/v2\/categories?post=2543"},{"taxonomy":"post_tag","embeddable":true,"href":"https:\/\/vortice.rocks\/clientes\/tierraviva\/wp-json\/wp\/v2\/tags?post=2543"}],"curies":[{"name":"wp","href":"https:\/\/api.w.org\/{rel}","templated":true}]}}