{"id":2547,"date":"2022-09-27T12:20:54","date_gmt":"2022-09-27T16:20:54","guid":{"rendered":"https:\/\/vortice.rocks\/clientes\/tierraviva\/?p=2547"},"modified":"2022-09-28T09:15:33","modified_gmt":"2022-09-28T13:15:33","slug":"denuncian-invasion-de-tierras-indigenas","status":"publish","type":"post","link":"https:\/\/vortice.rocks\/clientes\/tierraviva\/denuncian-invasion-de-tierras-indigenas\/","title":{"rendered":"Denuncian invasi\u00f3n de tierras ind\u00edgenas"},"content":{"rendered":"<p>\ud83d\udce2 La comunidad Yvypyte del Pueblo Pa\u00ef Tavyter\u00e4, ubicada en el Departamento del Amambay, en los \u00faltimos tiempos soporta la invasi\u00f3n de sus tierras de manera impune. Hombres armados ingresan a la propiedad generando miedo a los ind\u00edgenas quienes desde hace mucho reclaman al Estado la titulaci\u00f3n del inmueble.<\/p>\n<p>\ud83d\udce2 Una vez m\u00e1s una delegaci\u00f3n ind\u00edgena, el mes pasado,\u00a0 se traslad\u00f3 hasta Asunci\u00f3n a fin de gestionar y verificar el proceso de titulaci\u00f3n. As\u00ed estuvieron por el INDERT y el INDI respectivamente.<\/p>\n<p>&nbsp;<\/p>\n<p>\ud83d\udce2 Andr\u00e9s Br\u00edtez Paniagua, l\u00edder de Yvypyte del pueblo Pa\u00ef Tavyter\u00e4 manifest\u00f3 la necesidad que en el menor tiempo se concrete la mensura judicial, asegurando de esa manera la titulaci\u00f3n de sus tierras. Denunci\u00f3 que gente armada (no ind\u00edgena) invade la zona generando violencia a los ind\u00edgenas.<\/p>\n<p>\ud83d\udce2 Reclaman una vez m\u00e1s la mensura judicial para la medici\u00f3n de las 18.920 hect\u00e1reas con que los ind\u00edgenas cuentan en la zona para luego proseguir con la titulaci\u00f3n del inmueble.<\/p>\n<p>\ud83d\udce2 Llevan m\u00e1s de tres d\u00e9cadas viviendo en esta situaci\u00f3n, seg\u00fan indic\u00f3 el l\u00edder luego de realizar varias gestiones en la capital del pa\u00eds acompa\u00f1ados por integrantes de la organizaci\u00f3n Tierrraviva, el Grupo SUNU y Ary Ojeasojavo<\/p>\n<p><iframe title=\"Denuncian invasi\u00f3n de tierras ind\u00edgenas\" width=\"620\" height=\"349\" src=\"https:\/\/www.youtube.com\/embed\/aGYHNWFC6i0?feature=oembed\" frameborder=\"0\" allow=\"accelerometer; autoplay; clipboard-write; encrypted-media; gyroscope; picture-in-picture; web-share\" allowfullscreen><\/iframe><\/p>\n","protected":false},"excerpt":{"rendered":"<p>\ud83d\udce2 La comunidad Yvypyte del Pueblo Pa\u00ef Tavyter\u00e4, ubicada en el Departamento del Amambay, en los \u00faltimos tiempos soporta la invasi\u00f3n de sus tierras de manera impune. Hombres armados ingresan a la propiedad generando miedo a los ind\u00edgenas quienes desde hace mucho reclaman al Estado la titulaci\u00f3n del inmueble. \ud83d\udce2 Una vez m\u00e1s una delegaci\u00f3n<a class=\"more-link\" href=\"https:\/\/vortice.rocks\/clientes\/tierraviva\/denuncian-invasion-de-tierras-indigenas\/\">Seguir leyendo <span class=\"screen-reader-text\">&#8220;Denuncian invasi\u00f3n de tierras ind\u00edgenas&#8221;<\/span><\/a><\/p>\n","protected":false},"author":5,"featured_media":2548,"comment_status":"open","ping_status":"open","sticky":false,"template":"","format":"standard","meta":{"_exactmetrics_skip_tracking":false,"_exactmetrics_sitenote_active":false,"_exactmetrics_sitenote_note":"","_exactmetrics_sitenote_category":0,"footnotes":""},"categories":[67],"tags":[],"yoast_head":"<!-- This site is optimized with the Yoast SEO plugin v21.7 - https:\/\/yoast.com\/wordpress\/plugins\/seo\/ -->\n<title>Denuncian invasi\u00f3n de tierras ind\u00edgenas - Tierraviva<\/title>\n<meta name=\"robots\" content=\"index, follow, max-snippet:-1, max-image-preview:large, max-video-preview:-1\" \/>\n<link rel=\"canonical\" href=\"https:\/\/vortice.rocks\/clientes\/tierraviva\/denuncian-invasion-de-tierras-indigenas\/\" \/>\n<meta property=\"og:locale\" content=\"es_ES\" \/>\n<meta property=\"og:type\" content=\"article\" \/>\n<meta property=\"og:title\" content=\"Denuncian invasi\u00f3n de tierras ind\u00edgenas - Tierraviva\" \/>\n<meta property=\"og:description\" content=\"\ud83d\udce2 La comunidad Yvypyte del Pueblo Pa\u00ef Tavyter\u00e4, ubicada en el Departamento del Amambay, en los \u00faltimos tiempos soporta la invasi\u00f3n de sus tierras de manera impune. Hombres armados ingresan a la propiedad generando miedo a los ind\u00edgenas quienes desde hace mucho reclaman al Estado la titulaci\u00f3n del inmueble. \ud83d\udce2 Una vez m\u00e1s una delegaci\u00f3nSeguir leyendo &quot;Denuncian invasi\u00f3n de tierras ind\u00edgenas&quot;\" \/>\n<meta property=\"og:url\" content=\"https:\/\/vortice.rocks\/clientes\/tierraviva\/denuncian-invasion-de-tierras-indigenas\/\" \/>\n<meta property=\"og:site_name\" content=\"Tierraviva\" \/>\n<meta property=\"article:publisher\" content=\"https:\/\/www.facebook.com\/Tierraviva-a-los-pueblos-indigenas-del-Chaco-217328148281564\/\" \/>\n<meta property=\"article:published_time\" content=\"2022-09-27T16:20:54+00:00\" \/>\n<meta property=\"article:modified_time\" content=\"2022-09-28T13:15:33+00:00\" \/>\n<meta property=\"og:image\" content=\"https:\/\/vortice.rocks\/clientes\/tierraviva\/wp-content\/uploads\/2022\/09\/20220907_121932-scaled.jpg\" \/>\n\t<meta property=\"og:image:width\" content=\"2560\" \/>\n\t<meta property=\"og:image:height\" content=\"1154\" \/>\n\t<meta property=\"og:image:type\" content=\"image\/jpeg\" \/>\n<meta name=\"author\" content=\"Santi Ortiz\" \/>\n<meta name=\"twitter:label1\" content=\"Escrito por\" \/>\n\t<meta name=\"twitter:data1\" content=\"Santi Ortiz\" \/>\n\t<meta name=\"twitter:label2\" content=\"Tiempo de lectura\" \/>\n\t<meta name=\"twitter:data2\" content=\"1 minuto\" \/>\n<script type=\"application\/ld+json\" class=\"yoast-schema-graph\">{\"@context\":\"https:\/\/schema.org\",\"@graph\":[{\"@type\":\"WebPage\",\"@id\":\"https:\/\/vortice.rocks\/clientes\/tierraviva\/denuncian-invasion-de-tierras-indigenas\/\",\"url\":\"https:\/\/vortice.rocks\/clientes\/tierraviva\/denuncian-invasion-de-tierras-indigenas\/\",\"name\":\"Denuncian invasi\u00f3n de tierras ind\u00edgenas - Tierraviva\",\"isPartOf\":{\"@id\":\"https:\/\/vortice.rocks\/clientes\/tierraviva\/#website\"},\"datePublished\":\"2022-09-27T16:20:54+00:00\",\"dateModified\":\"2022-09-28T13:15:33+00:00\",\"author\":{\"@id\":\"https:\/\/vortice.rocks\/clientes\/tierraviva\/#\/schema\/person\/0652c5aad419c86cff8f8129d355edd0\"},\"breadcrumb\":{\"@id\":\"https:\/\/vortice.rocks\/clientes\/tierraviva\/denuncian-invasion-de-tierras-indigenas\/#breadcrumb\"},\"inLanguage\":\"es\",\"potentialAction\":[{\"@type\":\"ReadAction\",\"target\":[\"https:\/\/vortice.rocks\/clientes\/tierraviva\/denuncian-invasion-de-tierras-indigenas\/\"]}]},{\"@type\":\"BreadcrumbList\",\"@id\":\"https:\/\/vortice.rocks\/clientes\/tierraviva\/denuncian-invasion-de-tierras-indigenas\/#breadcrumb\",\"itemListElement\":[{\"@type\":\"ListItem\",\"position\":1,\"name\":\"Portada\",\"item\":\"https:\/\/vortice.rocks\/clientes\/tierraviva\/\"},{\"@type\":\"ListItem\",\"position\":2,\"name\":\"Denuncian invasi\u00f3n de tierras ind\u00edgenas\"}]},{\"@type\":\"WebSite\",\"@id\":\"https:\/\/vortice.rocks\/clientes\/tierraviva\/#website\",\"url\":\"https:\/\/vortice.rocks\/clientes\/tierraviva\/\",\"name\":\"Tierraviva\",\"description\":\"\",\"potentialAction\":[{\"@type\":\"SearchAction\",\"target\":{\"@type\":\"EntryPoint\",\"urlTemplate\":\"https:\/\/vortice.rocks\/clientes\/tierraviva\/?s={search_term_string}\"},\"query-input\":\"required name=search_term_string\"}],\"inLanguage\":\"es\"},{\"@type\":\"Person\",\"@id\":\"https:\/\/vortice.rocks\/clientes\/tierraviva\/#\/schema\/person\/0652c5aad419c86cff8f8129d355edd0\",\"name\":\"Santi Ortiz\",\"image\":{\"@type\":\"ImageObject\",\"inLanguage\":\"es\",\"@id\":\"https:\/\/vortice.rocks\/clientes\/tierraviva\/#\/schema\/person\/image\/\",\"url\":\"https:\/\/secure.gravatar.com\/avatar\/78bab899e21d2840245c1646bfc64d01?s=96&d=mm&r=g\",\"contentUrl\":\"https:\/\/secure.gravatar.com\/avatar\/78bab899e21d2840245c1646bfc64d01?s=96&d=mm&r=g\",\"caption\":\"Santi Ortiz\"},\"sameAs\":[\"https:\/\/vortice.rocks\/clientes\/tierraviva\"],\"url\":\"https:\/\/vortice.rocks\/clientes\/tierraviva\/author\/santi-ortiz\/\"}]}<\/script>\n<!-- \/ Yoast SEO plugin. -->","yoast_head_json":{"title":"Denuncian invasi\u00f3n de tierras ind\u00edgenas - Tierraviva","robots":{"index":"index","follow":"follow","max-snippet":"max-snippet:-1","max-image-preview":"max-image-preview:large","max-video-preview":"max-video-preview:-1"},"canonical":"https:\/\/vortice.rocks\/clientes\/tierraviva\/denuncian-invasion-de-tierras-indigenas\/","og_locale":"es_ES","og_type":"article","og_title":"Denuncian invasi\u00f3n de tierras ind\u00edgenas - Tierraviva","og_description":"\ud83d\udce2 La comunidad Yvypyte del Pueblo Pa\u00ef Tavyter\u00e4, ubicada en el Departamento del Amambay, en los \u00faltimos tiempos soporta la invasi\u00f3n de sus tierras de manera impune. Hombres armados ingresan a la propiedad generando miedo a los ind\u00edgenas quienes desde hace mucho reclaman al Estado la titulaci\u00f3n del inmueble. \ud83d\udce2 Una vez m\u00e1s una delegaci\u00f3nSeguir leyendo \"Denuncian invasi\u00f3n de tierras ind\u00edgenas\"","og_url":"https:\/\/vortice.rocks\/clientes\/tierraviva\/denuncian-invasion-de-tierras-indigenas\/","og_site_name":"Tierraviva","article_publisher":"https:\/\/www.facebook.com\/Tierraviva-a-los-pueblos-indigenas-del-Chaco-217328148281564\/","article_published_time":"2022-09-27T16:20:54+00:00","article_modified_time":"2022-09-28T13:15:33+00:00","og_image":[{"width":2560,"height":1154,"url":"https:\/\/vortice.rocks\/clientes\/tierraviva\/wp-content\/uploads\/2022\/09\/20220907_121932-scaled.jpg","type":"image\/jpeg"}],"author":"Santi Ortiz","twitter_misc":{"Escrito por":"Santi Ortiz","Tiempo de lectura":"1 minuto"},"schema":{"@context":"https:\/\/schema.org","@graph":[{"@type":"WebPage","@id":"https:\/\/vortice.rocks\/clientes\/tierraviva\/denuncian-invasion-de-tierras-indigenas\/","url":"https:\/\/vortice.rocks\/clientes\/tierraviva\/denuncian-invasion-de-tierras-indigenas\/","name":"Denuncian invasi\u00f3n de tierras ind\u00edgenas - Tierraviva","isPartOf":{"@id":"https:\/\/vortice.rocks\/clientes\/tierraviva\/#website"},"datePublished":"2022-09-27T16:20:54+00:00","dateModified":"2022-09-28T13:15:33+00:00","author":{"@id":"https:\/\/vortice.rocks\/clientes\/tierraviva\/#\/schema\/person\/0652c5aad419c86cff8f8129d355edd0"},"breadcrumb":{"@id":"https:\/\/vortice.rocks\/clientes\/tierraviva\/denuncian-invasion-de-tierras-indigenas\/#breadcrumb"},"inLanguage":"es","potentialAction":[{"@type":"ReadAction","target":["https:\/\/vortice.rocks\/clientes\/tierraviva\/denuncian-invasion-de-tierras-indigenas\/"]}]},{"@type":"BreadcrumbList","@id":"https:\/\/vortice.rocks\/clientes\/tierraviva\/denuncian-invasion-de-tierras-indigenas\/#breadcrumb","itemListElement":[{"@type":"ListItem","position":1,"name":"Portada","item":"https:\/\/vortice.rocks\/clientes\/tierraviva\/"},{"@type":"ListItem","position":2,"name":"Denuncian invasi\u00f3n de tierras ind\u00edgenas"}]},{"@type":"WebSite","@id":"https:\/\/vortice.rocks\/clientes\/tierraviva\/#website","url":"https:\/\/vortice.rocks\/clientes\/tierraviva\/","name":"Tierraviva","description":"","potentialAction":[{"@type":"SearchAction","target":{"@type":"EntryPoint","urlTemplate":"https:\/\/vortice.rocks\/clientes\/tierraviva\/?s={search_term_string}"},"query-input":"required name=search_term_string"}],"inLanguage":"es"},{"@type":"Person","@id":"https:\/\/vortice.rocks\/clientes\/tierraviva\/#\/schema\/person\/0652c5aad419c86cff8f8129d355edd0","name":"Santi Ortiz","image":{"@type":"ImageObject","inLanguage":"es","@id":"https:\/\/vortice.rocks\/clientes\/tierraviva\/#\/schema\/person\/image\/","url":"https:\/\/secure.gravatar.com\/avatar\/78bab899e21d2840245c1646bfc64d01?s=96&d=mm&r=g","contentUrl":"https:\/\/secure.gravatar.com\/avatar\/78bab899e21d2840245c1646bfc64d01?s=96&d=mm&r=g","caption":"Santi Ortiz"},"sameAs":["https:\/\/vortice.rocks\/clientes\/tierraviva"],"url":"https:\/\/vortice.rocks\/clientes\/tierraviva\/author\/santi-ortiz\/"}]}},"_links":{"self":[{"href":"https:\/\/vortice.rocks\/clientes\/tierraviva\/wp-json\/wp\/v2\/posts\/2547"}],"collection":[{"href":"https:\/\/vortice.rocks\/clientes\/tierraviva\/wp-json\/wp\/v2\/posts"}],"about":[{"href":"https:\/\/vortice.rocks\/clientes\/tierraviva\/wp-json\/wp\/v2\/types\/post"}],"author":[{"embeddable":true,"href":"https:\/\/vortice.rocks\/clientes\/tierraviva\/wp-json\/wp\/v2\/users\/5"}],"replies":[{"embeddable":true,"href":"https:\/\/vortice.rocks\/clientes\/tierraviva\/wp-json\/wp\/v2\/comments?post=2547"}],"version-history":[{"count":3,"href":"https:\/\/vortice.rocks\/clientes\/tierraviva\/wp-json\/wp\/v2\/posts\/2547\/revisions"}],"predecessor-version":[{"id":2552,"href":"https:\/\/vortice.rocks\/clientes\/tierraviva\/wp-json\/wp\/v2\/posts\/2547\/revisions\/2552"}],"wp:featuredmedia":[{"embeddable":true,"href":"https:\/\/vortice.rocks\/clientes\/tierraviva\/wp-json\/wp\/v2\/media\/2548"}],"wp:attachment":[{"href":"https:\/\/vortice.rocks\/clientes\/tierraviva\/wp-json\/wp\/v2\/media?parent=2547"}],"wp:term":[{"taxonomy":"category","embeddable":true,"href":"https:\/\/vortice.rocks\/clientes\/tierraviva\/wp-json\/wp\/v2\/categories?post=2547"},{"taxonomy":"post_tag","embeddable":true,"href":"https:\/\/vortice.rocks\/clientes\/tierraviva\/wp-json\/wp\/v2\/tags?post=2547"}],"curies":[{"name":"wp","href":"https:\/\/api.w.org\/{rel}","templated":true}]}}