{"id":2650,"date":"2022-11-01T14:30:49","date_gmt":"2022-11-01T18:30:49","guid":{"rendered":"https:\/\/vortice.rocks\/clientes\/tierraviva\/?p=2650"},"modified":"2022-11-01T15:33:21","modified_gmt":"2022-11-01T19:33:21","slug":"viviamos-en-extrema-pobreza-y-encima-fuimos-victimas-de-robos-y-saqueos","status":"publish","type":"post","link":"https:\/\/vortice.rocks\/clientes\/tierraviva\/viviamos-en-extrema-pobreza-y-encima-fuimos-victimas-de-robos-y-saqueos\/","title":{"rendered":"\u201cVivimos en extrema pobreza, encima nos roban y nos saquean\u201d"},"content":{"rendered":"<p>As\u00ed dice Santiago Sosa, l\u00edder de la comunidad 15 de enero, Pueblo mbya guarani, del distrito de Nueva Toledo, Caaguaz\u00fa al recordar lo que fue el desalojo forzoso del pasado 19 de octubre.<\/p>\n<p>Ese d\u00eda, como es de p\u00fablico conocimiento, sufrimos un atropello a nuestra integridad por parte de una fuerza represiva encabezada por la fiscala Norma Salinas quien sin ninguna orden judicial nos desaloj\u00f3 del lugar, indic\u00f3.<\/p>\n<p>Seg\u00fan cuenta, hacia finales de 1958 y principios de 1960, sus antepasados habitaban la zona ubic\u00e1ndose frente a una estancia llamada Santa Amalia. Despu\u00e9s, gente no ind\u00edgena empez\u00f3 a comprar parcelas de tierras y para evitar conflictos abandonaron el lugar.<\/p>\n<p>En aquellos tiempos en la zona los ind\u00edgenas viv\u00edan tres comunidades: Laguna Pyt\u00e4, Pirek\u00e1i, e Yvaroty.<\/p>\n<p>Sosa relata que en el 2009 volvieron con la intenci\u00f3n de recuperar Laguna Pyt\u00e4 previa gestiones ante el INDERT e INDI con la finalidad de asegurar esa parcela de tierras para los ind\u00edgenas originarios del lugar.<\/p>\n<p>En el 2013 sali\u00f3 una notificaci\u00f3n para la apertura de una mensura judicial, luego en el 2015 sali\u00f3 otro orden m\u00e1s ampliado, pero nunca se ejecutaron las medidas, puntualiz\u00f3<\/p>\n<p>El l\u00edder pide encarecidamente al Estado una soluci\u00f3n a sus reclamos considerando la extrema pobreza en la cual viven. Adem\u00e1s, precisan urgentemente de la ayuda humanitaria.<\/p>\n<p>#NoticiasIndigenas<\/p>\n<p><strong>Vea video:<\/strong><\/p>\n<p><iframe title=\"\u201cVivimos en extrema pobreza y encima fuimos v\u00edctimas de robos y saqueos\u201d\" width=\"620\" height=\"349\" src=\"https:\/\/www.youtube.com\/embed\/gcaxgao9LVg?feature=oembed\" frameborder=\"0\" allow=\"accelerometer; autoplay; clipboard-write; encrypted-media; gyroscope; picture-in-picture; web-share\" allowfullscreen><\/iframe><\/p>\n","protected":false},"excerpt":{"rendered":"<p>As\u00ed dice Santiago Sosa, l\u00edder de la comunidad 15 de enero, Pueblo mbya guarani, del distrito de Nueva Toledo, Caaguaz\u00fa al recordar lo que fue el desalojo forzoso del pasado 19 de octubre. Ese d\u00eda, como es de p\u00fablico conocimiento, sufrimos un atropello a nuestra integridad por parte de una fuerza represiva encabezada por la<a class=\"more-link\" href=\"https:\/\/vortice.rocks\/clientes\/tierraviva\/viviamos-en-extrema-pobreza-y-encima-fuimos-victimas-de-robos-y-saqueos\/\">Seguir leyendo <span class=\"screen-reader-text\">&#8220;\u201cVivimos en extrema pobreza, encima nos roban y nos saquean\u201d&#8221;<\/span><\/a><\/p>\n","protected":false},"author":5,"featured_media":2607,"comment_status":"open","ping_status":"open","sticky":false,"template":"","format":"standard","meta":{"_exactmetrics_skip_tracking":false,"_exactmetrics_sitenote_active":false,"_exactmetrics_sitenote_note":"","_exactmetrics_sitenote_category":0,"footnotes":""},"categories":[67],"tags":[],"yoast_head":"<!-- This site is optimized with the Yoast SEO plugin v21.7 - https:\/\/yoast.com\/wordpress\/plugins\/seo\/ -->\n<title>\u201cVivimos en extrema pobreza, encima nos roban y nos saquean\u201d - Tierraviva<\/title>\n<meta name=\"robots\" content=\"index, follow, max-snippet:-1, max-image-preview:large, max-video-preview:-1\" \/>\n<link rel=\"canonical\" href=\"https:\/\/vortice.rocks\/clientes\/tierraviva\/viviamos-en-extrema-pobreza-y-encima-fuimos-victimas-de-robos-y-saqueos\/\" \/>\n<meta property=\"og:locale\" content=\"es_ES\" \/>\n<meta property=\"og:type\" content=\"article\" \/>\n<meta property=\"og:title\" content=\"\u201cVivimos en extrema pobreza, encima nos roban y nos saquean\u201d - Tierraviva\" \/>\n<meta property=\"og:description\" content=\"As\u00ed dice Santiago Sosa, l\u00edder de la comunidad 15 de enero, Pueblo mbya guarani, del distrito de Nueva Toledo, Caaguaz\u00fa al recordar lo que fue el desalojo forzoso del pasado 19 de octubre. Ese d\u00eda, como es de p\u00fablico conocimiento, sufrimos un atropello a nuestra integridad por parte de una fuerza represiva encabezada por laSeguir leyendo &quot;\u201cVivimos en extrema pobreza, encima nos roban y nos saquean\u201d&quot;\" \/>\n<meta property=\"og:url\" content=\"https:\/\/vortice.rocks\/clientes\/tierraviva\/viviamos-en-extrema-pobreza-y-encima-fuimos-victimas-de-robos-y-saqueos\/\" \/>\n<meta property=\"og:site_name\" content=\"Tierraviva\" \/>\n<meta property=\"article:publisher\" content=\"https:\/\/www.facebook.com\/Tierraviva-a-los-pueblos-indigenas-del-Chaco-217328148281564\/\" \/>\n<meta property=\"article:published_time\" content=\"2022-11-01T18:30:49+00:00\" \/>\n<meta property=\"article:modified_time\" content=\"2022-11-01T19:33:21+00:00\" \/>\n<meta property=\"og:image\" content=\"https:\/\/vortice.rocks\/clientes\/tierraviva\/wp-content\/uploads\/2022\/10\/WhatsApp-Image-2022-10-19-at-18.28.06.jpeg\" \/>\n\t<meta property=\"og:image:width\" content=\"1280\" \/>\n\t<meta property=\"og:image:height\" content=\"720\" \/>\n\t<meta property=\"og:image:type\" content=\"image\/jpeg\" \/>\n<meta name=\"author\" content=\"Santi Ortiz\" \/>\n<meta name=\"twitter:label1\" content=\"Escrito por\" \/>\n\t<meta name=\"twitter:data1\" content=\"Santi Ortiz\" \/>\n\t<meta name=\"twitter:label2\" content=\"Tiempo de lectura\" \/>\n\t<meta name=\"twitter:data2\" content=\"1 minuto\" \/>\n<script type=\"application\/ld+json\" class=\"yoast-schema-graph\">{\"@context\":\"https:\/\/schema.org\",\"@graph\":[{\"@type\":\"WebPage\",\"@id\":\"https:\/\/vortice.rocks\/clientes\/tierraviva\/viviamos-en-extrema-pobreza-y-encima-fuimos-victimas-de-robos-y-saqueos\/\",\"url\":\"https:\/\/vortice.rocks\/clientes\/tierraviva\/viviamos-en-extrema-pobreza-y-encima-fuimos-victimas-de-robos-y-saqueos\/\",\"name\":\"\u201cVivimos en extrema pobreza, encima nos roban y nos saquean\u201d - Tierraviva\",\"isPartOf\":{\"@id\":\"https:\/\/vortice.rocks\/clientes\/tierraviva\/#website\"},\"datePublished\":\"2022-11-01T18:30:49+00:00\",\"dateModified\":\"2022-11-01T19:33:21+00:00\",\"author\":{\"@id\":\"https:\/\/vortice.rocks\/clientes\/tierraviva\/#\/schema\/person\/0652c5aad419c86cff8f8129d355edd0\"},\"breadcrumb\":{\"@id\":\"https:\/\/vortice.rocks\/clientes\/tierraviva\/viviamos-en-extrema-pobreza-y-encima-fuimos-victimas-de-robos-y-saqueos\/#breadcrumb\"},\"inLanguage\":\"es\",\"potentialAction\":[{\"@type\":\"ReadAction\",\"target\":[\"https:\/\/vortice.rocks\/clientes\/tierraviva\/viviamos-en-extrema-pobreza-y-encima-fuimos-victimas-de-robos-y-saqueos\/\"]}]},{\"@type\":\"BreadcrumbList\",\"@id\":\"https:\/\/vortice.rocks\/clientes\/tierraviva\/viviamos-en-extrema-pobreza-y-encima-fuimos-victimas-de-robos-y-saqueos\/#breadcrumb\",\"itemListElement\":[{\"@type\":\"ListItem\",\"position\":1,\"name\":\"Portada\",\"item\":\"https:\/\/vortice.rocks\/clientes\/tierraviva\/\"},{\"@type\":\"ListItem\",\"position\":2,\"name\":\"\u201cVivimos en extrema pobreza, encima nos roban y nos saquean\u201d\"}]},{\"@type\":\"WebSite\",\"@id\":\"https:\/\/vortice.rocks\/clientes\/tierraviva\/#website\",\"url\":\"https:\/\/vortice.rocks\/clientes\/tierraviva\/\",\"name\":\"Tierraviva\",\"description\":\"\",\"potentialAction\":[{\"@type\":\"SearchAction\",\"target\":{\"@type\":\"EntryPoint\",\"urlTemplate\":\"https:\/\/vortice.rocks\/clientes\/tierraviva\/?s={search_term_string}\"},\"query-input\":\"required name=search_term_string\"}],\"inLanguage\":\"es\"},{\"@type\":\"Person\",\"@id\":\"https:\/\/vortice.rocks\/clientes\/tierraviva\/#\/schema\/person\/0652c5aad419c86cff8f8129d355edd0\",\"name\":\"Santi Ortiz\",\"image\":{\"@type\":\"ImageObject\",\"inLanguage\":\"es\",\"@id\":\"https:\/\/vortice.rocks\/clientes\/tierraviva\/#\/schema\/person\/image\/\",\"url\":\"https:\/\/secure.gravatar.com\/avatar\/78bab899e21d2840245c1646bfc64d01?s=96&d=mm&r=g\",\"contentUrl\":\"https:\/\/secure.gravatar.com\/avatar\/78bab899e21d2840245c1646bfc64d01?s=96&d=mm&r=g\",\"caption\":\"Santi Ortiz\"},\"sameAs\":[\"https:\/\/vortice.rocks\/clientes\/tierraviva\"],\"url\":\"https:\/\/vortice.rocks\/clientes\/tierraviva\/author\/santi-ortiz\/\"}]}<\/script>\n<!-- \/ Yoast SEO plugin. -->","yoast_head_json":{"title":"\u201cVivimos en extrema pobreza, encima nos roban y nos saquean\u201d - Tierraviva","robots":{"index":"index","follow":"follow","max-snippet":"max-snippet:-1","max-image-preview":"max-image-preview:large","max-video-preview":"max-video-preview:-1"},"canonical":"https:\/\/vortice.rocks\/clientes\/tierraviva\/viviamos-en-extrema-pobreza-y-encima-fuimos-victimas-de-robos-y-saqueos\/","og_locale":"es_ES","og_type":"article","og_title":"\u201cVivimos en extrema pobreza, encima nos roban y nos saquean\u201d - Tierraviva","og_description":"As\u00ed dice Santiago Sosa, l\u00edder de la comunidad 15 de enero, Pueblo mbya guarani, del distrito de Nueva Toledo, Caaguaz\u00fa al recordar lo que fue el desalojo forzoso del pasado 19 de octubre. Ese d\u00eda, como es de p\u00fablico conocimiento, sufrimos un atropello a nuestra integridad por parte de una fuerza represiva encabezada por laSeguir leyendo \"\u201cVivimos en extrema pobreza, encima nos roban y nos saquean\u201d\"","og_url":"https:\/\/vortice.rocks\/clientes\/tierraviva\/viviamos-en-extrema-pobreza-y-encima-fuimos-victimas-de-robos-y-saqueos\/","og_site_name":"Tierraviva","article_publisher":"https:\/\/www.facebook.com\/Tierraviva-a-los-pueblos-indigenas-del-Chaco-217328148281564\/","article_published_time":"2022-11-01T18:30:49+00:00","article_modified_time":"2022-11-01T19:33:21+00:00","og_image":[{"width":1280,"height":720,"url":"https:\/\/vortice.rocks\/clientes\/tierraviva\/wp-content\/uploads\/2022\/10\/WhatsApp-Image-2022-10-19-at-18.28.06.jpeg","type":"image\/jpeg"}],"author":"Santi Ortiz","twitter_misc":{"Escrito por":"Santi Ortiz","Tiempo de lectura":"1 minuto"},"schema":{"@context":"https:\/\/schema.org","@graph":[{"@type":"WebPage","@id":"https:\/\/vortice.rocks\/clientes\/tierraviva\/viviamos-en-extrema-pobreza-y-encima-fuimos-victimas-de-robos-y-saqueos\/","url":"https:\/\/vortice.rocks\/clientes\/tierraviva\/viviamos-en-extrema-pobreza-y-encima-fuimos-victimas-de-robos-y-saqueos\/","name":"\u201cVivimos en extrema pobreza, encima nos roban y nos saquean\u201d - Tierraviva","isPartOf":{"@id":"https:\/\/vortice.rocks\/clientes\/tierraviva\/#website"},"datePublished":"2022-11-01T18:30:49+00:00","dateModified":"2022-11-01T19:33:21+00:00","author":{"@id":"https:\/\/vortice.rocks\/clientes\/tierraviva\/#\/schema\/person\/0652c5aad419c86cff8f8129d355edd0"},"breadcrumb":{"@id":"https:\/\/vortice.rocks\/clientes\/tierraviva\/viviamos-en-extrema-pobreza-y-encima-fuimos-victimas-de-robos-y-saqueos\/#breadcrumb"},"inLanguage":"es","potentialAction":[{"@type":"ReadAction","target":["https:\/\/vortice.rocks\/clientes\/tierraviva\/viviamos-en-extrema-pobreza-y-encima-fuimos-victimas-de-robos-y-saqueos\/"]}]},{"@type":"BreadcrumbList","@id":"https:\/\/vortice.rocks\/clientes\/tierraviva\/viviamos-en-extrema-pobreza-y-encima-fuimos-victimas-de-robos-y-saqueos\/#breadcrumb","itemListElement":[{"@type":"ListItem","position":1,"name":"Portada","item":"https:\/\/vortice.rocks\/clientes\/tierraviva\/"},{"@type":"ListItem","position":2,"name":"\u201cVivimos en extrema pobreza, encima nos roban y nos saquean\u201d"}]},{"@type":"WebSite","@id":"https:\/\/vortice.rocks\/clientes\/tierraviva\/#website","url":"https:\/\/vortice.rocks\/clientes\/tierraviva\/","name":"Tierraviva","description":"","potentialAction":[{"@type":"SearchAction","target":{"@type":"EntryPoint","urlTemplate":"https:\/\/vortice.rocks\/clientes\/tierraviva\/?s={search_term_string}"},"query-input":"required name=search_term_string"}],"inLanguage":"es"},{"@type":"Person","@id":"https:\/\/vortice.rocks\/clientes\/tierraviva\/#\/schema\/person\/0652c5aad419c86cff8f8129d355edd0","name":"Santi Ortiz","image":{"@type":"ImageObject","inLanguage":"es","@id":"https:\/\/vortice.rocks\/clientes\/tierraviva\/#\/schema\/person\/image\/","url":"https:\/\/secure.gravatar.com\/avatar\/78bab899e21d2840245c1646bfc64d01?s=96&d=mm&r=g","contentUrl":"https:\/\/secure.gravatar.com\/avatar\/78bab899e21d2840245c1646bfc64d01?s=96&d=mm&r=g","caption":"Santi Ortiz"},"sameAs":["https:\/\/vortice.rocks\/clientes\/tierraviva"],"url":"https:\/\/vortice.rocks\/clientes\/tierraviva\/author\/santi-ortiz\/"}]}},"_links":{"self":[{"href":"https:\/\/vortice.rocks\/clientes\/tierraviva\/wp-json\/wp\/v2\/posts\/2650"}],"collection":[{"href":"https:\/\/vortice.rocks\/clientes\/tierraviva\/wp-json\/wp\/v2\/posts"}],"about":[{"href":"https:\/\/vortice.rocks\/clientes\/tierraviva\/wp-json\/wp\/v2\/types\/post"}],"author":[{"embeddable":true,"href":"https:\/\/vortice.rocks\/clientes\/tierraviva\/wp-json\/wp\/v2\/users\/5"}],"replies":[{"embeddable":true,"href":"https:\/\/vortice.rocks\/clientes\/tierraviva\/wp-json\/wp\/v2\/comments?post=2650"}],"version-history":[{"count":6,"href":"https:\/\/vortice.rocks\/clientes\/tierraviva\/wp-json\/wp\/v2\/posts\/2650\/revisions"}],"predecessor-version":[{"id":2656,"href":"https:\/\/vortice.rocks\/clientes\/tierraviva\/wp-json\/wp\/v2\/posts\/2650\/revisions\/2656"}],"wp:featuredmedia":[{"embeddable":true,"href":"https:\/\/vortice.rocks\/clientes\/tierraviva\/wp-json\/wp\/v2\/media\/2607"}],"wp:attachment":[{"href":"https:\/\/vortice.rocks\/clientes\/tierraviva\/wp-json\/wp\/v2\/media?parent=2650"}],"wp:term":[{"taxonomy":"category","embeddable":true,"href":"https:\/\/vortice.rocks\/clientes\/tierraviva\/wp-json\/wp\/v2\/categories?post=2650"},{"taxonomy":"post_tag","embeddable":true,"href":"https:\/\/vortice.rocks\/clientes\/tierraviva\/wp-json\/wp\/v2\/tags?post=2650"}],"curies":[{"name":"wp","href":"https:\/\/api.w.org\/{rel}","templated":true}]}}