{"id":2657,"date":"2022-11-01T15:42:21","date_gmt":"2022-11-01T19:42:21","guid":{"rendered":"https:\/\/vortice.rocks\/clientes\/tierraviva\/?p=2657"},"modified":"2022-11-01T18:37:55","modified_gmt":"2022-11-01T22:37:55","slug":"justicia-y-no-impunidad-claman-indigenas","status":"publish","type":"post","link":"https:\/\/vortice.rocks\/clientes\/tierraviva\/justicia-y-no-impunidad-claman-indigenas\/","title":{"rendered":"Justicia y no impunidad claman ind\u00edgenas"},"content":{"rendered":"<p>\u00d1a Irene Ben\u00edtez, lideresa de la comunidad 15 de enero del Pueblo Mbya Guaran\u00ed, asegura que toda la poblaci\u00f3n qued\u00f3 con serias consecuencias psicol\u00f3gicas tras el desalojo forzoso sufrido el pasado 19 de octubre en el distrito de Nueva Toledo \u2013 Caaguaz\u00fa.<\/p>\n<p>Encarecidamente pide un apoyo a la ciudadan\u00eda pues durante el operativo policial \u2013 fiscal, perdieron todos sus enseres, no tienen herramientas de trabajo y carecen de viviendas como de alimentos.<\/p>\n<p>Repudia a la Fiscala Norma Salinas clamando justicia, que no quede en la impunidad su actuaci\u00f3n. No somos animales para que nos traten as\u00ed generando temor y violencia, dijo.<\/p>\n<p><strong>Vea V\u00eddeo:<\/strong><\/p>\n<p><iframe title=\"Justicia y no impunidad claman ind\u00edgenas\" width=\"620\" height=\"349\" src=\"https:\/\/www.youtube.com\/embed\/eWS9kvCWzBs?feature=oembed\" frameborder=\"0\" allow=\"accelerometer; autoplay; clipboard-write; encrypted-media; gyroscope; picture-in-picture; web-share\" allowfullscreen><\/iframe><\/p>\n","protected":false},"excerpt":{"rendered":"<p>\u00d1a Irene Ben\u00edtez, lideresa de la comunidad 15 de enero del Pueblo Mbya Guaran\u00ed, asegura que toda la poblaci\u00f3n qued\u00f3 con serias consecuencias psicol\u00f3gicas tras el desalojo forzoso sufrido el pasado 19 de octubre en el distrito de Nueva Toledo \u2013 Caaguaz\u00fa. Encarecidamente pide un apoyo a la ciudadan\u00eda pues durante el operativo policial \u2013<a class=\"more-link\" href=\"https:\/\/vortice.rocks\/clientes\/tierraviva\/justicia-y-no-impunidad-claman-indigenas\/\">Seguir leyendo <span class=\"screen-reader-text\">&#8220;Justicia y no impunidad claman ind\u00edgenas&#8221;<\/span><\/a><\/p>\n","protected":false},"author":5,"featured_media":2660,"comment_status":"open","ping_status":"open","sticky":false,"template":"","format":"standard","meta":{"_exactmetrics_skip_tracking":false,"_exactmetrics_sitenote_active":false,"_exactmetrics_sitenote_note":"","_exactmetrics_sitenote_category":0,"footnotes":""},"categories":[67],"tags":[],"yoast_head":"<!-- This site is optimized with the Yoast SEO plugin v21.7 - https:\/\/yoast.com\/wordpress\/plugins\/seo\/ -->\n<title>Justicia y no impunidad claman ind\u00edgenas - Tierraviva<\/title>\n<meta name=\"robots\" content=\"index, follow, max-snippet:-1, max-image-preview:large, max-video-preview:-1\" \/>\n<link rel=\"canonical\" href=\"https:\/\/vortice.rocks\/clientes\/tierraviva\/justicia-y-no-impunidad-claman-indigenas\/\" \/>\n<meta property=\"og:locale\" content=\"es_ES\" \/>\n<meta property=\"og:type\" content=\"article\" \/>\n<meta property=\"og:title\" content=\"Justicia y no impunidad claman ind\u00edgenas - Tierraviva\" \/>\n<meta property=\"og:description\" content=\"\u00d1a Irene Ben\u00edtez, lideresa de la comunidad 15 de enero del Pueblo Mbya Guaran\u00ed, asegura que toda la poblaci\u00f3n qued\u00f3 con serias consecuencias psicol\u00f3gicas tras el desalojo forzoso sufrido el pasado 19 de octubre en el distrito de Nueva Toledo \u2013 Caaguaz\u00fa. Encarecidamente pide un apoyo a la ciudadan\u00eda pues durante el operativo policial \u2013Seguir leyendo &quot;Justicia y no impunidad claman ind\u00edgenas&quot;\" \/>\n<meta property=\"og:url\" content=\"https:\/\/vortice.rocks\/clientes\/tierraviva\/justicia-y-no-impunidad-claman-indigenas\/\" \/>\n<meta property=\"og:site_name\" content=\"Tierraviva\" \/>\n<meta property=\"article:publisher\" content=\"https:\/\/www.facebook.com\/Tierraviva-a-los-pueblos-indigenas-del-Chaco-217328148281564\/\" \/>\n<meta property=\"article:published_time\" content=\"2022-11-01T19:42:21+00:00\" \/>\n<meta property=\"article:modified_time\" content=\"2022-11-01T22:37:55+00:00\" \/>\n<meta property=\"og:image\" content=\"https:\/\/vortice.rocks\/clientes\/tierraviva\/wp-content\/uploads\/2022\/11\/15-E.jpeg\" \/>\n\t<meta property=\"og:image:width\" content=\"900\" \/>\n\t<meta property=\"og:image:height\" content=\"1357\" \/>\n\t<meta property=\"og:image:type\" content=\"image\/jpeg\" \/>\n<meta name=\"author\" content=\"Santi Ortiz\" \/>\n<meta name=\"twitter:label1\" content=\"Escrito por\" \/>\n\t<meta name=\"twitter:data1\" content=\"Santi Ortiz\" \/>\n\t<meta name=\"twitter:label2\" content=\"Tiempo de lectura\" \/>\n\t<meta name=\"twitter:data2\" content=\"1 minuto\" \/>\n<script type=\"application\/ld+json\" class=\"yoast-schema-graph\">{\"@context\":\"https:\/\/schema.org\",\"@graph\":[{\"@type\":\"WebPage\",\"@id\":\"https:\/\/vortice.rocks\/clientes\/tierraviva\/justicia-y-no-impunidad-claman-indigenas\/\",\"url\":\"https:\/\/vortice.rocks\/clientes\/tierraviva\/justicia-y-no-impunidad-claman-indigenas\/\",\"name\":\"Justicia y no impunidad claman ind\u00edgenas - Tierraviva\",\"isPartOf\":{\"@id\":\"https:\/\/vortice.rocks\/clientes\/tierraviva\/#website\"},\"datePublished\":\"2022-11-01T19:42:21+00:00\",\"dateModified\":\"2022-11-01T22:37:55+00:00\",\"author\":{\"@id\":\"https:\/\/vortice.rocks\/clientes\/tierraviva\/#\/schema\/person\/0652c5aad419c86cff8f8129d355edd0\"},\"breadcrumb\":{\"@id\":\"https:\/\/vortice.rocks\/clientes\/tierraviva\/justicia-y-no-impunidad-claman-indigenas\/#breadcrumb\"},\"inLanguage\":\"es\",\"potentialAction\":[{\"@type\":\"ReadAction\",\"target\":[\"https:\/\/vortice.rocks\/clientes\/tierraviva\/justicia-y-no-impunidad-claman-indigenas\/\"]}]},{\"@type\":\"BreadcrumbList\",\"@id\":\"https:\/\/vortice.rocks\/clientes\/tierraviva\/justicia-y-no-impunidad-claman-indigenas\/#breadcrumb\",\"itemListElement\":[{\"@type\":\"ListItem\",\"position\":1,\"name\":\"Portada\",\"item\":\"https:\/\/vortice.rocks\/clientes\/tierraviva\/\"},{\"@type\":\"ListItem\",\"position\":2,\"name\":\"Justicia y no impunidad claman ind\u00edgenas\"}]},{\"@type\":\"WebSite\",\"@id\":\"https:\/\/vortice.rocks\/clientes\/tierraviva\/#website\",\"url\":\"https:\/\/vortice.rocks\/clientes\/tierraviva\/\",\"name\":\"Tierraviva\",\"description\":\"\",\"potentialAction\":[{\"@type\":\"SearchAction\",\"target\":{\"@type\":\"EntryPoint\",\"urlTemplate\":\"https:\/\/vortice.rocks\/clientes\/tierraviva\/?s={search_term_string}\"},\"query-input\":\"required name=search_term_string\"}],\"inLanguage\":\"es\"},{\"@type\":\"Person\",\"@id\":\"https:\/\/vortice.rocks\/clientes\/tierraviva\/#\/schema\/person\/0652c5aad419c86cff8f8129d355edd0\",\"name\":\"Santi Ortiz\",\"image\":{\"@type\":\"ImageObject\",\"inLanguage\":\"es\",\"@id\":\"https:\/\/vortice.rocks\/clientes\/tierraviva\/#\/schema\/person\/image\/\",\"url\":\"https:\/\/secure.gravatar.com\/avatar\/78bab899e21d2840245c1646bfc64d01?s=96&d=mm&r=g\",\"contentUrl\":\"https:\/\/secure.gravatar.com\/avatar\/78bab899e21d2840245c1646bfc64d01?s=96&d=mm&r=g\",\"caption\":\"Santi Ortiz\"},\"sameAs\":[\"https:\/\/vortice.rocks\/clientes\/tierraviva\"],\"url\":\"https:\/\/vortice.rocks\/clientes\/tierraviva\/author\/santi-ortiz\/\"}]}<\/script>\n<!-- \/ Yoast SEO plugin. -->","yoast_head_json":{"title":"Justicia y no impunidad claman ind\u00edgenas - Tierraviva","robots":{"index":"index","follow":"follow","max-snippet":"max-snippet:-1","max-image-preview":"max-image-preview:large","max-video-preview":"max-video-preview:-1"},"canonical":"https:\/\/vortice.rocks\/clientes\/tierraviva\/justicia-y-no-impunidad-claman-indigenas\/","og_locale":"es_ES","og_type":"article","og_title":"Justicia y no impunidad claman ind\u00edgenas - Tierraviva","og_description":"\u00d1a Irene Ben\u00edtez, lideresa de la comunidad 15 de enero del Pueblo Mbya Guaran\u00ed, asegura que toda la poblaci\u00f3n qued\u00f3 con serias consecuencias psicol\u00f3gicas tras el desalojo forzoso sufrido el pasado 19 de octubre en el distrito de Nueva Toledo \u2013 Caaguaz\u00fa. Encarecidamente pide un apoyo a la ciudadan\u00eda pues durante el operativo policial \u2013Seguir leyendo \"Justicia y no impunidad claman ind\u00edgenas\"","og_url":"https:\/\/vortice.rocks\/clientes\/tierraviva\/justicia-y-no-impunidad-claman-indigenas\/","og_site_name":"Tierraviva","article_publisher":"https:\/\/www.facebook.com\/Tierraviva-a-los-pueblos-indigenas-del-Chaco-217328148281564\/","article_published_time":"2022-11-01T19:42:21+00:00","article_modified_time":"2022-11-01T22:37:55+00:00","og_image":[{"width":900,"height":1357,"url":"https:\/\/vortice.rocks\/clientes\/tierraviva\/wp-content\/uploads\/2022\/11\/15-E.jpeg","type":"image\/jpeg"}],"author":"Santi Ortiz","twitter_misc":{"Escrito por":"Santi Ortiz","Tiempo de lectura":"1 minuto"},"schema":{"@context":"https:\/\/schema.org","@graph":[{"@type":"WebPage","@id":"https:\/\/vortice.rocks\/clientes\/tierraviva\/justicia-y-no-impunidad-claman-indigenas\/","url":"https:\/\/vortice.rocks\/clientes\/tierraviva\/justicia-y-no-impunidad-claman-indigenas\/","name":"Justicia y no impunidad claman ind\u00edgenas - Tierraviva","isPartOf":{"@id":"https:\/\/vortice.rocks\/clientes\/tierraviva\/#website"},"datePublished":"2022-11-01T19:42:21+00:00","dateModified":"2022-11-01T22:37:55+00:00","author":{"@id":"https:\/\/vortice.rocks\/clientes\/tierraviva\/#\/schema\/person\/0652c5aad419c86cff8f8129d355edd0"},"breadcrumb":{"@id":"https:\/\/vortice.rocks\/clientes\/tierraviva\/justicia-y-no-impunidad-claman-indigenas\/#breadcrumb"},"inLanguage":"es","potentialAction":[{"@type":"ReadAction","target":["https:\/\/vortice.rocks\/clientes\/tierraviva\/justicia-y-no-impunidad-claman-indigenas\/"]}]},{"@type":"BreadcrumbList","@id":"https:\/\/vortice.rocks\/clientes\/tierraviva\/justicia-y-no-impunidad-claman-indigenas\/#breadcrumb","itemListElement":[{"@type":"ListItem","position":1,"name":"Portada","item":"https:\/\/vortice.rocks\/clientes\/tierraviva\/"},{"@type":"ListItem","position":2,"name":"Justicia y no impunidad claman ind\u00edgenas"}]},{"@type":"WebSite","@id":"https:\/\/vortice.rocks\/clientes\/tierraviva\/#website","url":"https:\/\/vortice.rocks\/clientes\/tierraviva\/","name":"Tierraviva","description":"","potentialAction":[{"@type":"SearchAction","target":{"@type":"EntryPoint","urlTemplate":"https:\/\/vortice.rocks\/clientes\/tierraviva\/?s={search_term_string}"},"query-input":"required name=search_term_string"}],"inLanguage":"es"},{"@type":"Person","@id":"https:\/\/vortice.rocks\/clientes\/tierraviva\/#\/schema\/person\/0652c5aad419c86cff8f8129d355edd0","name":"Santi Ortiz","image":{"@type":"ImageObject","inLanguage":"es","@id":"https:\/\/vortice.rocks\/clientes\/tierraviva\/#\/schema\/person\/image\/","url":"https:\/\/secure.gravatar.com\/avatar\/78bab899e21d2840245c1646bfc64d01?s=96&d=mm&r=g","contentUrl":"https:\/\/secure.gravatar.com\/avatar\/78bab899e21d2840245c1646bfc64d01?s=96&d=mm&r=g","caption":"Santi Ortiz"},"sameAs":["https:\/\/vortice.rocks\/clientes\/tierraviva"],"url":"https:\/\/vortice.rocks\/clientes\/tierraviva\/author\/santi-ortiz\/"}]}},"_links":{"self":[{"href":"https:\/\/vortice.rocks\/clientes\/tierraviva\/wp-json\/wp\/v2\/posts\/2657"}],"collection":[{"href":"https:\/\/vortice.rocks\/clientes\/tierraviva\/wp-json\/wp\/v2\/posts"}],"about":[{"href":"https:\/\/vortice.rocks\/clientes\/tierraviva\/wp-json\/wp\/v2\/types\/post"}],"author":[{"embeddable":true,"href":"https:\/\/vortice.rocks\/clientes\/tierraviva\/wp-json\/wp\/v2\/users\/5"}],"replies":[{"embeddable":true,"href":"https:\/\/vortice.rocks\/clientes\/tierraviva\/wp-json\/wp\/v2\/comments?post=2657"}],"version-history":[{"count":2,"href":"https:\/\/vortice.rocks\/clientes\/tierraviva\/wp-json\/wp\/v2\/posts\/2657\/revisions"}],"predecessor-version":[{"id":2659,"href":"https:\/\/vortice.rocks\/clientes\/tierraviva\/wp-json\/wp\/v2\/posts\/2657\/revisions\/2659"}],"wp:featuredmedia":[{"embeddable":true,"href":"https:\/\/vortice.rocks\/clientes\/tierraviva\/wp-json\/wp\/v2\/media\/2660"}],"wp:attachment":[{"href":"https:\/\/vortice.rocks\/clientes\/tierraviva\/wp-json\/wp\/v2\/media?parent=2657"}],"wp:term":[{"taxonomy":"category","embeddable":true,"href":"https:\/\/vortice.rocks\/clientes\/tierraviva\/wp-json\/wp\/v2\/categories?post=2657"},{"taxonomy":"post_tag","embeddable":true,"href":"https:\/\/vortice.rocks\/clientes\/tierraviva\/wp-json\/wp\/v2\/tags?post=2657"}],"curies":[{"name":"wp","href":"https:\/\/api.w.org\/{rel}","templated":true}]}}