{"id":2782,"date":"2023-01-24T17:38:11","date_gmt":"2023-01-24T21:38:11","guid":{"rendered":"https:\/\/vortice.rocks\/clientes\/tierraviva\/?p=2782"},"modified":"2023-01-24T17:38:11","modified_gmt":"2023-01-24T21:38:11","slug":"ministerio-de-la-mujer-carece-de-politicas-dirigidas-a-mujeres-indigenas","status":"publish","type":"post","link":"https:\/\/vortice.rocks\/clientes\/tierraviva\/ministerio-de-la-mujer-carece-de-politicas-dirigidas-a-mujeres-indigenas\/","title":{"rendered":"\u201cMinisterio de la Mujer carece de pol\u00edticas dirigidas a mujeres ind\u00edgenas\u201d"},"content":{"rendered":"<p>El gobierno paraguayo con su Ministerio de la Mujer carece de una pol\u00edtica p\u00fablica dirigida a la mujer ind\u00edgena, se desconoce el accionar de las autoridades, asegura Angela Sales de la Organizaci\u00f3n Ku\u00f1a Gaurani Aty, una de las organizadoras del Seminario Internacional de mujeres ind\u00edgenas e intercambio de experiencias sobre las pol\u00edticas publicas y los ODS (Pobreza y Hambre), que se desarrollar\u00e1 los d\u00edas 25 y 26 de enero en la Casa de Retiro EMAUS de Luque.<\/p>\n<p>Seg\u00fan dicha lideresa durante su participaci\u00f3n en el programa Saber es tu Derecho por Radio C\u00e1ritas UC, es la primera vez que mujeres representantes de los 19 Pueblos Ind\u00edgenas participaran de un evento como estos en donde se dialogar\u00e1 y se buscar\u00e1 construir pol\u00edticas p\u00fablicas.<\/p>\n<p>Vivimos en situaciones sumamente preocupantes y queremos conversar con las autoridades para ver c\u00f3mo encaminar pol\u00edticas p\u00fablicas dirigidas hacia las mujeres ind\u00edgenas, puntualiz\u00f3<\/p>\n<p>Se tendr\u00e1n igualmente la participaci\u00f3n de representantes de Argentina, Ecuador y Bolivia<\/p>\n<p>#SaberEsTuDerecho<br \/>\n#NoticiasInd\u00edgenas<\/p>\n<p><strong>Vea Video<\/strong><\/p>\n<p><iframe title=\"\u201cMinisterio de la Mujer carece de pol\u00edticas dirigidas a mujeres ind\u00edgenas\u201d\" width=\"620\" height=\"349\" src=\"https:\/\/www.youtube.com\/embed\/yozdgi-mf4k?feature=oembed\" frameborder=\"0\" allow=\"accelerometer; autoplay; clipboard-write; encrypted-media; gyroscope; picture-in-picture; web-share\" allowfullscreen><\/iframe><\/p>\n","protected":false},"excerpt":{"rendered":"<p>El gobierno paraguayo con su Ministerio de la Mujer carece de una pol\u00edtica p\u00fablica dirigida a la mujer ind\u00edgena, se desconoce el accionar de las autoridades, asegura Angela Sales de la Organizaci\u00f3n Ku\u00f1a Gaurani Aty, una de las organizadoras del Seminario Internacional de mujeres ind\u00edgenas e intercambio de experiencias sobre las pol\u00edticas publicas y los<a class=\"more-link\" href=\"https:\/\/vortice.rocks\/clientes\/tierraviva\/ministerio-de-la-mujer-carece-de-politicas-dirigidas-a-mujeres-indigenas\/\">Seguir leyendo <span class=\"screen-reader-text\">&#8220;\u201cMinisterio de la Mujer carece de pol\u00edticas dirigidas a mujeres ind\u00edgenas\u201d&#8221;<\/span><\/a><\/p>\n","protected":false},"author":5,"featured_media":2783,"comment_status":"open","ping_status":"open","sticky":false,"template":"","format":"standard","meta":{"_exactmetrics_skip_tracking":false,"_exactmetrics_sitenote_active":false,"_exactmetrics_sitenote_note":"","_exactmetrics_sitenote_category":0,"footnotes":""},"categories":[67],"tags":[],"yoast_head":"<!-- This site is optimized with the Yoast SEO plugin v21.7 - https:\/\/yoast.com\/wordpress\/plugins\/seo\/ -->\n<title>\u201cMinisterio de la Mujer carece de pol\u00edticas dirigidas a mujeres ind\u00edgenas\u201d - Tierraviva<\/title>\n<meta name=\"robots\" content=\"index, follow, max-snippet:-1, max-image-preview:large, max-video-preview:-1\" \/>\n<link rel=\"canonical\" href=\"https:\/\/vortice.rocks\/clientes\/tierraviva\/ministerio-de-la-mujer-carece-de-politicas-dirigidas-a-mujeres-indigenas\/\" \/>\n<meta property=\"og:locale\" content=\"es_ES\" \/>\n<meta property=\"og:type\" content=\"article\" \/>\n<meta property=\"og:title\" content=\"\u201cMinisterio de la Mujer carece de pol\u00edticas dirigidas a mujeres ind\u00edgenas\u201d - Tierraviva\" \/>\n<meta property=\"og:description\" content=\"El gobierno paraguayo con su Ministerio de la Mujer carece de una pol\u00edtica p\u00fablica dirigida a la mujer ind\u00edgena, se desconoce el accionar de las autoridades, asegura Angela Sales de la Organizaci\u00f3n Ku\u00f1a Gaurani Aty, una de las organizadoras del Seminario Internacional de mujeres ind\u00edgenas e intercambio de experiencias sobre las pol\u00edticas publicas y losSeguir leyendo &quot;\u201cMinisterio de la Mujer carece de pol\u00edticas dirigidas a mujeres ind\u00edgenas\u201d&quot;\" \/>\n<meta property=\"og:url\" content=\"https:\/\/vortice.rocks\/clientes\/tierraviva\/ministerio-de-la-mujer-carece-de-politicas-dirigidas-a-mujeres-indigenas\/\" \/>\n<meta property=\"og:site_name\" content=\"Tierraviva\" \/>\n<meta property=\"article:publisher\" content=\"https:\/\/www.facebook.com\/Tierraviva-a-los-pueblos-indigenas-del-Chaco-217328148281564\/\" \/>\n<meta property=\"article:published_time\" content=\"2023-01-24T21:38:11+00:00\" \/>\n<meta property=\"og:image\" content=\"https:\/\/vortice.rocks\/clientes\/tierraviva\/wp-content\/uploads\/2023\/01\/Angela-Sales-2.jpg\" \/>\n\t<meta property=\"og:image:width\" content=\"1530\" \/>\n\t<meta property=\"og:image:height\" content=\"2040\" \/>\n\t<meta property=\"og:image:type\" content=\"image\/jpeg\" \/>\n<meta name=\"author\" content=\"Santi Ortiz\" \/>\n<meta name=\"twitter:label1\" content=\"Escrito por\" \/>\n\t<meta name=\"twitter:data1\" content=\"Santi Ortiz\" \/>\n\t<meta name=\"twitter:label2\" content=\"Tiempo de lectura\" \/>\n\t<meta name=\"twitter:data2\" content=\"1 minuto\" \/>\n<script type=\"application\/ld+json\" class=\"yoast-schema-graph\">{\"@context\":\"https:\/\/schema.org\",\"@graph\":[{\"@type\":\"WebPage\",\"@id\":\"https:\/\/vortice.rocks\/clientes\/tierraviva\/ministerio-de-la-mujer-carece-de-politicas-dirigidas-a-mujeres-indigenas\/\",\"url\":\"https:\/\/vortice.rocks\/clientes\/tierraviva\/ministerio-de-la-mujer-carece-de-politicas-dirigidas-a-mujeres-indigenas\/\",\"name\":\"\u201cMinisterio de la Mujer carece de pol\u00edticas dirigidas a mujeres ind\u00edgenas\u201d - Tierraviva\",\"isPartOf\":{\"@id\":\"https:\/\/vortice.rocks\/clientes\/tierraviva\/#website\"},\"datePublished\":\"2023-01-24T21:38:11+00:00\",\"dateModified\":\"2023-01-24T21:38:11+00:00\",\"author\":{\"@id\":\"https:\/\/vortice.rocks\/clientes\/tierraviva\/#\/schema\/person\/0652c5aad419c86cff8f8129d355edd0\"},\"breadcrumb\":{\"@id\":\"https:\/\/vortice.rocks\/clientes\/tierraviva\/ministerio-de-la-mujer-carece-de-politicas-dirigidas-a-mujeres-indigenas\/#breadcrumb\"},\"inLanguage\":\"es\",\"potentialAction\":[{\"@type\":\"ReadAction\",\"target\":[\"https:\/\/vortice.rocks\/clientes\/tierraviva\/ministerio-de-la-mujer-carece-de-politicas-dirigidas-a-mujeres-indigenas\/\"]}]},{\"@type\":\"BreadcrumbList\",\"@id\":\"https:\/\/vortice.rocks\/clientes\/tierraviva\/ministerio-de-la-mujer-carece-de-politicas-dirigidas-a-mujeres-indigenas\/#breadcrumb\",\"itemListElement\":[{\"@type\":\"ListItem\",\"position\":1,\"name\":\"Portada\",\"item\":\"https:\/\/vortice.rocks\/clientes\/tierraviva\/\"},{\"@type\":\"ListItem\",\"position\":2,\"name\":\"\u201cMinisterio de la Mujer carece de pol\u00edticas dirigidas a mujeres ind\u00edgenas\u201d\"}]},{\"@type\":\"WebSite\",\"@id\":\"https:\/\/vortice.rocks\/clientes\/tierraviva\/#website\",\"url\":\"https:\/\/vortice.rocks\/clientes\/tierraviva\/\",\"name\":\"Tierraviva\",\"description\":\"\",\"potentialAction\":[{\"@type\":\"SearchAction\",\"target\":{\"@type\":\"EntryPoint\",\"urlTemplate\":\"https:\/\/vortice.rocks\/clientes\/tierraviva\/?s={search_term_string}\"},\"query-input\":\"required name=search_term_string\"}],\"inLanguage\":\"es\"},{\"@type\":\"Person\",\"@id\":\"https:\/\/vortice.rocks\/clientes\/tierraviva\/#\/schema\/person\/0652c5aad419c86cff8f8129d355edd0\",\"name\":\"Santi Ortiz\",\"image\":{\"@type\":\"ImageObject\",\"inLanguage\":\"es\",\"@id\":\"https:\/\/vortice.rocks\/clientes\/tierraviva\/#\/schema\/person\/image\/\",\"url\":\"https:\/\/secure.gravatar.com\/avatar\/78bab899e21d2840245c1646bfc64d01?s=96&d=mm&r=g\",\"contentUrl\":\"https:\/\/secure.gravatar.com\/avatar\/78bab899e21d2840245c1646bfc64d01?s=96&d=mm&r=g\",\"caption\":\"Santi Ortiz\"},\"sameAs\":[\"https:\/\/vortice.rocks\/clientes\/tierraviva\"],\"url\":\"https:\/\/vortice.rocks\/clientes\/tierraviva\/author\/santi-ortiz\/\"}]}<\/script>\n<!-- \/ Yoast SEO plugin. -->","yoast_head_json":{"title":"\u201cMinisterio de la Mujer carece de pol\u00edticas dirigidas a mujeres ind\u00edgenas\u201d - Tierraviva","robots":{"index":"index","follow":"follow","max-snippet":"max-snippet:-1","max-image-preview":"max-image-preview:large","max-video-preview":"max-video-preview:-1"},"canonical":"https:\/\/vortice.rocks\/clientes\/tierraviva\/ministerio-de-la-mujer-carece-de-politicas-dirigidas-a-mujeres-indigenas\/","og_locale":"es_ES","og_type":"article","og_title":"\u201cMinisterio de la Mujer carece de pol\u00edticas dirigidas a mujeres ind\u00edgenas\u201d - Tierraviva","og_description":"El gobierno paraguayo con su Ministerio de la Mujer carece de una pol\u00edtica p\u00fablica dirigida a la mujer ind\u00edgena, se desconoce el accionar de las autoridades, asegura Angela Sales de la Organizaci\u00f3n Ku\u00f1a Gaurani Aty, una de las organizadoras del Seminario Internacional de mujeres ind\u00edgenas e intercambio de experiencias sobre las pol\u00edticas publicas y losSeguir leyendo \"\u201cMinisterio de la Mujer carece de pol\u00edticas dirigidas a mujeres ind\u00edgenas\u201d\"","og_url":"https:\/\/vortice.rocks\/clientes\/tierraviva\/ministerio-de-la-mujer-carece-de-politicas-dirigidas-a-mujeres-indigenas\/","og_site_name":"Tierraviva","article_publisher":"https:\/\/www.facebook.com\/Tierraviva-a-los-pueblos-indigenas-del-Chaco-217328148281564\/","article_published_time":"2023-01-24T21:38:11+00:00","og_image":[{"width":1530,"height":2040,"url":"https:\/\/vortice.rocks\/clientes\/tierraviva\/wp-content\/uploads\/2023\/01\/Angela-Sales-2.jpg","type":"image\/jpeg"}],"author":"Santi Ortiz","twitter_misc":{"Escrito por":"Santi Ortiz","Tiempo de lectura":"1 minuto"},"schema":{"@context":"https:\/\/schema.org","@graph":[{"@type":"WebPage","@id":"https:\/\/vortice.rocks\/clientes\/tierraviva\/ministerio-de-la-mujer-carece-de-politicas-dirigidas-a-mujeres-indigenas\/","url":"https:\/\/vortice.rocks\/clientes\/tierraviva\/ministerio-de-la-mujer-carece-de-politicas-dirigidas-a-mujeres-indigenas\/","name":"\u201cMinisterio de la Mujer carece de pol\u00edticas dirigidas a mujeres ind\u00edgenas\u201d - Tierraviva","isPartOf":{"@id":"https:\/\/vortice.rocks\/clientes\/tierraviva\/#website"},"datePublished":"2023-01-24T21:38:11+00:00","dateModified":"2023-01-24T21:38:11+00:00","author":{"@id":"https:\/\/vortice.rocks\/clientes\/tierraviva\/#\/schema\/person\/0652c5aad419c86cff8f8129d355edd0"},"breadcrumb":{"@id":"https:\/\/vortice.rocks\/clientes\/tierraviva\/ministerio-de-la-mujer-carece-de-politicas-dirigidas-a-mujeres-indigenas\/#breadcrumb"},"inLanguage":"es","potentialAction":[{"@type":"ReadAction","target":["https:\/\/vortice.rocks\/clientes\/tierraviva\/ministerio-de-la-mujer-carece-de-politicas-dirigidas-a-mujeres-indigenas\/"]}]},{"@type":"BreadcrumbList","@id":"https:\/\/vortice.rocks\/clientes\/tierraviva\/ministerio-de-la-mujer-carece-de-politicas-dirigidas-a-mujeres-indigenas\/#breadcrumb","itemListElement":[{"@type":"ListItem","position":1,"name":"Portada","item":"https:\/\/vortice.rocks\/clientes\/tierraviva\/"},{"@type":"ListItem","position":2,"name":"\u201cMinisterio de la Mujer carece de pol\u00edticas dirigidas a mujeres ind\u00edgenas\u201d"}]},{"@type":"WebSite","@id":"https:\/\/vortice.rocks\/clientes\/tierraviva\/#website","url":"https:\/\/vortice.rocks\/clientes\/tierraviva\/","name":"Tierraviva","description":"","potentialAction":[{"@type":"SearchAction","target":{"@type":"EntryPoint","urlTemplate":"https:\/\/vortice.rocks\/clientes\/tierraviva\/?s={search_term_string}"},"query-input":"required name=search_term_string"}],"inLanguage":"es"},{"@type":"Person","@id":"https:\/\/vortice.rocks\/clientes\/tierraviva\/#\/schema\/person\/0652c5aad419c86cff8f8129d355edd0","name":"Santi Ortiz","image":{"@type":"ImageObject","inLanguage":"es","@id":"https:\/\/vortice.rocks\/clientes\/tierraviva\/#\/schema\/person\/image\/","url":"https:\/\/secure.gravatar.com\/avatar\/78bab899e21d2840245c1646bfc64d01?s=96&d=mm&r=g","contentUrl":"https:\/\/secure.gravatar.com\/avatar\/78bab899e21d2840245c1646bfc64d01?s=96&d=mm&r=g","caption":"Santi Ortiz"},"sameAs":["https:\/\/vortice.rocks\/clientes\/tierraviva"],"url":"https:\/\/vortice.rocks\/clientes\/tierraviva\/author\/santi-ortiz\/"}]}},"_links":{"self":[{"href":"https:\/\/vortice.rocks\/clientes\/tierraviva\/wp-json\/wp\/v2\/posts\/2782"}],"collection":[{"href":"https:\/\/vortice.rocks\/clientes\/tierraviva\/wp-json\/wp\/v2\/posts"}],"about":[{"href":"https:\/\/vortice.rocks\/clientes\/tierraviva\/wp-json\/wp\/v2\/types\/post"}],"author":[{"embeddable":true,"href":"https:\/\/vortice.rocks\/clientes\/tierraviva\/wp-json\/wp\/v2\/users\/5"}],"replies":[{"embeddable":true,"href":"https:\/\/vortice.rocks\/clientes\/tierraviva\/wp-json\/wp\/v2\/comments?post=2782"}],"version-history":[{"count":1,"href":"https:\/\/vortice.rocks\/clientes\/tierraviva\/wp-json\/wp\/v2\/posts\/2782\/revisions"}],"predecessor-version":[{"id":2784,"href":"https:\/\/vortice.rocks\/clientes\/tierraviva\/wp-json\/wp\/v2\/posts\/2782\/revisions\/2784"}],"wp:featuredmedia":[{"embeddable":true,"href":"https:\/\/vortice.rocks\/clientes\/tierraviva\/wp-json\/wp\/v2\/media\/2783"}],"wp:attachment":[{"href":"https:\/\/vortice.rocks\/clientes\/tierraviva\/wp-json\/wp\/v2\/media?parent=2782"}],"wp:term":[{"taxonomy":"category","embeddable":true,"href":"https:\/\/vortice.rocks\/clientes\/tierraviva\/wp-json\/wp\/v2\/categories?post=2782"},{"taxonomy":"post_tag","embeddable":true,"href":"https:\/\/vortice.rocks\/clientes\/tierraviva\/wp-json\/wp\/v2\/tags?post=2782"}],"curies":[{"name":"wp","href":"https:\/\/api.w.org\/{rel}","templated":true}]}}