{"id":2835,"date":"2023-03-01T12:34:11","date_gmt":"2023-03-01T16:34:11","guid":{"rendered":"https:\/\/vortice.rocks\/clientes\/tierraviva\/?p=2835"},"modified":"2023-03-01T12:34:11","modified_gmt":"2023-03-01T16:34:11","slug":"centro-de-investigacion-tomas-galeano-llega-a-comunidades-indigenas","status":"publish","type":"post","link":"https:\/\/vortice.rocks\/clientes\/tierraviva\/centro-de-investigacion-tomas-galeano-llega-a-comunidades-indigenas\/","title":{"rendered":"Centro de investigaci\u00f3n Tomas Galeano llega a comunidades ind\u00edgenas"},"content":{"rendered":"<!--[if lt IE 9]><script>document.createElement('audio');<\/script><![endif]-->\n<audio class=\"wp-audio-shortcode\" id=\"audio-2835-1\" preload=\"none\" style=\"width: 100%;\" controls=\"controls\"><source type=\"audio\/mpeg\" src=\"https:\/\/www.ivoox.com\/indigenas-investigadores_md_103588102_wp_1.mp3?_=1\" \/><a href=\"https:\/\/www.ivoox.com\/indigenas-investigadores_md_103588102_wp_1.mp3\">https:\/\/www.ivoox.com\/indigenas-investigadores_md_103588102_wp_1.mp3<\/a><\/audio>\n<p>Eliodoro Caba\u00f1as, joven ind\u00edgena integrante del Centro de Investigaci\u00f3n \u201cTomas Galeano\u201d impulsado por Tierraviva, indic\u00f3 que siguen visitando comunidades ind\u00edgenas del departamento de Presidente Hayes con la finalidad de recabar datos sobre diversas realidades que hacen al desarrollo de las comunidades.<\/p>\n<p>Dijo que se trata de un espacio para la investigaci\u00f3n, la formaci\u00f3n y especializaci\u00f3n en diferentes temas relacionados con los Pueblos Ind\u00edgenas. Fue durante su participaci\u00f3n en el programa Devuelvan Nuestra Tierra que se emite por Radio Pa\u2019i Puku y una Red de Radios Ind\u00edgenas del Chaco<\/p>\n<p>El Centro de Investigaci\u00f3n y Capacitaci\u00f3n \u201cTom\u00e1s Galeano\u201d, como parte de la propia existencia de Tierraviva, apunta a generar an\u00e1lisis y conocimiento respecto a la realidad ind\u00edgena.<\/p>\n","protected":false},"excerpt":{"rendered":"<p>Eliodoro Caba\u00f1as, joven ind\u00edgena integrante del Centro de Investigaci\u00f3n \u201cTomas Galeano\u201d impulsado por Tierraviva, indic\u00f3 que siguen visitando comunidades ind\u00edgenas del departamento de Presidente Hayes con la finalidad de recabar datos sobre diversas realidades que hacen al desarrollo de las comunidades. Dijo que se trata de un espacio para la investigaci\u00f3n, la formaci\u00f3n y especializaci\u00f3n<a class=\"more-link\" href=\"https:\/\/vortice.rocks\/clientes\/tierraviva\/centro-de-investigacion-tomas-galeano-llega-a-comunidades-indigenas\/\">Seguir leyendo <span class=\"screen-reader-text\">&#8220;Centro de investigaci\u00f3n Tomas Galeano llega a comunidades ind\u00edgenas&#8221;<\/span><\/a><\/p>\n","protected":false},"author":5,"featured_media":2838,"comment_status":"open","ping_status":"open","sticky":false,"template":"","format":"standard","meta":{"_exactmetrics_skip_tracking":false,"_exactmetrics_sitenote_active":false,"_exactmetrics_sitenote_note":"","_exactmetrics_sitenote_category":0,"footnotes":""},"categories":[3],"tags":[],"yoast_head":"<!-- This site is optimized with the Yoast SEO plugin v21.7 - https:\/\/yoast.com\/wordpress\/plugins\/seo\/ -->\n<title>Centro de investigaci\u00f3n Tomas Galeano llega a comunidades ind\u00edgenas - Tierraviva<\/title>\n<meta name=\"robots\" content=\"index, follow, max-snippet:-1, max-image-preview:large, max-video-preview:-1\" \/>\n<link rel=\"canonical\" href=\"https:\/\/vortice.rocks\/clientes\/tierraviva\/centro-de-investigacion-tomas-galeano-llega-a-comunidades-indigenas\/\" \/>\n<meta property=\"og:locale\" content=\"es_ES\" \/>\n<meta property=\"og:type\" content=\"article\" \/>\n<meta property=\"og:title\" content=\"Centro de investigaci\u00f3n Tomas Galeano llega a comunidades ind\u00edgenas - Tierraviva\" \/>\n<meta property=\"og:description\" content=\"Eliodoro Caba\u00f1as, joven ind\u00edgena integrante del Centro de Investigaci\u00f3n \u201cTomas Galeano\u201d impulsado por Tierraviva, indic\u00f3 que siguen visitando comunidades ind\u00edgenas del departamento de Presidente Hayes con la finalidad de recabar datos sobre diversas realidades que hacen al desarrollo de las comunidades. Dijo que se trata de un espacio para la investigaci\u00f3n, la formaci\u00f3n y especializaci\u00f3nSeguir leyendo &quot;Centro de investigaci\u00f3n Tomas Galeano llega a comunidades ind\u00edgenas&quot;\" \/>\n<meta property=\"og:url\" content=\"https:\/\/vortice.rocks\/clientes\/tierraviva\/centro-de-investigacion-tomas-galeano-llega-a-comunidades-indigenas\/\" \/>\n<meta property=\"og:site_name\" content=\"Tierraviva\" \/>\n<meta property=\"article:publisher\" content=\"https:\/\/www.facebook.com\/Tierraviva-a-los-pueblos-indigenas-del-Chaco-217328148281564\/\" \/>\n<meta property=\"article:published_time\" content=\"2023-03-01T16:34:11+00:00\" \/>\n<meta property=\"og:image\" content=\"https:\/\/vortice.rocks\/clientes\/tierraviva\/wp-content\/uploads\/2023\/03\/CITG.jpeg\" \/>\n\t<meta property=\"og:image:width\" content=\"1280\" \/>\n\t<meta property=\"og:image:height\" content=\"960\" \/>\n\t<meta property=\"og:image:type\" content=\"image\/jpeg\" \/>\n<meta name=\"author\" content=\"Santi Ortiz\" \/>\n<meta name=\"twitter:label1\" content=\"Escrito por\" \/>\n\t<meta name=\"twitter:data1\" content=\"Santi Ortiz\" \/>\n\t<meta name=\"twitter:label2\" content=\"Tiempo de lectura\" \/>\n\t<meta name=\"twitter:data2\" content=\"1 minuto\" \/>\n<script type=\"application\/ld+json\" class=\"yoast-schema-graph\">{\"@context\":\"https:\/\/schema.org\",\"@graph\":[{\"@type\":\"WebPage\",\"@id\":\"https:\/\/vortice.rocks\/clientes\/tierraviva\/centro-de-investigacion-tomas-galeano-llega-a-comunidades-indigenas\/\",\"url\":\"https:\/\/vortice.rocks\/clientes\/tierraviva\/centro-de-investigacion-tomas-galeano-llega-a-comunidades-indigenas\/\",\"name\":\"Centro de investigaci\u00f3n Tomas Galeano llega a comunidades ind\u00edgenas - Tierraviva\",\"isPartOf\":{\"@id\":\"https:\/\/vortice.rocks\/clientes\/tierraviva\/#website\"},\"datePublished\":\"2023-03-01T16:34:11+00:00\",\"dateModified\":\"2023-03-01T16:34:11+00:00\",\"author\":{\"@id\":\"https:\/\/vortice.rocks\/clientes\/tierraviva\/#\/schema\/person\/0652c5aad419c86cff8f8129d355edd0\"},\"breadcrumb\":{\"@id\":\"https:\/\/vortice.rocks\/clientes\/tierraviva\/centro-de-investigacion-tomas-galeano-llega-a-comunidades-indigenas\/#breadcrumb\"},\"inLanguage\":\"es\",\"potentialAction\":[{\"@type\":\"ReadAction\",\"target\":[\"https:\/\/vortice.rocks\/clientes\/tierraviva\/centro-de-investigacion-tomas-galeano-llega-a-comunidades-indigenas\/\"]}]},{\"@type\":\"BreadcrumbList\",\"@id\":\"https:\/\/vortice.rocks\/clientes\/tierraviva\/centro-de-investigacion-tomas-galeano-llega-a-comunidades-indigenas\/#breadcrumb\",\"itemListElement\":[{\"@type\":\"ListItem\",\"position\":1,\"name\":\"Portada\",\"item\":\"https:\/\/vortice.rocks\/clientes\/tierraviva\/\"},{\"@type\":\"ListItem\",\"position\":2,\"name\":\"Centro de investigaci\u00f3n Tomas Galeano llega a comunidades ind\u00edgenas\"}]},{\"@type\":\"WebSite\",\"@id\":\"https:\/\/vortice.rocks\/clientes\/tierraviva\/#website\",\"url\":\"https:\/\/vortice.rocks\/clientes\/tierraviva\/\",\"name\":\"Tierraviva\",\"description\":\"\",\"potentialAction\":[{\"@type\":\"SearchAction\",\"target\":{\"@type\":\"EntryPoint\",\"urlTemplate\":\"https:\/\/vortice.rocks\/clientes\/tierraviva\/?s={search_term_string}\"},\"query-input\":\"required name=search_term_string\"}],\"inLanguage\":\"es\"},{\"@type\":\"Person\",\"@id\":\"https:\/\/vortice.rocks\/clientes\/tierraviva\/#\/schema\/person\/0652c5aad419c86cff8f8129d355edd0\",\"name\":\"Santi Ortiz\",\"image\":{\"@type\":\"ImageObject\",\"inLanguage\":\"es\",\"@id\":\"https:\/\/vortice.rocks\/clientes\/tierraviva\/#\/schema\/person\/image\/\",\"url\":\"https:\/\/secure.gravatar.com\/avatar\/78bab899e21d2840245c1646bfc64d01?s=96&d=mm&r=g\",\"contentUrl\":\"https:\/\/secure.gravatar.com\/avatar\/78bab899e21d2840245c1646bfc64d01?s=96&d=mm&r=g\",\"caption\":\"Santi Ortiz\"},\"sameAs\":[\"https:\/\/vortice.rocks\/clientes\/tierraviva\"],\"url\":\"https:\/\/vortice.rocks\/clientes\/tierraviva\/author\/santi-ortiz\/\"}]}<\/script>\n<!-- \/ Yoast SEO plugin. -->","yoast_head_json":{"title":"Centro de investigaci\u00f3n Tomas Galeano llega a comunidades ind\u00edgenas - Tierraviva","robots":{"index":"index","follow":"follow","max-snippet":"max-snippet:-1","max-image-preview":"max-image-preview:large","max-video-preview":"max-video-preview:-1"},"canonical":"https:\/\/vortice.rocks\/clientes\/tierraviva\/centro-de-investigacion-tomas-galeano-llega-a-comunidades-indigenas\/","og_locale":"es_ES","og_type":"article","og_title":"Centro de investigaci\u00f3n Tomas Galeano llega a comunidades ind\u00edgenas - Tierraviva","og_description":"Eliodoro Caba\u00f1as, joven ind\u00edgena integrante del Centro de Investigaci\u00f3n \u201cTomas Galeano\u201d impulsado por Tierraviva, indic\u00f3 que siguen visitando comunidades ind\u00edgenas del departamento de Presidente Hayes con la finalidad de recabar datos sobre diversas realidades que hacen al desarrollo de las comunidades. Dijo que se trata de un espacio para la investigaci\u00f3n, la formaci\u00f3n y especializaci\u00f3nSeguir leyendo \"Centro de investigaci\u00f3n Tomas Galeano llega a comunidades ind\u00edgenas\"","og_url":"https:\/\/vortice.rocks\/clientes\/tierraviva\/centro-de-investigacion-tomas-galeano-llega-a-comunidades-indigenas\/","og_site_name":"Tierraviva","article_publisher":"https:\/\/www.facebook.com\/Tierraviva-a-los-pueblos-indigenas-del-Chaco-217328148281564\/","article_published_time":"2023-03-01T16:34:11+00:00","og_image":[{"width":1280,"height":960,"url":"https:\/\/vortice.rocks\/clientes\/tierraviva\/wp-content\/uploads\/2023\/03\/CITG.jpeg","type":"image\/jpeg"}],"author":"Santi Ortiz","twitter_misc":{"Escrito por":"Santi Ortiz","Tiempo de lectura":"1 minuto"},"schema":{"@context":"https:\/\/schema.org","@graph":[{"@type":"WebPage","@id":"https:\/\/vortice.rocks\/clientes\/tierraviva\/centro-de-investigacion-tomas-galeano-llega-a-comunidades-indigenas\/","url":"https:\/\/vortice.rocks\/clientes\/tierraviva\/centro-de-investigacion-tomas-galeano-llega-a-comunidades-indigenas\/","name":"Centro de investigaci\u00f3n Tomas Galeano llega a comunidades ind\u00edgenas - Tierraviva","isPartOf":{"@id":"https:\/\/vortice.rocks\/clientes\/tierraviva\/#website"},"datePublished":"2023-03-01T16:34:11+00:00","dateModified":"2023-03-01T16:34:11+00:00","author":{"@id":"https:\/\/vortice.rocks\/clientes\/tierraviva\/#\/schema\/person\/0652c5aad419c86cff8f8129d355edd0"},"breadcrumb":{"@id":"https:\/\/vortice.rocks\/clientes\/tierraviva\/centro-de-investigacion-tomas-galeano-llega-a-comunidades-indigenas\/#breadcrumb"},"inLanguage":"es","potentialAction":[{"@type":"ReadAction","target":["https:\/\/vortice.rocks\/clientes\/tierraviva\/centro-de-investigacion-tomas-galeano-llega-a-comunidades-indigenas\/"]}]},{"@type":"BreadcrumbList","@id":"https:\/\/vortice.rocks\/clientes\/tierraviva\/centro-de-investigacion-tomas-galeano-llega-a-comunidades-indigenas\/#breadcrumb","itemListElement":[{"@type":"ListItem","position":1,"name":"Portada","item":"https:\/\/vortice.rocks\/clientes\/tierraviva\/"},{"@type":"ListItem","position":2,"name":"Centro de investigaci\u00f3n Tomas Galeano llega a comunidades ind\u00edgenas"}]},{"@type":"WebSite","@id":"https:\/\/vortice.rocks\/clientes\/tierraviva\/#website","url":"https:\/\/vortice.rocks\/clientes\/tierraviva\/","name":"Tierraviva","description":"","potentialAction":[{"@type":"SearchAction","target":{"@type":"EntryPoint","urlTemplate":"https:\/\/vortice.rocks\/clientes\/tierraviva\/?s={search_term_string}"},"query-input":"required name=search_term_string"}],"inLanguage":"es"},{"@type":"Person","@id":"https:\/\/vortice.rocks\/clientes\/tierraviva\/#\/schema\/person\/0652c5aad419c86cff8f8129d355edd0","name":"Santi Ortiz","image":{"@type":"ImageObject","inLanguage":"es","@id":"https:\/\/vortice.rocks\/clientes\/tierraviva\/#\/schema\/person\/image\/","url":"https:\/\/secure.gravatar.com\/avatar\/78bab899e21d2840245c1646bfc64d01?s=96&d=mm&r=g","contentUrl":"https:\/\/secure.gravatar.com\/avatar\/78bab899e21d2840245c1646bfc64d01?s=96&d=mm&r=g","caption":"Santi Ortiz"},"sameAs":["https:\/\/vortice.rocks\/clientes\/tierraviva"],"url":"https:\/\/vortice.rocks\/clientes\/tierraviva\/author\/santi-ortiz\/"}]}},"_links":{"self":[{"href":"https:\/\/vortice.rocks\/clientes\/tierraviva\/wp-json\/wp\/v2\/posts\/2835"}],"collection":[{"href":"https:\/\/vortice.rocks\/clientes\/tierraviva\/wp-json\/wp\/v2\/posts"}],"about":[{"href":"https:\/\/vortice.rocks\/clientes\/tierraviva\/wp-json\/wp\/v2\/types\/post"}],"author":[{"embeddable":true,"href":"https:\/\/vortice.rocks\/clientes\/tierraviva\/wp-json\/wp\/v2\/users\/5"}],"replies":[{"embeddable":true,"href":"https:\/\/vortice.rocks\/clientes\/tierraviva\/wp-json\/wp\/v2\/comments?post=2835"}],"version-history":[{"count":3,"href":"https:\/\/vortice.rocks\/clientes\/tierraviva\/wp-json\/wp\/v2\/posts\/2835\/revisions"}],"predecessor-version":[{"id":2840,"href":"https:\/\/vortice.rocks\/clientes\/tierraviva\/wp-json\/wp\/v2\/posts\/2835\/revisions\/2840"}],"wp:featuredmedia":[{"embeddable":true,"href":"https:\/\/vortice.rocks\/clientes\/tierraviva\/wp-json\/wp\/v2\/media\/2838"}],"wp:attachment":[{"href":"https:\/\/vortice.rocks\/clientes\/tierraviva\/wp-json\/wp\/v2\/media?parent=2835"}],"wp:term":[{"taxonomy":"category","embeddable":true,"href":"https:\/\/vortice.rocks\/clientes\/tierraviva\/wp-json\/wp\/v2\/categories?post=2835"},{"taxonomy":"post_tag","embeddable":true,"href":"https:\/\/vortice.rocks\/clientes\/tierraviva\/wp-json\/wp\/v2\/tags?post=2835"}],"curies":[{"name":"wp","href":"https:\/\/api.w.org\/{rel}","templated":true}]}}