{"id":3146,"date":"2023-06-29T15:38:11","date_gmt":"2023-06-29T19:38:11","guid":{"rendered":"https:\/\/vortice.rocks\/clientes\/tierraviva\/?p=3146"},"modified":"2023-06-29T15:38:11","modified_gmt":"2023-06-29T19:38:11","slug":"el-indigena-tiene-derecho-a-la-educacion","status":"publish","type":"post","link":"https:\/\/vortice.rocks\/clientes\/tierraviva\/el-indigena-tiene-derecho-a-la-educacion\/","title":{"rendered":"El ind\u00edgena tiene derecho a la educaci\u00f3n"},"content":{"rendered":"<p>Florenciano \u00c1lvarez Aguilera, profesor ind\u00edgena del pueblo angaite, comunidad La Patria, distrito de Puerto Pinasco (Pte Hayes), dice que la educaci\u00f3n ind\u00edgena necesita urgente acompa\u00f1amiento estatal para salir adelante y as\u00ed posibilitar una calidad de vida a la gente.<\/p>\n<p>Lleva ense\u00f1ando 6 a\u00f1os en absoluta precariedad, pues en su escuela en la Comunidad La Patria no cuentan con infraestructura adecuada para la ense\u00f1anza. Adem\u00e1s, muchos docentes est\u00e1n sin rubros, en tanto los alumnos no acceden a la merienda y almuerzo escolar en tiempo y forma.<\/p>\n<p>En Asunci\u00f3n, recientemente se realiz\u00f3 un Encuentro Ind\u00edgena del Pueblo Angaite con la finalidad de analizar y discutir sobre educaci\u00f3n. Participaron lideres, docentes y supervisores de \u00e1reas quienes expusieron la realidad de las comunidades y debatieron sobre la educaci\u00f3n. Dicho encuentro cont\u00f3 con el acompa\u00f1amiento de la organizaci\u00f3n Tierraviva.<\/p>\n<p>\u00c1lvarez recalca la necesidad que las autoridades se ocupen de la educaci\u00f3n ind\u00edgena, pues es un derecho humano. Una de las grandes preocupaciones refiere al idioma, pues los ind\u00edgenas est\u00e1n perdiendo su lengua, seg\u00fan cuenta.<\/p>\n<p><strong>Vea V\u00eddeo:<\/strong><\/p>\n<p><iframe title=\"El ind\u00edgena tiene derecho a la educaci\u00f3n\" width=\"620\" height=\"349\" src=\"https:\/\/www.youtube.com\/embed\/fGXl3_kQ528?feature=oembed\" frameborder=\"0\" allow=\"accelerometer; autoplay; clipboard-write; encrypted-media; gyroscope; picture-in-picture; web-share\" allowfullscreen><\/iframe><\/p>\n","protected":false},"excerpt":{"rendered":"<p>Florenciano \u00c1lvarez Aguilera, profesor ind\u00edgena del pueblo angaite, comunidad La Patria, distrito de Puerto Pinasco (Pte Hayes), dice que la educaci\u00f3n ind\u00edgena necesita urgente acompa\u00f1amiento estatal para salir adelante y as\u00ed posibilitar una calidad de vida a la gente. Lleva ense\u00f1ando 6 a\u00f1os en absoluta precariedad, pues en su escuela en la Comunidad La Patria<a class=\"more-link\" href=\"https:\/\/vortice.rocks\/clientes\/tierraviva\/el-indigena-tiene-derecho-a-la-educacion\/\">Seguir leyendo <span class=\"screen-reader-text\">&#8220;El ind\u00edgena tiene derecho a la educaci\u00f3n&#8221;<\/span><\/a><\/p>\n","protected":false},"author":5,"featured_media":3147,"comment_status":"open","ping_status":"open","sticky":false,"template":"","format":"standard","meta":{"_exactmetrics_skip_tracking":false,"_exactmetrics_sitenote_active":false,"_exactmetrics_sitenote_note":"","_exactmetrics_sitenote_category":0,"footnotes":""},"categories":[67],"tags":[161,106],"yoast_head":"<!-- This site is optimized with the Yoast SEO plugin v21.7 - https:\/\/yoast.com\/wordpress\/plugins\/seo\/ -->\n<title>El ind\u00edgena tiene derecho a la educaci\u00f3n - Tierraviva<\/title>\n<meta name=\"robots\" content=\"index, follow, max-snippet:-1, max-image-preview:large, max-video-preview:-1\" \/>\n<link rel=\"canonical\" href=\"https:\/\/vortice.rocks\/clientes\/tierraviva\/el-indigena-tiene-derecho-a-la-educacion\/\" \/>\n<meta property=\"og:locale\" content=\"es_ES\" \/>\n<meta property=\"og:type\" content=\"article\" \/>\n<meta property=\"og:title\" content=\"El ind\u00edgena tiene derecho a la educaci\u00f3n - Tierraviva\" \/>\n<meta property=\"og:description\" content=\"Florenciano \u00c1lvarez Aguilera, profesor ind\u00edgena del pueblo angaite, comunidad La Patria, distrito de Puerto Pinasco (Pte Hayes), dice que la educaci\u00f3n ind\u00edgena necesita urgente acompa\u00f1amiento estatal para salir adelante y as\u00ed posibilitar una calidad de vida a la gente. Lleva ense\u00f1ando 6 a\u00f1os en absoluta precariedad, pues en su escuela en la Comunidad La PatriaSeguir leyendo &quot;El ind\u00edgena tiene derecho a la educaci\u00f3n&quot;\" \/>\n<meta property=\"og:url\" content=\"https:\/\/vortice.rocks\/clientes\/tierraviva\/el-indigena-tiene-derecho-a-la-educacion\/\" \/>\n<meta property=\"og:site_name\" content=\"Tierraviva\" \/>\n<meta property=\"article:publisher\" content=\"https:\/\/www.facebook.com\/Tierraviva-a-los-pueblos-indigenas-del-Chaco-217328148281564\/\" \/>\n<meta property=\"article:published_time\" content=\"2023-06-29T19:38:11+00:00\" \/>\n<meta property=\"og:image\" content=\"https:\/\/vortice.rocks\/clientes\/tierraviva\/wp-content\/uploads\/2023\/06\/IMG_1287-scaled.jpg\" \/>\n\t<meta property=\"og:image:width\" content=\"2560\" \/>\n\t<meta property=\"og:image:height\" content=\"1707\" \/>\n\t<meta property=\"og:image:type\" content=\"image\/jpeg\" \/>\n<meta name=\"author\" content=\"Santi Ortiz\" \/>\n<meta name=\"twitter:label1\" content=\"Escrito por\" \/>\n\t<meta name=\"twitter:data1\" content=\"Santi Ortiz\" \/>\n\t<meta name=\"twitter:label2\" content=\"Tiempo de lectura\" \/>\n\t<meta name=\"twitter:data2\" content=\"1 minuto\" \/>\n<script type=\"application\/ld+json\" class=\"yoast-schema-graph\">{\"@context\":\"https:\/\/schema.org\",\"@graph\":[{\"@type\":\"WebPage\",\"@id\":\"https:\/\/vortice.rocks\/clientes\/tierraviva\/el-indigena-tiene-derecho-a-la-educacion\/\",\"url\":\"https:\/\/vortice.rocks\/clientes\/tierraviva\/el-indigena-tiene-derecho-a-la-educacion\/\",\"name\":\"El ind\u00edgena tiene derecho a la educaci\u00f3n - Tierraviva\",\"isPartOf\":{\"@id\":\"https:\/\/vortice.rocks\/clientes\/tierraviva\/#website\"},\"datePublished\":\"2023-06-29T19:38:11+00:00\",\"dateModified\":\"2023-06-29T19:38:11+00:00\",\"author\":{\"@id\":\"https:\/\/vortice.rocks\/clientes\/tierraviva\/#\/schema\/person\/0652c5aad419c86cff8f8129d355edd0\"},\"breadcrumb\":{\"@id\":\"https:\/\/vortice.rocks\/clientes\/tierraviva\/el-indigena-tiene-derecho-a-la-educacion\/#breadcrumb\"},\"inLanguage\":\"es\",\"potentialAction\":[{\"@type\":\"ReadAction\",\"target\":[\"https:\/\/vortice.rocks\/clientes\/tierraviva\/el-indigena-tiene-derecho-a-la-educacion\/\"]}]},{\"@type\":\"BreadcrumbList\",\"@id\":\"https:\/\/vortice.rocks\/clientes\/tierraviva\/el-indigena-tiene-derecho-a-la-educacion\/#breadcrumb\",\"itemListElement\":[{\"@type\":\"ListItem\",\"position\":1,\"name\":\"Portada\",\"item\":\"https:\/\/vortice.rocks\/clientes\/tierraviva\/\"},{\"@type\":\"ListItem\",\"position\":2,\"name\":\"El ind\u00edgena tiene derecho a la educaci\u00f3n\"}]},{\"@type\":\"WebSite\",\"@id\":\"https:\/\/vortice.rocks\/clientes\/tierraviva\/#website\",\"url\":\"https:\/\/vortice.rocks\/clientes\/tierraviva\/\",\"name\":\"Tierraviva\",\"description\":\"\",\"potentialAction\":[{\"@type\":\"SearchAction\",\"target\":{\"@type\":\"EntryPoint\",\"urlTemplate\":\"https:\/\/vortice.rocks\/clientes\/tierraviva\/?s={search_term_string}\"},\"query-input\":\"required name=search_term_string\"}],\"inLanguage\":\"es\"},{\"@type\":\"Person\",\"@id\":\"https:\/\/vortice.rocks\/clientes\/tierraviva\/#\/schema\/person\/0652c5aad419c86cff8f8129d355edd0\",\"name\":\"Santi Ortiz\",\"image\":{\"@type\":\"ImageObject\",\"inLanguage\":\"es\",\"@id\":\"https:\/\/vortice.rocks\/clientes\/tierraviva\/#\/schema\/person\/image\/\",\"url\":\"https:\/\/secure.gravatar.com\/avatar\/78bab899e21d2840245c1646bfc64d01?s=96&d=mm&r=g\",\"contentUrl\":\"https:\/\/secure.gravatar.com\/avatar\/78bab899e21d2840245c1646bfc64d01?s=96&d=mm&r=g\",\"caption\":\"Santi Ortiz\"},\"sameAs\":[\"https:\/\/vortice.rocks\/clientes\/tierraviva\"],\"url\":\"https:\/\/vortice.rocks\/clientes\/tierraviva\/author\/santi-ortiz\/\"}]}<\/script>\n<!-- \/ Yoast SEO plugin. -->","yoast_head_json":{"title":"El ind\u00edgena tiene derecho a la educaci\u00f3n - Tierraviva","robots":{"index":"index","follow":"follow","max-snippet":"max-snippet:-1","max-image-preview":"max-image-preview:large","max-video-preview":"max-video-preview:-1"},"canonical":"https:\/\/vortice.rocks\/clientes\/tierraviva\/el-indigena-tiene-derecho-a-la-educacion\/","og_locale":"es_ES","og_type":"article","og_title":"El ind\u00edgena tiene derecho a la educaci\u00f3n - Tierraviva","og_description":"Florenciano \u00c1lvarez Aguilera, profesor ind\u00edgena del pueblo angaite, comunidad La Patria, distrito de Puerto Pinasco (Pte Hayes), dice que la educaci\u00f3n ind\u00edgena necesita urgente acompa\u00f1amiento estatal para salir adelante y as\u00ed posibilitar una calidad de vida a la gente. Lleva ense\u00f1ando 6 a\u00f1os en absoluta precariedad, pues en su escuela en la Comunidad La PatriaSeguir leyendo \"El ind\u00edgena tiene derecho a la educaci\u00f3n\"","og_url":"https:\/\/vortice.rocks\/clientes\/tierraviva\/el-indigena-tiene-derecho-a-la-educacion\/","og_site_name":"Tierraviva","article_publisher":"https:\/\/www.facebook.com\/Tierraviva-a-los-pueblos-indigenas-del-Chaco-217328148281564\/","article_published_time":"2023-06-29T19:38:11+00:00","og_image":[{"width":2560,"height":1707,"url":"https:\/\/vortice.rocks\/clientes\/tierraviva\/wp-content\/uploads\/2023\/06\/IMG_1287-scaled.jpg","type":"image\/jpeg"}],"author":"Santi Ortiz","twitter_misc":{"Escrito por":"Santi Ortiz","Tiempo de lectura":"1 minuto"},"schema":{"@context":"https:\/\/schema.org","@graph":[{"@type":"WebPage","@id":"https:\/\/vortice.rocks\/clientes\/tierraviva\/el-indigena-tiene-derecho-a-la-educacion\/","url":"https:\/\/vortice.rocks\/clientes\/tierraviva\/el-indigena-tiene-derecho-a-la-educacion\/","name":"El ind\u00edgena tiene derecho a la educaci\u00f3n - Tierraviva","isPartOf":{"@id":"https:\/\/vortice.rocks\/clientes\/tierraviva\/#website"},"datePublished":"2023-06-29T19:38:11+00:00","dateModified":"2023-06-29T19:38:11+00:00","author":{"@id":"https:\/\/vortice.rocks\/clientes\/tierraviva\/#\/schema\/person\/0652c5aad419c86cff8f8129d355edd0"},"breadcrumb":{"@id":"https:\/\/vortice.rocks\/clientes\/tierraviva\/el-indigena-tiene-derecho-a-la-educacion\/#breadcrumb"},"inLanguage":"es","potentialAction":[{"@type":"ReadAction","target":["https:\/\/vortice.rocks\/clientes\/tierraviva\/el-indigena-tiene-derecho-a-la-educacion\/"]}]},{"@type":"BreadcrumbList","@id":"https:\/\/vortice.rocks\/clientes\/tierraviva\/el-indigena-tiene-derecho-a-la-educacion\/#breadcrumb","itemListElement":[{"@type":"ListItem","position":1,"name":"Portada","item":"https:\/\/vortice.rocks\/clientes\/tierraviva\/"},{"@type":"ListItem","position":2,"name":"El ind\u00edgena tiene derecho a la educaci\u00f3n"}]},{"@type":"WebSite","@id":"https:\/\/vortice.rocks\/clientes\/tierraviva\/#website","url":"https:\/\/vortice.rocks\/clientes\/tierraviva\/","name":"Tierraviva","description":"","potentialAction":[{"@type":"SearchAction","target":{"@type":"EntryPoint","urlTemplate":"https:\/\/vortice.rocks\/clientes\/tierraviva\/?s={search_term_string}"},"query-input":"required name=search_term_string"}],"inLanguage":"es"},{"@type":"Person","@id":"https:\/\/vortice.rocks\/clientes\/tierraviva\/#\/schema\/person\/0652c5aad419c86cff8f8129d355edd0","name":"Santi Ortiz","image":{"@type":"ImageObject","inLanguage":"es","@id":"https:\/\/vortice.rocks\/clientes\/tierraviva\/#\/schema\/person\/image\/","url":"https:\/\/secure.gravatar.com\/avatar\/78bab899e21d2840245c1646bfc64d01?s=96&d=mm&r=g","contentUrl":"https:\/\/secure.gravatar.com\/avatar\/78bab899e21d2840245c1646bfc64d01?s=96&d=mm&r=g","caption":"Santi Ortiz"},"sameAs":["https:\/\/vortice.rocks\/clientes\/tierraviva"],"url":"https:\/\/vortice.rocks\/clientes\/tierraviva\/author\/santi-ortiz\/"}]}},"_links":{"self":[{"href":"https:\/\/vortice.rocks\/clientes\/tierraviva\/wp-json\/wp\/v2\/posts\/3146"}],"collection":[{"href":"https:\/\/vortice.rocks\/clientes\/tierraviva\/wp-json\/wp\/v2\/posts"}],"about":[{"href":"https:\/\/vortice.rocks\/clientes\/tierraviva\/wp-json\/wp\/v2\/types\/post"}],"author":[{"embeddable":true,"href":"https:\/\/vortice.rocks\/clientes\/tierraviva\/wp-json\/wp\/v2\/users\/5"}],"replies":[{"embeddable":true,"href":"https:\/\/vortice.rocks\/clientes\/tierraviva\/wp-json\/wp\/v2\/comments?post=3146"}],"version-history":[{"count":1,"href":"https:\/\/vortice.rocks\/clientes\/tierraviva\/wp-json\/wp\/v2\/posts\/3146\/revisions"}],"predecessor-version":[{"id":3148,"href":"https:\/\/vortice.rocks\/clientes\/tierraviva\/wp-json\/wp\/v2\/posts\/3146\/revisions\/3148"}],"wp:featuredmedia":[{"embeddable":true,"href":"https:\/\/vortice.rocks\/clientes\/tierraviva\/wp-json\/wp\/v2\/media\/3147"}],"wp:attachment":[{"href":"https:\/\/vortice.rocks\/clientes\/tierraviva\/wp-json\/wp\/v2\/media?parent=3146"}],"wp:term":[{"taxonomy":"category","embeddable":true,"href":"https:\/\/vortice.rocks\/clientes\/tierraviva\/wp-json\/wp\/v2\/categories?post=3146"},{"taxonomy":"post_tag","embeddable":true,"href":"https:\/\/vortice.rocks\/clientes\/tierraviva\/wp-json\/wp\/v2\/tags?post=3146"}],"curies":[{"name":"wp","href":"https:\/\/api.w.org\/{rel}","templated":true}]}}