{"id":3195,"date":"2023-07-13T16:07:58","date_gmt":"2023-07-13T20:07:58","guid":{"rendered":"https:\/\/vortice.rocks\/clientes\/tierraviva\/?p=3195"},"modified":"2023-07-13T16:11:57","modified_gmt":"2023-07-13T20:11:57","slug":"radio-indigena-lleva-una-decada-de-transmision-comunitaria","status":"publish","type":"post","link":"https:\/\/vortice.rocks\/clientes\/tierraviva\/radio-indigena-lleva-una-decada-de-transmision-comunitaria\/","title":{"rendered":"Radio ind\u00edgena lleva una d\u00e9cada de transmisi\u00f3n comunitaria"},"content":{"rendered":"<p>En la comunidad ind\u00edgena Jotoicha \u2013 Campo Loa, distrito de Mariscal Estigarribia \u2013 Boquer\u00f3n, desde hace 10 a\u00f1os funciona la radio \u201cNuestra Se\u00f1ora de la Asunci\u00f3n\u201d con un servicio relevante y muy necesario para la gente, seg\u00fan cuenta Nicanor Acosta, uno de los directivos.<\/p>\n<p>Comenz\u00f3 a emitir se\u00f1al en el 2013 constituy\u00e9ndose en la actualidad en una herramienta fundamental para la comunidad ind\u00edgena de la zona y sus alrededores.<\/p>\n<p>Acosta recrea esa forma de comunicaci\u00f3n donde la gente participa y se apropia de la misma generando la participaci\u00f3n comunitaria.<\/p>\n<p><img fetchpriority=\"high\" decoding=\"async\" class=\"alignright size-medium wp-image-3197\" src=\"https:\/\/vortice.rocks\/clientes\/tierraviva\/wp-content\/uploads\/2023\/07\/WhatsApp-Image-2023-07-13-at-15.54.13-300x200.jpeg\" alt=\"\" width=\"300\" height=\"200\" srcset=\"https:\/\/vortice.rocks\/clientes\/tierraviva\/wp-content\/uploads\/2023\/07\/WhatsApp-Image-2023-07-13-at-15.54.13-300x200.jpeg 300w, https:\/\/vortice.rocks\/clientes\/tierraviva\/wp-content\/uploads\/2023\/07\/WhatsApp-Image-2023-07-13-at-15.54.13-768x511.jpeg 768w, https:\/\/vortice.rocks\/clientes\/tierraviva\/wp-content\/uploads\/2023\/07\/WhatsApp-Image-2023-07-13-at-15.54.13-272x182.jpeg 272w, https:\/\/vortice.rocks\/clientes\/tierraviva\/wp-content\/uploads\/2023\/07\/WhatsApp-Image-2023-07-13-at-15.54.13.jpeg 862w\" sizes=\"(max-width: 300px) 100vw, 300px\" \/><strong>Radio Nuestra Se\u00f1ora de la Asunci\u00f3n<\/strong> se abastece de energ\u00eda utilizando paneles solares para la distribuci\u00f3n y conexi\u00f3n de la se\u00f1al.<\/p>\n<p>Retransmite el programa <em><strong>Devuelvan Nuestra Tierra,<\/strong><\/em> que todos los viernes de 13: 30 a 15 horas va por Radio Pa\u2019i Puku, en una iniciativa de la organizaci\u00f3n Tierraviva a los Pueblos Ind\u00edgenas del Chaco.<\/p>\n<p><strong>Vea video:<\/strong><\/p>\n<p><iframe title=\"Radio ind\u00edgena, una d\u00e9cada de experiencia comunicacional\" width=\"620\" height=\"349\" src=\"https:\/\/www.youtube.com\/embed\/Ys3yXT-odGM?feature=oembed\" frameborder=\"0\" allow=\"accelerometer; autoplay; clipboard-write; encrypted-media; gyroscope; picture-in-picture; web-share\" allowfullscreen><\/iframe><\/p>\n","protected":false},"excerpt":{"rendered":"<p>En la comunidad ind\u00edgena Jotoicha \u2013 Campo Loa, distrito de Mariscal Estigarribia \u2013 Boquer\u00f3n, desde hace 10 a\u00f1os funciona la radio \u201cNuestra Se\u00f1ora de la Asunci\u00f3n\u201d con un servicio relevante y muy necesario para la gente, seg\u00fan cuenta Nicanor Acosta, uno de los directivos. Comenz\u00f3 a emitir se\u00f1al en el 2013 constituy\u00e9ndose en la actualidad<a class=\"more-link\" href=\"https:\/\/vortice.rocks\/clientes\/tierraviva\/radio-indigena-lleva-una-decada-de-transmision-comunitaria\/\">Seguir leyendo <span class=\"screen-reader-text\">&#8220;Radio ind\u00edgena lleva una d\u00e9cada de transmisi\u00f3n comunitaria&#8221;<\/span><\/a><\/p>\n","protected":false},"author":5,"featured_media":3196,"comment_status":"open","ping_status":"open","sticky":false,"template":"","format":"standard","meta":{"_exactmetrics_skip_tracking":false,"_exactmetrics_sitenote_active":false,"_exactmetrics_sitenote_note":"","_exactmetrics_sitenote_category":0,"footnotes":""},"categories":[67],"tags":[176,6,175,174],"yoast_head":"<!-- This site is optimized with the Yoast SEO plugin v21.7 - https:\/\/yoast.com\/wordpress\/plugins\/seo\/ -->\n<title>Radio ind\u00edgena lleva una d\u00e9cada de transmisi\u00f3n comunitaria - Tierraviva<\/title>\n<meta name=\"robots\" content=\"index, follow, max-snippet:-1, max-image-preview:large, max-video-preview:-1\" \/>\n<link rel=\"canonical\" href=\"https:\/\/vortice.rocks\/clientes\/tierraviva\/radio-indigena-lleva-una-decada-de-transmision-comunitaria\/\" \/>\n<meta property=\"og:locale\" content=\"es_ES\" \/>\n<meta property=\"og:type\" content=\"article\" \/>\n<meta property=\"og:title\" content=\"Radio ind\u00edgena lleva una d\u00e9cada de transmisi\u00f3n comunitaria - Tierraviva\" \/>\n<meta property=\"og:description\" content=\"En la comunidad ind\u00edgena Jotoicha \u2013 Campo Loa, distrito de Mariscal Estigarribia \u2013 Boquer\u00f3n, desde hace 10 a\u00f1os funciona la radio \u201cNuestra Se\u00f1ora de la Asunci\u00f3n\u201d con un servicio relevante y muy necesario para la gente, seg\u00fan cuenta Nicanor Acosta, uno de los directivos. Comenz\u00f3 a emitir se\u00f1al en el 2013 constituy\u00e9ndose en la actualidadSeguir leyendo &quot;Radio ind\u00edgena lleva una d\u00e9cada de transmisi\u00f3n comunitaria&quot;\" \/>\n<meta property=\"og:url\" content=\"https:\/\/vortice.rocks\/clientes\/tierraviva\/radio-indigena-lleva-una-decada-de-transmision-comunitaria\/\" \/>\n<meta property=\"og:site_name\" content=\"Tierraviva\" \/>\n<meta property=\"article:publisher\" content=\"https:\/\/www.facebook.com\/Tierraviva-a-los-pueblos-indigenas-del-Chaco-217328148281564\/\" \/>\n<meta property=\"article:published_time\" content=\"2023-07-13T20:07:58+00:00\" \/>\n<meta property=\"article:modified_time\" content=\"2023-07-13T20:11:57+00:00\" \/>\n<meta property=\"og:image\" content=\"https:\/\/vortice.rocks\/clientes\/tierraviva\/wp-content\/uploads\/2023\/07\/WhatsApp-Image-2023-07-13-at-15.54.12.jpeg\" \/>\n\t<meta property=\"og:image:width\" content=\"864\" \/>\n\t<meta property=\"og:image:height\" content=\"576\" \/>\n\t<meta property=\"og:image:type\" content=\"image\/jpeg\" \/>\n<meta name=\"author\" content=\"Santi Ortiz\" \/>\n<meta name=\"twitter:label1\" content=\"Escrito por\" \/>\n\t<meta name=\"twitter:data1\" content=\"Santi Ortiz\" \/>\n\t<meta name=\"twitter:label2\" content=\"Tiempo de lectura\" \/>\n\t<meta name=\"twitter:data2\" content=\"1 minuto\" \/>\n<script type=\"application\/ld+json\" class=\"yoast-schema-graph\">{\"@context\":\"https:\/\/schema.org\",\"@graph\":[{\"@type\":\"WebPage\",\"@id\":\"https:\/\/vortice.rocks\/clientes\/tierraviva\/radio-indigena-lleva-una-decada-de-transmision-comunitaria\/\",\"url\":\"https:\/\/vortice.rocks\/clientes\/tierraviva\/radio-indigena-lleva-una-decada-de-transmision-comunitaria\/\",\"name\":\"Radio ind\u00edgena lleva una d\u00e9cada de transmisi\u00f3n comunitaria - Tierraviva\",\"isPartOf\":{\"@id\":\"https:\/\/vortice.rocks\/clientes\/tierraviva\/#website\"},\"datePublished\":\"2023-07-13T20:07:58+00:00\",\"dateModified\":\"2023-07-13T20:11:57+00:00\",\"author\":{\"@id\":\"https:\/\/vortice.rocks\/clientes\/tierraviva\/#\/schema\/person\/0652c5aad419c86cff8f8129d355edd0\"},\"breadcrumb\":{\"@id\":\"https:\/\/vortice.rocks\/clientes\/tierraviva\/radio-indigena-lleva-una-decada-de-transmision-comunitaria\/#breadcrumb\"},\"inLanguage\":\"es\",\"potentialAction\":[{\"@type\":\"ReadAction\",\"target\":[\"https:\/\/vortice.rocks\/clientes\/tierraviva\/radio-indigena-lleva-una-decada-de-transmision-comunitaria\/\"]}]},{\"@type\":\"BreadcrumbList\",\"@id\":\"https:\/\/vortice.rocks\/clientes\/tierraviva\/radio-indigena-lleva-una-decada-de-transmision-comunitaria\/#breadcrumb\",\"itemListElement\":[{\"@type\":\"ListItem\",\"position\":1,\"name\":\"Portada\",\"item\":\"https:\/\/vortice.rocks\/clientes\/tierraviva\/\"},{\"@type\":\"ListItem\",\"position\":2,\"name\":\"Radio ind\u00edgena lleva una d\u00e9cada de transmisi\u00f3n comunitaria\"}]},{\"@type\":\"WebSite\",\"@id\":\"https:\/\/vortice.rocks\/clientes\/tierraviva\/#website\",\"url\":\"https:\/\/vortice.rocks\/clientes\/tierraviva\/\",\"name\":\"Tierraviva\",\"description\":\"\",\"potentialAction\":[{\"@type\":\"SearchAction\",\"target\":{\"@type\":\"EntryPoint\",\"urlTemplate\":\"https:\/\/vortice.rocks\/clientes\/tierraviva\/?s={search_term_string}\"},\"query-input\":\"required name=search_term_string\"}],\"inLanguage\":\"es\"},{\"@type\":\"Person\",\"@id\":\"https:\/\/vortice.rocks\/clientes\/tierraviva\/#\/schema\/person\/0652c5aad419c86cff8f8129d355edd0\",\"name\":\"Santi Ortiz\",\"image\":{\"@type\":\"ImageObject\",\"inLanguage\":\"es\",\"@id\":\"https:\/\/vortice.rocks\/clientes\/tierraviva\/#\/schema\/person\/image\/\",\"url\":\"https:\/\/secure.gravatar.com\/avatar\/78bab899e21d2840245c1646bfc64d01?s=96&d=mm&r=g\",\"contentUrl\":\"https:\/\/secure.gravatar.com\/avatar\/78bab899e21d2840245c1646bfc64d01?s=96&d=mm&r=g\",\"caption\":\"Santi Ortiz\"},\"sameAs\":[\"https:\/\/vortice.rocks\/clientes\/tierraviva\"],\"url\":\"https:\/\/vortice.rocks\/clientes\/tierraviva\/author\/santi-ortiz\/\"}]}<\/script>\n<!-- \/ Yoast SEO plugin. -->","yoast_head_json":{"title":"Radio ind\u00edgena lleva una d\u00e9cada de transmisi\u00f3n comunitaria - Tierraviva","robots":{"index":"index","follow":"follow","max-snippet":"max-snippet:-1","max-image-preview":"max-image-preview:large","max-video-preview":"max-video-preview:-1"},"canonical":"https:\/\/vortice.rocks\/clientes\/tierraviva\/radio-indigena-lleva-una-decada-de-transmision-comunitaria\/","og_locale":"es_ES","og_type":"article","og_title":"Radio ind\u00edgena lleva una d\u00e9cada de transmisi\u00f3n comunitaria - Tierraviva","og_description":"En la comunidad ind\u00edgena Jotoicha \u2013 Campo Loa, distrito de Mariscal Estigarribia \u2013 Boquer\u00f3n, desde hace 10 a\u00f1os funciona la radio \u201cNuestra Se\u00f1ora de la Asunci\u00f3n\u201d con un servicio relevante y muy necesario para la gente, seg\u00fan cuenta Nicanor Acosta, uno de los directivos. Comenz\u00f3 a emitir se\u00f1al en el 2013 constituy\u00e9ndose en la actualidadSeguir leyendo \"Radio ind\u00edgena lleva una d\u00e9cada de transmisi\u00f3n comunitaria\"","og_url":"https:\/\/vortice.rocks\/clientes\/tierraviva\/radio-indigena-lleva-una-decada-de-transmision-comunitaria\/","og_site_name":"Tierraviva","article_publisher":"https:\/\/www.facebook.com\/Tierraviva-a-los-pueblos-indigenas-del-Chaco-217328148281564\/","article_published_time":"2023-07-13T20:07:58+00:00","article_modified_time":"2023-07-13T20:11:57+00:00","og_image":[{"width":864,"height":576,"url":"https:\/\/vortice.rocks\/clientes\/tierraviva\/wp-content\/uploads\/2023\/07\/WhatsApp-Image-2023-07-13-at-15.54.12.jpeg","type":"image\/jpeg"}],"author":"Santi Ortiz","twitter_misc":{"Escrito por":"Santi Ortiz","Tiempo de lectura":"1 minuto"},"schema":{"@context":"https:\/\/schema.org","@graph":[{"@type":"WebPage","@id":"https:\/\/vortice.rocks\/clientes\/tierraviva\/radio-indigena-lleva-una-decada-de-transmision-comunitaria\/","url":"https:\/\/vortice.rocks\/clientes\/tierraviva\/radio-indigena-lleva-una-decada-de-transmision-comunitaria\/","name":"Radio ind\u00edgena lleva una d\u00e9cada de transmisi\u00f3n comunitaria - Tierraviva","isPartOf":{"@id":"https:\/\/vortice.rocks\/clientes\/tierraviva\/#website"},"datePublished":"2023-07-13T20:07:58+00:00","dateModified":"2023-07-13T20:11:57+00:00","author":{"@id":"https:\/\/vortice.rocks\/clientes\/tierraviva\/#\/schema\/person\/0652c5aad419c86cff8f8129d355edd0"},"breadcrumb":{"@id":"https:\/\/vortice.rocks\/clientes\/tierraviva\/radio-indigena-lleva-una-decada-de-transmision-comunitaria\/#breadcrumb"},"inLanguage":"es","potentialAction":[{"@type":"ReadAction","target":["https:\/\/vortice.rocks\/clientes\/tierraviva\/radio-indigena-lleva-una-decada-de-transmision-comunitaria\/"]}]},{"@type":"BreadcrumbList","@id":"https:\/\/vortice.rocks\/clientes\/tierraviva\/radio-indigena-lleva-una-decada-de-transmision-comunitaria\/#breadcrumb","itemListElement":[{"@type":"ListItem","position":1,"name":"Portada","item":"https:\/\/vortice.rocks\/clientes\/tierraviva\/"},{"@type":"ListItem","position":2,"name":"Radio ind\u00edgena lleva una d\u00e9cada de transmisi\u00f3n comunitaria"}]},{"@type":"WebSite","@id":"https:\/\/vortice.rocks\/clientes\/tierraviva\/#website","url":"https:\/\/vortice.rocks\/clientes\/tierraviva\/","name":"Tierraviva","description":"","potentialAction":[{"@type":"SearchAction","target":{"@type":"EntryPoint","urlTemplate":"https:\/\/vortice.rocks\/clientes\/tierraviva\/?s={search_term_string}"},"query-input":"required name=search_term_string"}],"inLanguage":"es"},{"@type":"Person","@id":"https:\/\/vortice.rocks\/clientes\/tierraviva\/#\/schema\/person\/0652c5aad419c86cff8f8129d355edd0","name":"Santi Ortiz","image":{"@type":"ImageObject","inLanguage":"es","@id":"https:\/\/vortice.rocks\/clientes\/tierraviva\/#\/schema\/person\/image\/","url":"https:\/\/secure.gravatar.com\/avatar\/78bab899e21d2840245c1646bfc64d01?s=96&d=mm&r=g","contentUrl":"https:\/\/secure.gravatar.com\/avatar\/78bab899e21d2840245c1646bfc64d01?s=96&d=mm&r=g","caption":"Santi Ortiz"},"sameAs":["https:\/\/vortice.rocks\/clientes\/tierraviva"],"url":"https:\/\/vortice.rocks\/clientes\/tierraviva\/author\/santi-ortiz\/"}]}},"_links":{"self":[{"href":"https:\/\/vortice.rocks\/clientes\/tierraviva\/wp-json\/wp\/v2\/posts\/3195"}],"collection":[{"href":"https:\/\/vortice.rocks\/clientes\/tierraviva\/wp-json\/wp\/v2\/posts"}],"about":[{"href":"https:\/\/vortice.rocks\/clientes\/tierraviva\/wp-json\/wp\/v2\/types\/post"}],"author":[{"embeddable":true,"href":"https:\/\/vortice.rocks\/clientes\/tierraviva\/wp-json\/wp\/v2\/users\/5"}],"replies":[{"embeddable":true,"href":"https:\/\/vortice.rocks\/clientes\/tierraviva\/wp-json\/wp\/v2\/comments?post=3195"}],"version-history":[{"count":3,"href":"https:\/\/vortice.rocks\/clientes\/tierraviva\/wp-json\/wp\/v2\/posts\/3195\/revisions"}],"predecessor-version":[{"id":3200,"href":"https:\/\/vortice.rocks\/clientes\/tierraviva\/wp-json\/wp\/v2\/posts\/3195\/revisions\/3200"}],"wp:featuredmedia":[{"embeddable":true,"href":"https:\/\/vortice.rocks\/clientes\/tierraviva\/wp-json\/wp\/v2\/media\/3196"}],"wp:attachment":[{"href":"https:\/\/vortice.rocks\/clientes\/tierraviva\/wp-json\/wp\/v2\/media?parent=3195"}],"wp:term":[{"taxonomy":"category","embeddable":true,"href":"https:\/\/vortice.rocks\/clientes\/tierraviva\/wp-json\/wp\/v2\/categories?post=3195"},{"taxonomy":"post_tag","embeddable":true,"href":"https:\/\/vortice.rocks\/clientes\/tierraviva\/wp-json\/wp\/v2\/tags?post=3195"}],"curies":[{"name":"wp","href":"https:\/\/api.w.org\/{rel}","templated":true}]}}