{"id":3218,"date":"2023-07-27T15:35:11","date_gmt":"2023-07-27T19:35:11","guid":{"rendered":"https:\/\/vortice.rocks\/clientes\/tierraviva\/?p=3218"},"modified":"2023-07-27T15:44:48","modified_gmt":"2023-07-27T19:44:48","slug":"indigenas-reclaman-canalizacion-de-caminos","status":"publish","type":"post","link":"https:\/\/vortice.rocks\/clientes\/tierraviva\/indigenas-reclaman-canalizacion-de-caminos\/","title":{"rendered":"Ind\u00edgenas reclaman canalizaci\u00f3n de caminos"},"content":{"rendered":"<p>Albino G\u00f3mez, l\u00edder de Yakye Axa, habla sobre la preocupaci\u00f3n generada en la comunidad ind\u00edgena respecto a la construcci\u00f3n del camino de todo tiempo, un compromiso del Estado conforme a puntos resolutivos de la sentencia de la Corte Interamericana de Derechos Humanos Corte-IDH. <a href=\"https:\/\/vortice.rocks\/clientes\/tierraviva\/wp-content\/uploads\/2023\/07\/YA-scaled.jpg\"><img decoding=\"async\" class=\"alignleft size-thumbnail wp-image-3219\" src=\"https:\/\/vortice.rocks\/clientes\/tierraviva\/wp-content\/uploads\/2023\/07\/YA-150x150.jpg\" alt=\"\" width=\"150\" height=\"150\" \/><\/a><\/p>\n<p>Si bien reconoce el avance de las obras, les preocupa la terminaci\u00f3n en algunos tramos del trazado, pues a criterio de ellos no re\u00fanen las condiciones t\u00e9cnicas b\u00e1sicas como el caso de una buena canalizaci\u00f3n para la circulaci\u00f3n adecuada de las aguas.<\/p>\n<p>Adem\u00e1s, al camino de tierra le falta el enripiado de alrededor de 10 cm de altura para que efectivamente se garantice un camino de todo tiempo.<\/p>\n<p>Otro punto preocupante para la gente es la construcci\u00f3n de los caminos internos a cargo del Ministerio de Obras P\u00fablicas y Comunicaciones MOPC que hasta el momento poco o nada se tiene avanzado.<\/p>\n<p>Actualmente la comunidad est\u00e1 aislada, pues en veh\u00edculos es imposible, solamente a pie o en motos se pueden llegar a las tierras adquiridas donde viven 58 familias del Pueblo Enxet.<\/p>\n<p><strong>Vea v\u00eddeo:\u00a0<\/strong><\/p>\n<p><iframe title=\"Ind\u00edgenas reclaman canalizaci\u00f3n de caminos\" width=\"620\" height=\"349\" src=\"https:\/\/www.youtube.com\/embed\/DYrusPVbRoI?feature=oembed\" frameborder=\"0\" allow=\"accelerometer; autoplay; clipboard-write; encrypted-media; gyroscope; picture-in-picture; web-share\" allowfullscreen><\/iframe><\/p>\n","protected":false},"excerpt":{"rendered":"<p>Albino G\u00f3mez, l\u00edder de Yakye Axa, habla sobre la preocupaci\u00f3n generada en la comunidad ind\u00edgena respecto a la construcci\u00f3n del camino de todo tiempo, un compromiso del Estado conforme a puntos resolutivos de la sentencia de la Corte Interamericana de Derechos Humanos Corte-IDH. Si bien reconoce el avance de las obras, les preocupa la terminaci\u00f3n<a class=\"more-link\" href=\"https:\/\/vortice.rocks\/clientes\/tierraviva\/indigenas-reclaman-canalizacion-de-caminos\/\">Seguir leyendo <span class=\"screen-reader-text\">&#8220;Ind\u00edgenas reclaman canalizaci\u00f3n de caminos&#8221;<\/span><\/a><\/p>\n","protected":false},"author":5,"featured_media":3224,"comment_status":"open","ping_status":"open","sticky":false,"template":"","format":"standard","meta":{"_exactmetrics_skip_tracking":false,"_exactmetrics_sitenote_active":false,"_exactmetrics_sitenote_note":"","_exactmetrics_sitenote_category":0,"footnotes":""},"categories":[67,3],"tags":[75,58],"yoast_head":"<!-- This site is optimized with the Yoast SEO plugin v21.7 - https:\/\/yoast.com\/wordpress\/plugins\/seo\/ -->\n<title>Ind\u00edgenas reclaman canalizaci\u00f3n de caminos - Tierraviva<\/title>\n<meta name=\"robots\" content=\"index, follow, max-snippet:-1, max-image-preview:large, max-video-preview:-1\" \/>\n<link rel=\"canonical\" href=\"https:\/\/vortice.rocks\/clientes\/tierraviva\/indigenas-reclaman-canalizacion-de-caminos\/\" \/>\n<meta property=\"og:locale\" content=\"es_ES\" \/>\n<meta property=\"og:type\" content=\"article\" \/>\n<meta property=\"og:title\" content=\"Ind\u00edgenas reclaman canalizaci\u00f3n de caminos - Tierraviva\" \/>\n<meta property=\"og:description\" content=\"Albino G\u00f3mez, l\u00edder de Yakye Axa, habla sobre la preocupaci\u00f3n generada en la comunidad ind\u00edgena respecto a la construcci\u00f3n del camino de todo tiempo, un compromiso del Estado conforme a puntos resolutivos de la sentencia de la Corte Interamericana de Derechos Humanos Corte-IDH. Si bien reconoce el avance de las obras, les preocupa la terminaci\u00f3nSeguir leyendo &quot;Ind\u00edgenas reclaman canalizaci\u00f3n de caminos&quot;\" \/>\n<meta property=\"og:url\" content=\"https:\/\/vortice.rocks\/clientes\/tierraviva\/indigenas-reclaman-canalizacion-de-caminos\/\" \/>\n<meta property=\"og:site_name\" content=\"Tierraviva\" \/>\n<meta property=\"article:publisher\" content=\"https:\/\/www.facebook.com\/Tierraviva-a-los-pueblos-indigenas-del-Chaco-217328148281564\/\" \/>\n<meta property=\"article:published_time\" content=\"2023-07-27T19:35:11+00:00\" \/>\n<meta property=\"article:modified_time\" content=\"2023-07-27T19:44:48+00:00\" \/>\n<meta property=\"og:image\" content=\"https:\/\/vortice.rocks\/clientes\/tierraviva\/wp-content\/uploads\/2023\/07\/YA-2023.jpg\" \/>\n\t<meta property=\"og:image:width\" content=\"1515\" \/>\n\t<meta property=\"og:image:height\" content=\"1888\" \/>\n\t<meta property=\"og:image:type\" content=\"image\/jpeg\" \/>\n<meta name=\"author\" content=\"Santi Ortiz\" \/>\n<meta name=\"twitter:label1\" content=\"Escrito por\" \/>\n\t<meta name=\"twitter:data1\" content=\"Santi Ortiz\" \/>\n\t<meta name=\"twitter:label2\" content=\"Tiempo de lectura\" \/>\n\t<meta name=\"twitter:data2\" content=\"1 minuto\" \/>\n<script type=\"application\/ld+json\" class=\"yoast-schema-graph\">{\"@context\":\"https:\/\/schema.org\",\"@graph\":[{\"@type\":\"WebPage\",\"@id\":\"https:\/\/vortice.rocks\/clientes\/tierraviva\/indigenas-reclaman-canalizacion-de-caminos\/\",\"url\":\"https:\/\/vortice.rocks\/clientes\/tierraviva\/indigenas-reclaman-canalizacion-de-caminos\/\",\"name\":\"Ind\u00edgenas reclaman canalizaci\u00f3n de caminos - Tierraviva\",\"isPartOf\":{\"@id\":\"https:\/\/vortice.rocks\/clientes\/tierraviva\/#website\"},\"datePublished\":\"2023-07-27T19:35:11+00:00\",\"dateModified\":\"2023-07-27T19:44:48+00:00\",\"author\":{\"@id\":\"https:\/\/vortice.rocks\/clientes\/tierraviva\/#\/schema\/person\/0652c5aad419c86cff8f8129d355edd0\"},\"breadcrumb\":{\"@id\":\"https:\/\/vortice.rocks\/clientes\/tierraviva\/indigenas-reclaman-canalizacion-de-caminos\/#breadcrumb\"},\"inLanguage\":\"es\",\"potentialAction\":[{\"@type\":\"ReadAction\",\"target\":[\"https:\/\/vortice.rocks\/clientes\/tierraviva\/indigenas-reclaman-canalizacion-de-caminos\/\"]}]},{\"@type\":\"BreadcrumbList\",\"@id\":\"https:\/\/vortice.rocks\/clientes\/tierraviva\/indigenas-reclaman-canalizacion-de-caminos\/#breadcrumb\",\"itemListElement\":[{\"@type\":\"ListItem\",\"position\":1,\"name\":\"Portada\",\"item\":\"https:\/\/vortice.rocks\/clientes\/tierraviva\/\"},{\"@type\":\"ListItem\",\"position\":2,\"name\":\"Ind\u00edgenas reclaman canalizaci\u00f3n de caminos\"}]},{\"@type\":\"WebSite\",\"@id\":\"https:\/\/vortice.rocks\/clientes\/tierraviva\/#website\",\"url\":\"https:\/\/vortice.rocks\/clientes\/tierraviva\/\",\"name\":\"Tierraviva\",\"description\":\"\",\"potentialAction\":[{\"@type\":\"SearchAction\",\"target\":{\"@type\":\"EntryPoint\",\"urlTemplate\":\"https:\/\/vortice.rocks\/clientes\/tierraviva\/?s={search_term_string}\"},\"query-input\":\"required name=search_term_string\"}],\"inLanguage\":\"es\"},{\"@type\":\"Person\",\"@id\":\"https:\/\/vortice.rocks\/clientes\/tierraviva\/#\/schema\/person\/0652c5aad419c86cff8f8129d355edd0\",\"name\":\"Santi Ortiz\",\"image\":{\"@type\":\"ImageObject\",\"inLanguage\":\"es\",\"@id\":\"https:\/\/vortice.rocks\/clientes\/tierraviva\/#\/schema\/person\/image\/\",\"url\":\"https:\/\/secure.gravatar.com\/avatar\/78bab899e21d2840245c1646bfc64d01?s=96&d=mm&r=g\",\"contentUrl\":\"https:\/\/secure.gravatar.com\/avatar\/78bab899e21d2840245c1646bfc64d01?s=96&d=mm&r=g\",\"caption\":\"Santi Ortiz\"},\"sameAs\":[\"https:\/\/vortice.rocks\/clientes\/tierraviva\"],\"url\":\"https:\/\/vortice.rocks\/clientes\/tierraviva\/author\/santi-ortiz\/\"}]}<\/script>\n<!-- \/ Yoast SEO plugin. -->","yoast_head_json":{"title":"Ind\u00edgenas reclaman canalizaci\u00f3n de caminos - Tierraviva","robots":{"index":"index","follow":"follow","max-snippet":"max-snippet:-1","max-image-preview":"max-image-preview:large","max-video-preview":"max-video-preview:-1"},"canonical":"https:\/\/vortice.rocks\/clientes\/tierraviva\/indigenas-reclaman-canalizacion-de-caminos\/","og_locale":"es_ES","og_type":"article","og_title":"Ind\u00edgenas reclaman canalizaci\u00f3n de caminos - Tierraviva","og_description":"Albino G\u00f3mez, l\u00edder de Yakye Axa, habla sobre la preocupaci\u00f3n generada en la comunidad ind\u00edgena respecto a la construcci\u00f3n del camino de todo tiempo, un compromiso del Estado conforme a puntos resolutivos de la sentencia de la Corte Interamericana de Derechos Humanos Corte-IDH. Si bien reconoce el avance de las obras, les preocupa la terminaci\u00f3nSeguir leyendo \"Ind\u00edgenas reclaman canalizaci\u00f3n de caminos\"","og_url":"https:\/\/vortice.rocks\/clientes\/tierraviva\/indigenas-reclaman-canalizacion-de-caminos\/","og_site_name":"Tierraviva","article_publisher":"https:\/\/www.facebook.com\/Tierraviva-a-los-pueblos-indigenas-del-Chaco-217328148281564\/","article_published_time":"2023-07-27T19:35:11+00:00","article_modified_time":"2023-07-27T19:44:48+00:00","og_image":[{"width":1515,"height":1888,"url":"https:\/\/vortice.rocks\/clientes\/tierraviva\/wp-content\/uploads\/2023\/07\/YA-2023.jpg","type":"image\/jpeg"}],"author":"Santi Ortiz","twitter_misc":{"Escrito por":"Santi Ortiz","Tiempo de lectura":"1 minuto"},"schema":{"@context":"https:\/\/schema.org","@graph":[{"@type":"WebPage","@id":"https:\/\/vortice.rocks\/clientes\/tierraviva\/indigenas-reclaman-canalizacion-de-caminos\/","url":"https:\/\/vortice.rocks\/clientes\/tierraviva\/indigenas-reclaman-canalizacion-de-caminos\/","name":"Ind\u00edgenas reclaman canalizaci\u00f3n de caminos - Tierraviva","isPartOf":{"@id":"https:\/\/vortice.rocks\/clientes\/tierraviva\/#website"},"datePublished":"2023-07-27T19:35:11+00:00","dateModified":"2023-07-27T19:44:48+00:00","author":{"@id":"https:\/\/vortice.rocks\/clientes\/tierraviva\/#\/schema\/person\/0652c5aad419c86cff8f8129d355edd0"},"breadcrumb":{"@id":"https:\/\/vortice.rocks\/clientes\/tierraviva\/indigenas-reclaman-canalizacion-de-caminos\/#breadcrumb"},"inLanguage":"es","potentialAction":[{"@type":"ReadAction","target":["https:\/\/vortice.rocks\/clientes\/tierraviva\/indigenas-reclaman-canalizacion-de-caminos\/"]}]},{"@type":"BreadcrumbList","@id":"https:\/\/vortice.rocks\/clientes\/tierraviva\/indigenas-reclaman-canalizacion-de-caminos\/#breadcrumb","itemListElement":[{"@type":"ListItem","position":1,"name":"Portada","item":"https:\/\/vortice.rocks\/clientes\/tierraviva\/"},{"@type":"ListItem","position":2,"name":"Ind\u00edgenas reclaman canalizaci\u00f3n de caminos"}]},{"@type":"WebSite","@id":"https:\/\/vortice.rocks\/clientes\/tierraviva\/#website","url":"https:\/\/vortice.rocks\/clientes\/tierraviva\/","name":"Tierraviva","description":"","potentialAction":[{"@type":"SearchAction","target":{"@type":"EntryPoint","urlTemplate":"https:\/\/vortice.rocks\/clientes\/tierraviva\/?s={search_term_string}"},"query-input":"required name=search_term_string"}],"inLanguage":"es"},{"@type":"Person","@id":"https:\/\/vortice.rocks\/clientes\/tierraviva\/#\/schema\/person\/0652c5aad419c86cff8f8129d355edd0","name":"Santi Ortiz","image":{"@type":"ImageObject","inLanguage":"es","@id":"https:\/\/vortice.rocks\/clientes\/tierraviva\/#\/schema\/person\/image\/","url":"https:\/\/secure.gravatar.com\/avatar\/78bab899e21d2840245c1646bfc64d01?s=96&d=mm&r=g","contentUrl":"https:\/\/secure.gravatar.com\/avatar\/78bab899e21d2840245c1646bfc64d01?s=96&d=mm&r=g","caption":"Santi Ortiz"},"sameAs":["https:\/\/vortice.rocks\/clientes\/tierraviva"],"url":"https:\/\/vortice.rocks\/clientes\/tierraviva\/author\/santi-ortiz\/"}]}},"_links":{"self":[{"href":"https:\/\/vortice.rocks\/clientes\/tierraviva\/wp-json\/wp\/v2\/posts\/3218"}],"collection":[{"href":"https:\/\/vortice.rocks\/clientes\/tierraviva\/wp-json\/wp\/v2\/posts"}],"about":[{"href":"https:\/\/vortice.rocks\/clientes\/tierraviva\/wp-json\/wp\/v2\/types\/post"}],"author":[{"embeddable":true,"href":"https:\/\/vortice.rocks\/clientes\/tierraviva\/wp-json\/wp\/v2\/users\/5"}],"replies":[{"embeddable":true,"href":"https:\/\/vortice.rocks\/clientes\/tierraviva\/wp-json\/wp\/v2\/comments?post=3218"}],"version-history":[{"count":1,"href":"https:\/\/vortice.rocks\/clientes\/tierraviva\/wp-json\/wp\/v2\/posts\/3218\/revisions"}],"predecessor-version":[{"id":3221,"href":"https:\/\/vortice.rocks\/clientes\/tierraviva\/wp-json\/wp\/v2\/posts\/3218\/revisions\/3221"}],"wp:featuredmedia":[{"embeddable":true,"href":"https:\/\/vortice.rocks\/clientes\/tierraviva\/wp-json\/wp\/v2\/media\/3224"}],"wp:attachment":[{"href":"https:\/\/vortice.rocks\/clientes\/tierraviva\/wp-json\/wp\/v2\/media?parent=3218"}],"wp:term":[{"taxonomy":"category","embeddable":true,"href":"https:\/\/vortice.rocks\/clientes\/tierraviva\/wp-json\/wp\/v2\/categories?post=3218"},{"taxonomy":"post_tag","embeddable":true,"href":"https:\/\/vortice.rocks\/clientes\/tierraviva\/wp-json\/wp\/v2\/tags?post=3218"}],"curies":[{"name":"wp","href":"https:\/\/api.w.org\/{rel}","templated":true}]}}