{"id":3242,"date":"2023-08-09T14:08:49","date_gmt":"2023-08-09T18:08:49","guid":{"rendered":"https:\/\/vortice.rocks\/clientes\/tierraviva\/?p=3242"},"modified":"2023-08-09T14:08:49","modified_gmt":"2023-08-09T18:08:49","slug":"lideres-indigenas-denuncian-invasion-de-sus-territorios","status":"publish","type":"post","link":"https:\/\/vortice.rocks\/clientes\/tierraviva\/lideres-indigenas-denuncian-invasion-de-sus-territorios\/","title":{"rendered":"L\u00edderes ind\u00edgenas denuncian invasi\u00f3n de sus territorios"},"content":{"rendered":"<p><a href=\"https:\/\/vortice.rocks\/clientes\/tierraviva\/wp-content\/uploads\/2023\/08\/20230809_102442-scaled.jpg\"><img decoding=\"async\" class=\"alignleft size-thumbnail wp-image-3244\" src=\"https:\/\/vortice.rocks\/clientes\/tierraviva\/wp-content\/uploads\/2023\/08\/20230809_102442-150x150.jpg\" alt=\"\" width=\"150\" height=\"150\" \/><\/a><strong>En el D\u00eda Internacional de los Pueblos Ind\u00edgenas denuncian irregularidades en causas que afectan a Comunidades<\/strong><\/p>\n<p>Este mi\u00e9rcoles 9 de agosto, en conmemoraci\u00f3n del D\u00eda Internacional de los Pueblos Ind\u00edgenas, integrantes de la Coordinadora de L\u00edderes Ind\u00edgenas del Bajo Chaco (CLIBCh) denunciaron ante el Ministerio P\u00fablico las irregularidades ocurridas en causas que afectan a Comunidades Ind\u00edgenas que son v\u00edctimas de invasi\u00f3n de sus territorios.<\/p>\n<p>Las v\u00edctimas y denunciantes son las comunidades ind\u00edgenas Yakye Axa y Kelyenmagategma, del Pueblo Enxet, Departamento de Presidente Hayes, cuyas tierras son tierras aseguradas por el Estado paraguayo para las citadas comunidades, pero que est\u00e1n sufriendo graves menoscabos territoriales y ambientales por autores no identificados desde hace ya un tiempo considerable, sin que exista un esclarecimiento del hecho por parte del Ministerio P\u00fablico.<\/p>\n<p>Seg\u00fan se\u00f1alaron los denunciantes la investigaci\u00f3n, desde sus inicios, estuvo a cargo de la Agente Fiscal de la Unidad Penal N\u00b0 1 de Pozo Colorado Abg. Norma Paredes y posteriormente qued\u00f3 a cargo del Fiscal Enrique D\u00edaz, quien asumi\u00f3 recientemente la Unidad Penal N\u00b0 2 de la citada circunscripci\u00f3n. Sin embargo, la causa que afectar\u00eda a ganaderos poderosos de la zona, como el ex senador Fidel Zavala, no tuvo avances y no se han realizado diligencias relevantes para avanzar en la investigaci\u00f3n.<\/p>\n<p>Seg\u00fan se se\u00f1ala en la denuncia existe una &#8220;demora injustificada de la causa, inobservancia del debido proceso, inobservancia de un plazo razonable; y teniendo en consideraci\u00f3n que no se carece de posibles elementos ni de una teor\u00eda del caso, corresponde y amerita una investigaci\u00f3n de las irregularidades cometidas por la Agente del Ministerio P\u00fablico mediante la auditor\u00eda de las diligencias obrantes en la investigaci\u00f3n del hecho punible de invasi\u00f3n de inmueble individualizada&#8221;.<\/p>\n<p>Los l\u00edderes de la CLIBCh solicitaron la auditor\u00eda de la carpeta fiscal y que se apliquen las sanciones que fueren pertinentes a los responsables del &#8220;cajoneo&#8221; de la causa.<\/p>\n<p><strong>Vea conferencia de prensa:<\/strong><\/p>\n<p><iframe title=\"L\u00edderes ind\u00edgenas denuncian invasi\u00f3n de sus territorios\" width=\"620\" height=\"349\" src=\"https:\/\/www.youtube.com\/embed\/ptr_X3x_4FU?feature=oembed\" frameborder=\"0\" allow=\"accelerometer; autoplay; clipboard-write; encrypted-media; gyroscope; picture-in-picture; web-share\" allowfullscreen><\/iframe><\/p>\n<p>&nbsp;<\/p>\n","protected":false},"excerpt":{"rendered":"<p>En el D\u00eda Internacional de los Pueblos Ind\u00edgenas denuncian irregularidades en causas que afectan a Comunidades Este mi\u00e9rcoles 9 de agosto, en conmemoraci\u00f3n del D\u00eda Internacional de los Pueblos Ind\u00edgenas, integrantes de la Coordinadora de L\u00edderes Ind\u00edgenas del Bajo Chaco (CLIBCh) denunciaron ante el Ministerio P\u00fablico las irregularidades ocurridas en causas que afectan a Comunidades<a class=\"more-link\" href=\"https:\/\/vortice.rocks\/clientes\/tierraviva\/lideres-indigenas-denuncian-invasion-de-sus-territorios\/\">Seguir leyendo <span class=\"screen-reader-text\">&#8220;L\u00edderes ind\u00edgenas denuncian invasi\u00f3n de sus territorios&#8221;<\/span><\/a><\/p>\n","protected":false},"author":5,"featured_media":3243,"comment_status":"open","ping_status":"open","sticky":false,"template":"","format":"standard","meta":{"_exactmetrics_skip_tracking":false,"_exactmetrics_sitenote_active":false,"_exactmetrics_sitenote_note":"","_exactmetrics_sitenote_category":0,"footnotes":""},"categories":[67],"tags":[110,109,184,58],"yoast_head":"<!-- This site is optimized with the Yoast SEO plugin v21.7 - https:\/\/yoast.com\/wordpress\/plugins\/seo\/ -->\n<title>L\u00edderes ind\u00edgenas denuncian invasi\u00f3n de sus territorios - Tierraviva<\/title>\n<meta name=\"robots\" content=\"index, follow, max-snippet:-1, max-image-preview:large, max-video-preview:-1\" \/>\n<link rel=\"canonical\" href=\"https:\/\/vortice.rocks\/clientes\/tierraviva\/lideres-indigenas-denuncian-invasion-de-sus-territorios\/\" \/>\n<meta property=\"og:locale\" content=\"es_ES\" \/>\n<meta property=\"og:type\" content=\"article\" \/>\n<meta property=\"og:title\" content=\"L\u00edderes ind\u00edgenas denuncian invasi\u00f3n de sus territorios - Tierraviva\" \/>\n<meta property=\"og:description\" content=\"En el D\u00eda Internacional de los Pueblos Ind\u00edgenas denuncian irregularidades en causas que afectan a Comunidades Este mi\u00e9rcoles 9 de agosto, en conmemoraci\u00f3n del D\u00eda Internacional de los Pueblos Ind\u00edgenas, integrantes de la Coordinadora de L\u00edderes Ind\u00edgenas del Bajo Chaco (CLIBCh) denunciaron ante el Ministerio P\u00fablico las irregularidades ocurridas en causas que afectan a ComunidadesSeguir leyendo &quot;L\u00edderes ind\u00edgenas denuncian invasi\u00f3n de sus territorios&quot;\" \/>\n<meta property=\"og:url\" content=\"https:\/\/vortice.rocks\/clientes\/tierraviva\/lideres-indigenas-denuncian-invasion-de-sus-territorios\/\" \/>\n<meta property=\"og:site_name\" content=\"Tierraviva\" \/>\n<meta property=\"article:publisher\" content=\"https:\/\/www.facebook.com\/Tierraviva-a-los-pueblos-indigenas-del-Chaco-217328148281564\/\" \/>\n<meta property=\"article:published_time\" content=\"2023-08-09T18:08:49+00:00\" \/>\n<meta property=\"og:image\" content=\"https:\/\/vortice.rocks\/clientes\/tierraviva\/wp-content\/uploads\/2023\/08\/20230809_103319-scaled.jpg\" \/>\n\t<meta property=\"og:image:width\" content=\"2560\" \/>\n\t<meta property=\"og:image:height\" content=\"1708\" \/>\n\t<meta property=\"og:image:type\" content=\"image\/jpeg\" \/>\n<meta name=\"author\" content=\"Santi Ortiz\" \/>\n<meta name=\"twitter:label1\" content=\"Escrito por\" \/>\n\t<meta name=\"twitter:data1\" content=\"Santi Ortiz\" \/>\n\t<meta name=\"twitter:label2\" content=\"Tiempo de lectura\" \/>\n\t<meta name=\"twitter:data2\" content=\"2 minutos\" \/>\n<script type=\"application\/ld+json\" class=\"yoast-schema-graph\">{\"@context\":\"https:\/\/schema.org\",\"@graph\":[{\"@type\":\"WebPage\",\"@id\":\"https:\/\/vortice.rocks\/clientes\/tierraviva\/lideres-indigenas-denuncian-invasion-de-sus-territorios\/\",\"url\":\"https:\/\/vortice.rocks\/clientes\/tierraviva\/lideres-indigenas-denuncian-invasion-de-sus-territorios\/\",\"name\":\"L\u00edderes ind\u00edgenas denuncian invasi\u00f3n de sus territorios - Tierraviva\",\"isPartOf\":{\"@id\":\"https:\/\/vortice.rocks\/clientes\/tierraviva\/#website\"},\"datePublished\":\"2023-08-09T18:08:49+00:00\",\"dateModified\":\"2023-08-09T18:08:49+00:00\",\"author\":{\"@id\":\"https:\/\/vortice.rocks\/clientes\/tierraviva\/#\/schema\/person\/0652c5aad419c86cff8f8129d355edd0\"},\"breadcrumb\":{\"@id\":\"https:\/\/vortice.rocks\/clientes\/tierraviva\/lideres-indigenas-denuncian-invasion-de-sus-territorios\/#breadcrumb\"},\"inLanguage\":\"es\",\"potentialAction\":[{\"@type\":\"ReadAction\",\"target\":[\"https:\/\/vortice.rocks\/clientes\/tierraviva\/lideres-indigenas-denuncian-invasion-de-sus-territorios\/\"]}]},{\"@type\":\"BreadcrumbList\",\"@id\":\"https:\/\/vortice.rocks\/clientes\/tierraviva\/lideres-indigenas-denuncian-invasion-de-sus-territorios\/#breadcrumb\",\"itemListElement\":[{\"@type\":\"ListItem\",\"position\":1,\"name\":\"Portada\",\"item\":\"https:\/\/vortice.rocks\/clientes\/tierraviva\/\"},{\"@type\":\"ListItem\",\"position\":2,\"name\":\"L\u00edderes ind\u00edgenas denuncian invasi\u00f3n de sus territorios\"}]},{\"@type\":\"WebSite\",\"@id\":\"https:\/\/vortice.rocks\/clientes\/tierraviva\/#website\",\"url\":\"https:\/\/vortice.rocks\/clientes\/tierraviva\/\",\"name\":\"Tierraviva\",\"description\":\"\",\"potentialAction\":[{\"@type\":\"SearchAction\",\"target\":{\"@type\":\"EntryPoint\",\"urlTemplate\":\"https:\/\/vortice.rocks\/clientes\/tierraviva\/?s={search_term_string}\"},\"query-input\":\"required name=search_term_string\"}],\"inLanguage\":\"es\"},{\"@type\":\"Person\",\"@id\":\"https:\/\/vortice.rocks\/clientes\/tierraviva\/#\/schema\/person\/0652c5aad419c86cff8f8129d355edd0\",\"name\":\"Santi Ortiz\",\"image\":{\"@type\":\"ImageObject\",\"inLanguage\":\"es\",\"@id\":\"https:\/\/vortice.rocks\/clientes\/tierraviva\/#\/schema\/person\/image\/\",\"url\":\"https:\/\/secure.gravatar.com\/avatar\/78bab899e21d2840245c1646bfc64d01?s=96&d=mm&r=g\",\"contentUrl\":\"https:\/\/secure.gravatar.com\/avatar\/78bab899e21d2840245c1646bfc64d01?s=96&d=mm&r=g\",\"caption\":\"Santi Ortiz\"},\"sameAs\":[\"https:\/\/vortice.rocks\/clientes\/tierraviva\"],\"url\":\"https:\/\/vortice.rocks\/clientes\/tierraviva\/author\/santi-ortiz\/\"}]}<\/script>\n<!-- \/ Yoast SEO plugin. -->","yoast_head_json":{"title":"L\u00edderes ind\u00edgenas denuncian invasi\u00f3n de sus territorios - Tierraviva","robots":{"index":"index","follow":"follow","max-snippet":"max-snippet:-1","max-image-preview":"max-image-preview:large","max-video-preview":"max-video-preview:-1"},"canonical":"https:\/\/vortice.rocks\/clientes\/tierraviva\/lideres-indigenas-denuncian-invasion-de-sus-territorios\/","og_locale":"es_ES","og_type":"article","og_title":"L\u00edderes ind\u00edgenas denuncian invasi\u00f3n de sus territorios - Tierraviva","og_description":"En el D\u00eda Internacional de los Pueblos Ind\u00edgenas denuncian irregularidades en causas que afectan a Comunidades Este mi\u00e9rcoles 9 de agosto, en conmemoraci\u00f3n del D\u00eda Internacional de los Pueblos Ind\u00edgenas, integrantes de la Coordinadora de L\u00edderes Ind\u00edgenas del Bajo Chaco (CLIBCh) denunciaron ante el Ministerio P\u00fablico las irregularidades ocurridas en causas que afectan a ComunidadesSeguir leyendo \"L\u00edderes ind\u00edgenas denuncian invasi\u00f3n de sus territorios\"","og_url":"https:\/\/vortice.rocks\/clientes\/tierraviva\/lideres-indigenas-denuncian-invasion-de-sus-territorios\/","og_site_name":"Tierraviva","article_publisher":"https:\/\/www.facebook.com\/Tierraviva-a-los-pueblos-indigenas-del-Chaco-217328148281564\/","article_published_time":"2023-08-09T18:08:49+00:00","og_image":[{"width":2560,"height":1708,"url":"https:\/\/vortice.rocks\/clientes\/tierraviva\/wp-content\/uploads\/2023\/08\/20230809_103319-scaled.jpg","type":"image\/jpeg"}],"author":"Santi Ortiz","twitter_misc":{"Escrito por":"Santi Ortiz","Tiempo de lectura":"2 minutos"},"schema":{"@context":"https:\/\/schema.org","@graph":[{"@type":"WebPage","@id":"https:\/\/vortice.rocks\/clientes\/tierraviva\/lideres-indigenas-denuncian-invasion-de-sus-territorios\/","url":"https:\/\/vortice.rocks\/clientes\/tierraviva\/lideres-indigenas-denuncian-invasion-de-sus-territorios\/","name":"L\u00edderes ind\u00edgenas denuncian invasi\u00f3n de sus territorios - Tierraviva","isPartOf":{"@id":"https:\/\/vortice.rocks\/clientes\/tierraviva\/#website"},"datePublished":"2023-08-09T18:08:49+00:00","dateModified":"2023-08-09T18:08:49+00:00","author":{"@id":"https:\/\/vortice.rocks\/clientes\/tierraviva\/#\/schema\/person\/0652c5aad419c86cff8f8129d355edd0"},"breadcrumb":{"@id":"https:\/\/vortice.rocks\/clientes\/tierraviva\/lideres-indigenas-denuncian-invasion-de-sus-territorios\/#breadcrumb"},"inLanguage":"es","potentialAction":[{"@type":"ReadAction","target":["https:\/\/vortice.rocks\/clientes\/tierraviva\/lideres-indigenas-denuncian-invasion-de-sus-territorios\/"]}]},{"@type":"BreadcrumbList","@id":"https:\/\/vortice.rocks\/clientes\/tierraviva\/lideres-indigenas-denuncian-invasion-de-sus-territorios\/#breadcrumb","itemListElement":[{"@type":"ListItem","position":1,"name":"Portada","item":"https:\/\/vortice.rocks\/clientes\/tierraviva\/"},{"@type":"ListItem","position":2,"name":"L\u00edderes ind\u00edgenas denuncian invasi\u00f3n de sus territorios"}]},{"@type":"WebSite","@id":"https:\/\/vortice.rocks\/clientes\/tierraviva\/#website","url":"https:\/\/vortice.rocks\/clientes\/tierraviva\/","name":"Tierraviva","description":"","potentialAction":[{"@type":"SearchAction","target":{"@type":"EntryPoint","urlTemplate":"https:\/\/vortice.rocks\/clientes\/tierraviva\/?s={search_term_string}"},"query-input":"required name=search_term_string"}],"inLanguage":"es"},{"@type":"Person","@id":"https:\/\/vortice.rocks\/clientes\/tierraviva\/#\/schema\/person\/0652c5aad419c86cff8f8129d355edd0","name":"Santi Ortiz","image":{"@type":"ImageObject","inLanguage":"es","@id":"https:\/\/vortice.rocks\/clientes\/tierraviva\/#\/schema\/person\/image\/","url":"https:\/\/secure.gravatar.com\/avatar\/78bab899e21d2840245c1646bfc64d01?s=96&d=mm&r=g","contentUrl":"https:\/\/secure.gravatar.com\/avatar\/78bab899e21d2840245c1646bfc64d01?s=96&d=mm&r=g","caption":"Santi Ortiz"},"sameAs":["https:\/\/vortice.rocks\/clientes\/tierraviva"],"url":"https:\/\/vortice.rocks\/clientes\/tierraviva\/author\/santi-ortiz\/"}]}},"_links":{"self":[{"href":"https:\/\/vortice.rocks\/clientes\/tierraviva\/wp-json\/wp\/v2\/posts\/3242"}],"collection":[{"href":"https:\/\/vortice.rocks\/clientes\/tierraviva\/wp-json\/wp\/v2\/posts"}],"about":[{"href":"https:\/\/vortice.rocks\/clientes\/tierraviva\/wp-json\/wp\/v2\/types\/post"}],"author":[{"embeddable":true,"href":"https:\/\/vortice.rocks\/clientes\/tierraviva\/wp-json\/wp\/v2\/users\/5"}],"replies":[{"embeddable":true,"href":"https:\/\/vortice.rocks\/clientes\/tierraviva\/wp-json\/wp\/v2\/comments?post=3242"}],"version-history":[{"count":2,"href":"https:\/\/vortice.rocks\/clientes\/tierraviva\/wp-json\/wp\/v2\/posts\/3242\/revisions"}],"predecessor-version":[{"id":3246,"href":"https:\/\/vortice.rocks\/clientes\/tierraviva\/wp-json\/wp\/v2\/posts\/3242\/revisions\/3246"}],"wp:featuredmedia":[{"embeddable":true,"href":"https:\/\/vortice.rocks\/clientes\/tierraviva\/wp-json\/wp\/v2\/media\/3243"}],"wp:attachment":[{"href":"https:\/\/vortice.rocks\/clientes\/tierraviva\/wp-json\/wp\/v2\/media?parent=3242"}],"wp:term":[{"taxonomy":"category","embeddable":true,"href":"https:\/\/vortice.rocks\/clientes\/tierraviva\/wp-json\/wp\/v2\/categories?post=3242"},{"taxonomy":"post_tag","embeddable":true,"href":"https:\/\/vortice.rocks\/clientes\/tierraviva\/wp-json\/wp\/v2\/tags?post=3242"}],"curies":[{"name":"wp","href":"https:\/\/api.w.org\/{rel}","templated":true}]}}