{"id":3269,"date":"2023-08-17T13:18:08","date_gmt":"2023-08-17T17:18:08","guid":{"rendered":"https:\/\/vortice.rocks\/clientes\/tierraviva\/?p=3269"},"modified":"2023-08-17T13:36:44","modified_gmt":"2023-08-17T17:36:44","slug":"desesperacion-indigena-por-falta-de-agua-potable","status":"publish","type":"post","link":"https:\/\/vortice.rocks\/clientes\/tierraviva\/desesperacion-indigena-por-falta-de-agua-potable\/","title":{"rendered":"Desesperaci\u00f3n ind\u00edgena por falta de agua potable"},"content":{"rendered":"<p>Mariano Mendoza, de la Radio Ind\u00edgena \u201cAlternativa La Voz del Pueblo\u201d, comunidad Yalve Sanga del Pueblo Enlhet, distrito de Loma Plata (Boquer\u00f3n) informa que en la zona la gente est\u00e1 desesperada debido a las dificultades que tienen para acceder al agua potable.<\/p>\n<p>Hace tiempo que no llueve, los aljibes est\u00e1n vac\u00edos y los tajamares comunitarios se desabastecen, para proveerse del vital l\u00edquido los ind\u00edgenas deben comprar y la plata no les alcanza, puntualiz\u00f3.<\/p>\n<p>El Proyecto Acueducto enmarcado en el Programa de Saneamiento y Agua Potable para el Chaco y Ciudades Intermedias de la Regi\u00f3n Oriental del Paraguay, ejecutado por el Ministerio de Obras P\u00fablicas y Comunicaciones (MOPC), \u00a0supuestamente 36.000 ind\u00edgenas, de comunidades como Yalve Sanga, Nueva Promesa, La Armon\u00eda, El Estribo, Paz del Chaco, Nueva Vida, Uj\u2019e Lhavos, Yvopey Renda, Cacique Mayeto, Cayin\u2019o Clim, Laguna Negra, Sana Teresita, Colonia 22, Colonia 15 de Agosto, entre otras, iban asegurar la provisi\u00f3n del agua potable, pero la realidad es totalmente lo opuesto, ni una sola gota llega a la gente.<\/p>\n<p><strong>Escuche audio<\/strong><\/p>\n<p><iframe title=\"Desesperaci\u00f3n ind\u00edgena por falta de agua potable\" width=\"620\" height=\"349\" src=\"https:\/\/www.youtube.com\/embed\/vz_wuREc8WA?feature=oembed\" frameborder=\"0\" allow=\"accelerometer; autoplay; clipboard-write; encrypted-media; gyroscope; picture-in-picture; web-share\" allowfullscreen><\/iframe><\/p>\n","protected":false},"excerpt":{"rendered":"<p>Mariano Mendoza, de la Radio Ind\u00edgena \u201cAlternativa La Voz del Pueblo\u201d, comunidad Yalve Sanga del Pueblo Enlhet, distrito de Loma Plata (Boquer\u00f3n) informa que en la zona la gente est\u00e1 desesperada debido a las dificultades que tienen para acceder al agua potable. Hace tiempo que no llueve, los aljibes est\u00e1n vac\u00edos y los tajamares comunitarios<a class=\"more-link\" href=\"https:\/\/vortice.rocks\/clientes\/tierraviva\/desesperacion-indigena-por-falta-de-agua-potable\/\">Seguir leyendo <span class=\"screen-reader-text\">&#8220;Desesperaci\u00f3n ind\u00edgena por falta de agua potable&#8221;<\/span><\/a><\/p>\n","protected":false},"author":5,"featured_media":3270,"comment_status":"open","ping_status":"open","sticky":false,"template":"","format":"standard","meta":{"_exactmetrics_skip_tracking":false,"_exactmetrics_sitenote_active":false,"_exactmetrics_sitenote_note":"","_exactmetrics_sitenote_category":0,"footnotes":""},"categories":[67],"tags":[189,179,180],"yoast_head":"<!-- This site is optimized with the Yoast SEO plugin v21.7 - https:\/\/yoast.com\/wordpress\/plugins\/seo\/ -->\n<title>Desesperaci\u00f3n ind\u00edgena por falta de agua potable - Tierraviva<\/title>\n<meta name=\"robots\" content=\"index, follow, max-snippet:-1, max-image-preview:large, max-video-preview:-1\" \/>\n<link rel=\"canonical\" href=\"https:\/\/vortice.rocks\/clientes\/tierraviva\/desesperacion-indigena-por-falta-de-agua-potable\/\" \/>\n<meta property=\"og:locale\" content=\"es_ES\" \/>\n<meta property=\"og:type\" content=\"article\" \/>\n<meta property=\"og:title\" content=\"Desesperaci\u00f3n ind\u00edgena por falta de agua potable - Tierraviva\" \/>\n<meta property=\"og:description\" content=\"Mariano Mendoza, de la Radio Ind\u00edgena \u201cAlternativa La Voz del Pueblo\u201d, comunidad Yalve Sanga del Pueblo Enlhet, distrito de Loma Plata (Boquer\u00f3n) informa que en la zona la gente est\u00e1 desesperada debido a las dificultades que tienen para acceder al agua potable. Hace tiempo que no llueve, los aljibes est\u00e1n vac\u00edos y los tajamares comunitariosSeguir leyendo &quot;Desesperaci\u00f3n ind\u00edgena por falta de agua potable&quot;\" \/>\n<meta property=\"og:url\" content=\"https:\/\/vortice.rocks\/clientes\/tierraviva\/desesperacion-indigena-por-falta-de-agua-potable\/\" \/>\n<meta property=\"og:site_name\" content=\"Tierraviva\" \/>\n<meta property=\"article:publisher\" content=\"https:\/\/www.facebook.com\/Tierraviva-a-los-pueblos-indigenas-del-Chaco-217328148281564\/\" \/>\n<meta property=\"article:published_time\" content=\"2023-08-17T17:18:08+00:00\" \/>\n<meta property=\"article:modified_time\" content=\"2023-08-17T17:36:44+00:00\" \/>\n<meta property=\"og:image\" content=\"https:\/\/vortice.rocks\/clientes\/tierraviva\/wp-content\/uploads\/2023\/08\/20221025_145415-scaled.jpg\" \/>\n\t<meta property=\"og:image:width\" content=\"2560\" \/>\n\t<meta property=\"og:image:height\" content=\"1707\" \/>\n\t<meta property=\"og:image:type\" content=\"image\/jpeg\" \/>\n<meta name=\"author\" content=\"Santi Ortiz\" \/>\n<meta name=\"twitter:label1\" content=\"Escrito por\" \/>\n\t<meta name=\"twitter:data1\" content=\"Santi Ortiz\" \/>\n\t<meta name=\"twitter:label2\" content=\"Tiempo de lectura\" \/>\n\t<meta name=\"twitter:data2\" content=\"1 minuto\" \/>\n<script type=\"application\/ld+json\" class=\"yoast-schema-graph\">{\"@context\":\"https:\/\/schema.org\",\"@graph\":[{\"@type\":\"WebPage\",\"@id\":\"https:\/\/vortice.rocks\/clientes\/tierraviva\/desesperacion-indigena-por-falta-de-agua-potable\/\",\"url\":\"https:\/\/vortice.rocks\/clientes\/tierraviva\/desesperacion-indigena-por-falta-de-agua-potable\/\",\"name\":\"Desesperaci\u00f3n ind\u00edgena por falta de agua potable - Tierraviva\",\"isPartOf\":{\"@id\":\"https:\/\/vortice.rocks\/clientes\/tierraviva\/#website\"},\"datePublished\":\"2023-08-17T17:18:08+00:00\",\"dateModified\":\"2023-08-17T17:36:44+00:00\",\"author\":{\"@id\":\"https:\/\/vortice.rocks\/clientes\/tierraviva\/#\/schema\/person\/0652c5aad419c86cff8f8129d355edd0\"},\"breadcrumb\":{\"@id\":\"https:\/\/vortice.rocks\/clientes\/tierraviva\/desesperacion-indigena-por-falta-de-agua-potable\/#breadcrumb\"},\"inLanguage\":\"es\",\"potentialAction\":[{\"@type\":\"ReadAction\",\"target\":[\"https:\/\/vortice.rocks\/clientes\/tierraviva\/desesperacion-indigena-por-falta-de-agua-potable\/\"]}]},{\"@type\":\"BreadcrumbList\",\"@id\":\"https:\/\/vortice.rocks\/clientes\/tierraviva\/desesperacion-indigena-por-falta-de-agua-potable\/#breadcrumb\",\"itemListElement\":[{\"@type\":\"ListItem\",\"position\":1,\"name\":\"Portada\",\"item\":\"https:\/\/vortice.rocks\/clientes\/tierraviva\/\"},{\"@type\":\"ListItem\",\"position\":2,\"name\":\"Desesperaci\u00f3n ind\u00edgena por falta de agua potable\"}]},{\"@type\":\"WebSite\",\"@id\":\"https:\/\/vortice.rocks\/clientes\/tierraviva\/#website\",\"url\":\"https:\/\/vortice.rocks\/clientes\/tierraviva\/\",\"name\":\"Tierraviva\",\"description\":\"\",\"potentialAction\":[{\"@type\":\"SearchAction\",\"target\":{\"@type\":\"EntryPoint\",\"urlTemplate\":\"https:\/\/vortice.rocks\/clientes\/tierraviva\/?s={search_term_string}\"},\"query-input\":\"required name=search_term_string\"}],\"inLanguage\":\"es\"},{\"@type\":\"Person\",\"@id\":\"https:\/\/vortice.rocks\/clientes\/tierraviva\/#\/schema\/person\/0652c5aad419c86cff8f8129d355edd0\",\"name\":\"Santi Ortiz\",\"image\":{\"@type\":\"ImageObject\",\"inLanguage\":\"es\",\"@id\":\"https:\/\/vortice.rocks\/clientes\/tierraviva\/#\/schema\/person\/image\/\",\"url\":\"https:\/\/secure.gravatar.com\/avatar\/78bab899e21d2840245c1646bfc64d01?s=96&d=mm&r=g\",\"contentUrl\":\"https:\/\/secure.gravatar.com\/avatar\/78bab899e21d2840245c1646bfc64d01?s=96&d=mm&r=g\",\"caption\":\"Santi Ortiz\"},\"sameAs\":[\"https:\/\/vortice.rocks\/clientes\/tierraviva\"],\"url\":\"https:\/\/vortice.rocks\/clientes\/tierraviva\/author\/santi-ortiz\/\"}]}<\/script>\n<!-- \/ Yoast SEO plugin. -->","yoast_head_json":{"title":"Desesperaci\u00f3n ind\u00edgena por falta de agua potable - Tierraviva","robots":{"index":"index","follow":"follow","max-snippet":"max-snippet:-1","max-image-preview":"max-image-preview:large","max-video-preview":"max-video-preview:-1"},"canonical":"https:\/\/vortice.rocks\/clientes\/tierraviva\/desesperacion-indigena-por-falta-de-agua-potable\/","og_locale":"es_ES","og_type":"article","og_title":"Desesperaci\u00f3n ind\u00edgena por falta de agua potable - Tierraviva","og_description":"Mariano Mendoza, de la Radio Ind\u00edgena \u201cAlternativa La Voz del Pueblo\u201d, comunidad Yalve Sanga del Pueblo Enlhet, distrito de Loma Plata (Boquer\u00f3n) informa que en la zona la gente est\u00e1 desesperada debido a las dificultades que tienen para acceder al agua potable. Hace tiempo que no llueve, los aljibes est\u00e1n vac\u00edos y los tajamares comunitariosSeguir leyendo \"Desesperaci\u00f3n ind\u00edgena por falta de agua potable\"","og_url":"https:\/\/vortice.rocks\/clientes\/tierraviva\/desesperacion-indigena-por-falta-de-agua-potable\/","og_site_name":"Tierraviva","article_publisher":"https:\/\/www.facebook.com\/Tierraviva-a-los-pueblos-indigenas-del-Chaco-217328148281564\/","article_published_time":"2023-08-17T17:18:08+00:00","article_modified_time":"2023-08-17T17:36:44+00:00","og_image":[{"width":2560,"height":1707,"url":"https:\/\/vortice.rocks\/clientes\/tierraviva\/wp-content\/uploads\/2023\/08\/20221025_145415-scaled.jpg","type":"image\/jpeg"}],"author":"Santi Ortiz","twitter_misc":{"Escrito por":"Santi Ortiz","Tiempo de lectura":"1 minuto"},"schema":{"@context":"https:\/\/schema.org","@graph":[{"@type":"WebPage","@id":"https:\/\/vortice.rocks\/clientes\/tierraviva\/desesperacion-indigena-por-falta-de-agua-potable\/","url":"https:\/\/vortice.rocks\/clientes\/tierraviva\/desesperacion-indigena-por-falta-de-agua-potable\/","name":"Desesperaci\u00f3n ind\u00edgena por falta de agua potable - Tierraviva","isPartOf":{"@id":"https:\/\/vortice.rocks\/clientes\/tierraviva\/#website"},"datePublished":"2023-08-17T17:18:08+00:00","dateModified":"2023-08-17T17:36:44+00:00","author":{"@id":"https:\/\/vortice.rocks\/clientes\/tierraviva\/#\/schema\/person\/0652c5aad419c86cff8f8129d355edd0"},"breadcrumb":{"@id":"https:\/\/vortice.rocks\/clientes\/tierraviva\/desesperacion-indigena-por-falta-de-agua-potable\/#breadcrumb"},"inLanguage":"es","potentialAction":[{"@type":"ReadAction","target":["https:\/\/vortice.rocks\/clientes\/tierraviva\/desesperacion-indigena-por-falta-de-agua-potable\/"]}]},{"@type":"BreadcrumbList","@id":"https:\/\/vortice.rocks\/clientes\/tierraviva\/desesperacion-indigena-por-falta-de-agua-potable\/#breadcrumb","itemListElement":[{"@type":"ListItem","position":1,"name":"Portada","item":"https:\/\/vortice.rocks\/clientes\/tierraviva\/"},{"@type":"ListItem","position":2,"name":"Desesperaci\u00f3n ind\u00edgena por falta de agua potable"}]},{"@type":"WebSite","@id":"https:\/\/vortice.rocks\/clientes\/tierraviva\/#website","url":"https:\/\/vortice.rocks\/clientes\/tierraviva\/","name":"Tierraviva","description":"","potentialAction":[{"@type":"SearchAction","target":{"@type":"EntryPoint","urlTemplate":"https:\/\/vortice.rocks\/clientes\/tierraviva\/?s={search_term_string}"},"query-input":"required name=search_term_string"}],"inLanguage":"es"},{"@type":"Person","@id":"https:\/\/vortice.rocks\/clientes\/tierraviva\/#\/schema\/person\/0652c5aad419c86cff8f8129d355edd0","name":"Santi Ortiz","image":{"@type":"ImageObject","inLanguage":"es","@id":"https:\/\/vortice.rocks\/clientes\/tierraviva\/#\/schema\/person\/image\/","url":"https:\/\/secure.gravatar.com\/avatar\/78bab899e21d2840245c1646bfc64d01?s=96&d=mm&r=g","contentUrl":"https:\/\/secure.gravatar.com\/avatar\/78bab899e21d2840245c1646bfc64d01?s=96&d=mm&r=g","caption":"Santi Ortiz"},"sameAs":["https:\/\/vortice.rocks\/clientes\/tierraviva"],"url":"https:\/\/vortice.rocks\/clientes\/tierraviva\/author\/santi-ortiz\/"}]}},"_links":{"self":[{"href":"https:\/\/vortice.rocks\/clientes\/tierraviva\/wp-json\/wp\/v2\/posts\/3269"}],"collection":[{"href":"https:\/\/vortice.rocks\/clientes\/tierraviva\/wp-json\/wp\/v2\/posts"}],"about":[{"href":"https:\/\/vortice.rocks\/clientes\/tierraviva\/wp-json\/wp\/v2\/types\/post"}],"author":[{"embeddable":true,"href":"https:\/\/vortice.rocks\/clientes\/tierraviva\/wp-json\/wp\/v2\/users\/5"}],"replies":[{"embeddable":true,"href":"https:\/\/vortice.rocks\/clientes\/tierraviva\/wp-json\/wp\/v2\/comments?post=3269"}],"version-history":[{"count":5,"href":"https:\/\/vortice.rocks\/clientes\/tierraviva\/wp-json\/wp\/v2\/posts\/3269\/revisions"}],"predecessor-version":[{"id":3275,"href":"https:\/\/vortice.rocks\/clientes\/tierraviva\/wp-json\/wp\/v2\/posts\/3269\/revisions\/3275"}],"wp:featuredmedia":[{"embeddable":true,"href":"https:\/\/vortice.rocks\/clientes\/tierraviva\/wp-json\/wp\/v2\/media\/3270"}],"wp:attachment":[{"href":"https:\/\/vortice.rocks\/clientes\/tierraviva\/wp-json\/wp\/v2\/media?parent=3269"}],"wp:term":[{"taxonomy":"category","embeddable":true,"href":"https:\/\/vortice.rocks\/clientes\/tierraviva\/wp-json\/wp\/v2\/categories?post=3269"},{"taxonomy":"post_tag","embeddable":true,"href":"https:\/\/vortice.rocks\/clientes\/tierraviva\/wp-json\/wp\/v2\/tags?post=3269"}],"curies":[{"name":"wp","href":"https:\/\/api.w.org\/{rel}","templated":true}]}}