{"id":3276,"date":"2023-08-17T15:36:54","date_gmt":"2023-08-17T19:36:54","guid":{"rendered":"https:\/\/vortice.rocks\/clientes\/tierraviva\/?p=3276"},"modified":"2023-08-17T15:36:54","modified_gmt":"2023-08-17T19:36:54","slug":"en-comunidades-indigenas-las-mujeres-sufren-mas-falta-de-agua","status":"publish","type":"post","link":"https:\/\/vortice.rocks\/clientes\/tierraviva\/en-comunidades-indigenas-las-mujeres-sufren-mas-falta-de-agua\/","title":{"rendered":"En comunidades ind\u00edgenas , las mujeres sufren m\u00e1s falta de agua"},"content":{"rendered":"<p>Amancio Pinasco, de la radio ind\u00edgena Akpehetko Askakha (Caroa\u2019i) ubicada en la comunidad La Patria del Pueblo Angaite en el distrito de Puerto Pinasco (Presidente Hayes), dialoga con la se\u00f1ora Aparicia Ram\u00edrez respecto a la sequ\u00eda que afecta a dicha regi\u00f3n y a gran parte del Chaco paraguayo.<\/p>\n<p>La mujer afirma que la gente est\u00e1 sumamente preocupada por el desabastecimiento del agua, pues los aljibes est\u00e1n vac\u00edos y los tajamares ya no facilitan el acceso para las 18 aldeas de dicha comunidad, adem\u00e1s son las mujeres quienes se encargan para llevar algo en las casas.<\/p>\n<p>A esto se suma la falta de acceso a la salud, sin medicamentos ni oportunidades para una buena atenci\u00f3n. En abril pasado fue la \u00faltima lluvia importante registrada en la zona.<\/p>\n<p><strong>Escuche audio:\u00a0<\/strong><\/p>\n<p><iframe title=\"En comunidades ind\u00edgenas , las mujeres sufren m\u00e1s falta de agua\" width=\"620\" height=\"349\" src=\"https:\/\/www.youtube.com\/embed\/dLX-FMuTiz4?feature=oembed\" frameborder=\"0\" allow=\"accelerometer; autoplay; clipboard-write; encrypted-media; gyroscope; picture-in-picture; web-share\" allowfullscreen><\/iframe><\/p>\n","protected":false},"excerpt":{"rendered":"<p>Amancio Pinasco, de la radio ind\u00edgena Akpehetko Askakha (Caroa\u2019i) ubicada en la comunidad La Patria del Pueblo Angaite en el distrito de Puerto Pinasco (Presidente Hayes), dialoga con la se\u00f1ora Aparicia Ram\u00edrez respecto a la sequ\u00eda que afecta a dicha regi\u00f3n y a gran parte del Chaco paraguayo. La mujer afirma que la gente est\u00e1<a class=\"more-link\" href=\"https:\/\/vortice.rocks\/clientes\/tierraviva\/en-comunidades-indigenas-las-mujeres-sufren-mas-falta-de-agua\/\">Seguir leyendo <span class=\"screen-reader-text\">&#8220;En comunidades ind\u00edgenas , las mujeres sufren m\u00e1s falta de agua&#8221;<\/span><\/a><\/p>\n","protected":false},"author":5,"featured_media":3277,"comment_status":"open","ping_status":"open","sticky":false,"template":"","format":"standard","meta":{"_exactmetrics_skip_tracking":false,"_exactmetrics_sitenote_active":false,"_exactmetrics_sitenote_note":"","_exactmetrics_sitenote_category":0,"footnotes":""},"categories":[67],"tags":[],"yoast_head":"<!-- This site is optimized with the Yoast SEO plugin v21.7 - https:\/\/yoast.com\/wordpress\/plugins\/seo\/ -->\n<title>En comunidades ind\u00edgenas , las mujeres sufren m\u00e1s falta de agua - Tierraviva<\/title>\n<meta name=\"robots\" content=\"index, follow, max-snippet:-1, max-image-preview:large, max-video-preview:-1\" \/>\n<link rel=\"canonical\" href=\"https:\/\/vortice.rocks\/clientes\/tierraviva\/en-comunidades-indigenas-las-mujeres-sufren-mas-falta-de-agua\/\" \/>\n<meta property=\"og:locale\" content=\"es_ES\" \/>\n<meta property=\"og:type\" content=\"article\" \/>\n<meta property=\"og:title\" content=\"En comunidades ind\u00edgenas , las mujeres sufren m\u00e1s falta de agua - Tierraviva\" \/>\n<meta property=\"og:description\" content=\"Amancio Pinasco, de la radio ind\u00edgena Akpehetko Askakha (Caroa\u2019i) ubicada en la comunidad La Patria del Pueblo Angaite en el distrito de Puerto Pinasco (Presidente Hayes), dialoga con la se\u00f1ora Aparicia Ram\u00edrez respecto a la sequ\u00eda que afecta a dicha regi\u00f3n y a gran parte del Chaco paraguayo. La mujer afirma que la gente est\u00e1Seguir leyendo &quot;En comunidades ind\u00edgenas , las mujeres sufren m\u00e1s falta de agua&quot;\" \/>\n<meta property=\"og:url\" content=\"https:\/\/vortice.rocks\/clientes\/tierraviva\/en-comunidades-indigenas-las-mujeres-sufren-mas-falta-de-agua\/\" \/>\n<meta property=\"og:site_name\" content=\"Tierraviva\" \/>\n<meta property=\"article:publisher\" content=\"https:\/\/www.facebook.com\/Tierraviva-a-los-pueblos-indigenas-del-Chaco-217328148281564\/\" \/>\n<meta property=\"article:published_time\" content=\"2023-08-17T19:36:54+00:00\" \/>\n<meta property=\"og:image\" content=\"https:\/\/vortice.rocks\/clientes\/tierraviva\/wp-content\/uploads\/2023\/08\/WhatsApp-Image-2023-08-17-at-15.34.41.jpeg\" \/>\n\t<meta property=\"og:image:width\" content=\"960\" \/>\n\t<meta property=\"og:image:height\" content=\"643\" \/>\n\t<meta property=\"og:image:type\" content=\"image\/jpeg\" \/>\n<meta name=\"author\" content=\"Santi Ortiz\" \/>\n<meta name=\"twitter:label1\" content=\"Escrito por\" \/>\n\t<meta name=\"twitter:data1\" content=\"Santi Ortiz\" \/>\n\t<meta name=\"twitter:label2\" content=\"Tiempo de lectura\" \/>\n\t<meta name=\"twitter:data2\" content=\"1 minuto\" \/>\n<script type=\"application\/ld+json\" class=\"yoast-schema-graph\">{\"@context\":\"https:\/\/schema.org\",\"@graph\":[{\"@type\":\"WebPage\",\"@id\":\"https:\/\/vortice.rocks\/clientes\/tierraviva\/en-comunidades-indigenas-las-mujeres-sufren-mas-falta-de-agua\/\",\"url\":\"https:\/\/vortice.rocks\/clientes\/tierraviva\/en-comunidades-indigenas-las-mujeres-sufren-mas-falta-de-agua\/\",\"name\":\"En comunidades ind\u00edgenas , las mujeres sufren m\u00e1s falta de agua - Tierraviva\",\"isPartOf\":{\"@id\":\"https:\/\/vortice.rocks\/clientes\/tierraviva\/#website\"},\"datePublished\":\"2023-08-17T19:36:54+00:00\",\"dateModified\":\"2023-08-17T19:36:54+00:00\",\"author\":{\"@id\":\"https:\/\/vortice.rocks\/clientes\/tierraviva\/#\/schema\/person\/0652c5aad419c86cff8f8129d355edd0\"},\"breadcrumb\":{\"@id\":\"https:\/\/vortice.rocks\/clientes\/tierraviva\/en-comunidades-indigenas-las-mujeres-sufren-mas-falta-de-agua\/#breadcrumb\"},\"inLanguage\":\"es\",\"potentialAction\":[{\"@type\":\"ReadAction\",\"target\":[\"https:\/\/vortice.rocks\/clientes\/tierraviva\/en-comunidades-indigenas-las-mujeres-sufren-mas-falta-de-agua\/\"]}]},{\"@type\":\"BreadcrumbList\",\"@id\":\"https:\/\/vortice.rocks\/clientes\/tierraviva\/en-comunidades-indigenas-las-mujeres-sufren-mas-falta-de-agua\/#breadcrumb\",\"itemListElement\":[{\"@type\":\"ListItem\",\"position\":1,\"name\":\"Portada\",\"item\":\"https:\/\/vortice.rocks\/clientes\/tierraviva\/\"},{\"@type\":\"ListItem\",\"position\":2,\"name\":\"En comunidades ind\u00edgenas , las mujeres sufren m\u00e1s falta de agua\"}]},{\"@type\":\"WebSite\",\"@id\":\"https:\/\/vortice.rocks\/clientes\/tierraviva\/#website\",\"url\":\"https:\/\/vortice.rocks\/clientes\/tierraviva\/\",\"name\":\"Tierraviva\",\"description\":\"\",\"potentialAction\":[{\"@type\":\"SearchAction\",\"target\":{\"@type\":\"EntryPoint\",\"urlTemplate\":\"https:\/\/vortice.rocks\/clientes\/tierraviva\/?s={search_term_string}\"},\"query-input\":\"required name=search_term_string\"}],\"inLanguage\":\"es\"},{\"@type\":\"Person\",\"@id\":\"https:\/\/vortice.rocks\/clientes\/tierraviva\/#\/schema\/person\/0652c5aad419c86cff8f8129d355edd0\",\"name\":\"Santi Ortiz\",\"image\":{\"@type\":\"ImageObject\",\"inLanguage\":\"es\",\"@id\":\"https:\/\/vortice.rocks\/clientes\/tierraviva\/#\/schema\/person\/image\/\",\"url\":\"https:\/\/secure.gravatar.com\/avatar\/78bab899e21d2840245c1646bfc64d01?s=96&d=mm&r=g\",\"contentUrl\":\"https:\/\/secure.gravatar.com\/avatar\/78bab899e21d2840245c1646bfc64d01?s=96&d=mm&r=g\",\"caption\":\"Santi Ortiz\"},\"sameAs\":[\"https:\/\/vortice.rocks\/clientes\/tierraviva\"],\"url\":\"https:\/\/vortice.rocks\/clientes\/tierraviva\/author\/santi-ortiz\/\"}]}<\/script>\n<!-- \/ Yoast SEO plugin. -->","yoast_head_json":{"title":"En comunidades ind\u00edgenas , las mujeres sufren m\u00e1s falta de agua - Tierraviva","robots":{"index":"index","follow":"follow","max-snippet":"max-snippet:-1","max-image-preview":"max-image-preview:large","max-video-preview":"max-video-preview:-1"},"canonical":"https:\/\/vortice.rocks\/clientes\/tierraviva\/en-comunidades-indigenas-las-mujeres-sufren-mas-falta-de-agua\/","og_locale":"es_ES","og_type":"article","og_title":"En comunidades ind\u00edgenas , las mujeres sufren m\u00e1s falta de agua - Tierraviva","og_description":"Amancio Pinasco, de la radio ind\u00edgena Akpehetko Askakha (Caroa\u2019i) ubicada en la comunidad La Patria del Pueblo Angaite en el distrito de Puerto Pinasco (Presidente Hayes), dialoga con la se\u00f1ora Aparicia Ram\u00edrez respecto a la sequ\u00eda que afecta a dicha regi\u00f3n y a gran parte del Chaco paraguayo. La mujer afirma que la gente est\u00e1Seguir leyendo \"En comunidades ind\u00edgenas , las mujeres sufren m\u00e1s falta de agua\"","og_url":"https:\/\/vortice.rocks\/clientes\/tierraviva\/en-comunidades-indigenas-las-mujeres-sufren-mas-falta-de-agua\/","og_site_name":"Tierraviva","article_publisher":"https:\/\/www.facebook.com\/Tierraviva-a-los-pueblos-indigenas-del-Chaco-217328148281564\/","article_published_time":"2023-08-17T19:36:54+00:00","og_image":[{"width":960,"height":643,"url":"https:\/\/vortice.rocks\/clientes\/tierraviva\/wp-content\/uploads\/2023\/08\/WhatsApp-Image-2023-08-17-at-15.34.41.jpeg","type":"image\/jpeg"}],"author":"Santi Ortiz","twitter_misc":{"Escrito por":"Santi Ortiz","Tiempo de lectura":"1 minuto"},"schema":{"@context":"https:\/\/schema.org","@graph":[{"@type":"WebPage","@id":"https:\/\/vortice.rocks\/clientes\/tierraviva\/en-comunidades-indigenas-las-mujeres-sufren-mas-falta-de-agua\/","url":"https:\/\/vortice.rocks\/clientes\/tierraviva\/en-comunidades-indigenas-las-mujeres-sufren-mas-falta-de-agua\/","name":"En comunidades ind\u00edgenas , las mujeres sufren m\u00e1s falta de agua - Tierraviva","isPartOf":{"@id":"https:\/\/vortice.rocks\/clientes\/tierraviva\/#website"},"datePublished":"2023-08-17T19:36:54+00:00","dateModified":"2023-08-17T19:36:54+00:00","author":{"@id":"https:\/\/vortice.rocks\/clientes\/tierraviva\/#\/schema\/person\/0652c5aad419c86cff8f8129d355edd0"},"breadcrumb":{"@id":"https:\/\/vortice.rocks\/clientes\/tierraviva\/en-comunidades-indigenas-las-mujeres-sufren-mas-falta-de-agua\/#breadcrumb"},"inLanguage":"es","potentialAction":[{"@type":"ReadAction","target":["https:\/\/vortice.rocks\/clientes\/tierraviva\/en-comunidades-indigenas-las-mujeres-sufren-mas-falta-de-agua\/"]}]},{"@type":"BreadcrumbList","@id":"https:\/\/vortice.rocks\/clientes\/tierraviva\/en-comunidades-indigenas-las-mujeres-sufren-mas-falta-de-agua\/#breadcrumb","itemListElement":[{"@type":"ListItem","position":1,"name":"Portada","item":"https:\/\/vortice.rocks\/clientes\/tierraviva\/"},{"@type":"ListItem","position":2,"name":"En comunidades ind\u00edgenas , las mujeres sufren m\u00e1s falta de agua"}]},{"@type":"WebSite","@id":"https:\/\/vortice.rocks\/clientes\/tierraviva\/#website","url":"https:\/\/vortice.rocks\/clientes\/tierraviva\/","name":"Tierraviva","description":"","potentialAction":[{"@type":"SearchAction","target":{"@type":"EntryPoint","urlTemplate":"https:\/\/vortice.rocks\/clientes\/tierraviva\/?s={search_term_string}"},"query-input":"required name=search_term_string"}],"inLanguage":"es"},{"@type":"Person","@id":"https:\/\/vortice.rocks\/clientes\/tierraviva\/#\/schema\/person\/0652c5aad419c86cff8f8129d355edd0","name":"Santi Ortiz","image":{"@type":"ImageObject","inLanguage":"es","@id":"https:\/\/vortice.rocks\/clientes\/tierraviva\/#\/schema\/person\/image\/","url":"https:\/\/secure.gravatar.com\/avatar\/78bab899e21d2840245c1646bfc64d01?s=96&d=mm&r=g","contentUrl":"https:\/\/secure.gravatar.com\/avatar\/78bab899e21d2840245c1646bfc64d01?s=96&d=mm&r=g","caption":"Santi Ortiz"},"sameAs":["https:\/\/vortice.rocks\/clientes\/tierraviva"],"url":"https:\/\/vortice.rocks\/clientes\/tierraviva\/author\/santi-ortiz\/"}]}},"_links":{"self":[{"href":"https:\/\/vortice.rocks\/clientes\/tierraviva\/wp-json\/wp\/v2\/posts\/3276"}],"collection":[{"href":"https:\/\/vortice.rocks\/clientes\/tierraviva\/wp-json\/wp\/v2\/posts"}],"about":[{"href":"https:\/\/vortice.rocks\/clientes\/tierraviva\/wp-json\/wp\/v2\/types\/post"}],"author":[{"embeddable":true,"href":"https:\/\/vortice.rocks\/clientes\/tierraviva\/wp-json\/wp\/v2\/users\/5"}],"replies":[{"embeddable":true,"href":"https:\/\/vortice.rocks\/clientes\/tierraviva\/wp-json\/wp\/v2\/comments?post=3276"}],"version-history":[{"count":1,"href":"https:\/\/vortice.rocks\/clientes\/tierraviva\/wp-json\/wp\/v2\/posts\/3276\/revisions"}],"predecessor-version":[{"id":3278,"href":"https:\/\/vortice.rocks\/clientes\/tierraviva\/wp-json\/wp\/v2\/posts\/3276\/revisions\/3278"}],"wp:featuredmedia":[{"embeddable":true,"href":"https:\/\/vortice.rocks\/clientes\/tierraviva\/wp-json\/wp\/v2\/media\/3277"}],"wp:attachment":[{"href":"https:\/\/vortice.rocks\/clientes\/tierraviva\/wp-json\/wp\/v2\/media?parent=3276"}],"wp:term":[{"taxonomy":"category","embeddable":true,"href":"https:\/\/vortice.rocks\/clientes\/tierraviva\/wp-json\/wp\/v2\/categories?post=3276"},{"taxonomy":"post_tag","embeddable":true,"href":"https:\/\/vortice.rocks\/clientes\/tierraviva\/wp-json\/wp\/v2\/tags?post=3276"}],"curies":[{"name":"wp","href":"https:\/\/api.w.org\/{rel}","templated":true}]}}