{"id":3294,"date":"2023-08-28T13:46:39","date_gmt":"2023-08-28T17:46:39","guid":{"rendered":"https:\/\/vortice.rocks\/clientes\/tierraviva\/?p=3294"},"modified":"2023-08-28T13:46:39","modified_gmt":"2023-08-28T17:46:39","slug":"deforestar-es-desarrollo","status":"publish","type":"post","link":"https:\/\/vortice.rocks\/clientes\/tierraviva\/deforestar-es-desarrollo\/","title":{"rendered":"\u00bfDeforestar es desarrollo?"},"content":{"rendered":"<!--[if lt IE 9]><script>document.createElement('audio');<\/script><![endif]-->\n<audio class=\"wp-audio-shortcode\" id=\"audio-3294-1\" preload=\"none\" style=\"width: 100%;\" controls=\"controls\"><source type=\"audio\/mpeg\" src=\"https:\/\/www.ivoox.com\/deforestar-es-desarrollo_md_114995363_wp_1.mp3?_=1\" \/><a href=\"https:\/\/www.ivoox.com\/deforestar-es-desarrollo_md_114995363_wp_1.mp3\">https:\/\/www.ivoox.com\/deforestar-es-desarrollo_md_114995363_wp_1.mp3<\/a><\/audio>\n<p>&nbsp;<\/p>\n<p>Junior Alarc\u00f3n, de Iniciativa Amocotodie, durante su participaci\u00f3n en Devuelvan Nuestra Tierra, dice que para la preservaci\u00f3n del ambiente genera mucha preocupaci\u00f3n las expresiones del presidente Santiago Pe\u00f1a al minimizar la deforestaci\u00f3n en el Chaco paraguayo, pues con esta manifestaci\u00f3n, con el pretexto del desarrollo, en realidad da pie para continuar con la tala indiscriminada de \u00e1rboles.<\/p>\n<p>El Instituto Forestal Nacional INFONA en su informe Reporte Nacional de Cobertura Forestal y Cambios de uso de la tierra 2017 revela que casi el 90% de la deforestaci\u00f3n ocurrida en el pa\u00eds se registra en el Chaco y est\u00e1 asociada al avance de la frontera agropecuaria.<\/p>\n<p>Del 2005 y 2020, alrededor de 4,37 millones de hect\u00e1reas de bosque se han transformado en otros usos de la tierra principalmente para actividades relacionadas a agricultura y ganader\u00eda.<\/p>\n<p>Cuando las autoridades afirman que en el Chaco hay demasiado para desarrollar, en realidad lo que quieren decir es que a\u00fan hay muchos bosques por deforestar, puntualiz\u00f3 Alarc\u00f3n<\/p>\n<p><strong>#DevuelvanNuestraTierra,<\/strong> el programa Radial de la Organizaci\u00f3n Tierraviva dedicado a los Pueblos Ind\u00edgenas del Chaco paraguayo. Cada viernes de 13:30 a 15:00 horas, nos escuchamos por Radio Pa\u2019i Puku y una Red de Radios Ind\u00edgena<\/p>\n<p><em><strong>Foto<\/strong><\/em>\/Ilustraci\u00f3n<\/p>\n","protected":false},"excerpt":{"rendered":"<p>&nbsp; Junior Alarc\u00f3n, de Iniciativa Amocotodie, durante su participaci\u00f3n en Devuelvan Nuestra Tierra, dice que para la preservaci\u00f3n del ambiente genera mucha preocupaci\u00f3n las expresiones del presidente Santiago Pe\u00f1a al minimizar la deforestaci\u00f3n en el Chaco paraguayo, pues con esta manifestaci\u00f3n, con el pretexto del desarrollo, en realidad da pie para continuar con la tala<a class=\"more-link\" href=\"https:\/\/vortice.rocks\/clientes\/tierraviva\/deforestar-es-desarrollo\/\">Seguir leyendo <span class=\"screen-reader-text\">&#8220;\u00bfDeforestar es desarrollo?&#8221;<\/span><\/a><\/p>\n","protected":false},"author":5,"featured_media":397,"comment_status":"open","ping_status":"open","sticky":false,"template":"","format":"standard","meta":{"_exactmetrics_skip_tracking":false,"_exactmetrics_sitenote_active":false,"_exactmetrics_sitenote_note":"","_exactmetrics_sitenote_category":0,"footnotes":""},"categories":[67],"tags":[],"yoast_head":"<!-- This site is optimized with the Yoast SEO plugin v21.7 - https:\/\/yoast.com\/wordpress\/plugins\/seo\/ -->\n<title>\u00bfDeforestar es desarrollo? - Tierraviva<\/title>\n<meta name=\"robots\" content=\"index, follow, max-snippet:-1, max-image-preview:large, max-video-preview:-1\" \/>\n<link rel=\"canonical\" href=\"https:\/\/vortice.rocks\/clientes\/tierraviva\/deforestar-es-desarrollo\/\" \/>\n<meta property=\"og:locale\" content=\"es_ES\" \/>\n<meta property=\"og:type\" content=\"article\" \/>\n<meta property=\"og:title\" content=\"\u00bfDeforestar es desarrollo? - Tierraviva\" \/>\n<meta property=\"og:description\" content=\"&nbsp; Junior Alarc\u00f3n, de Iniciativa Amocotodie, durante su participaci\u00f3n en Devuelvan Nuestra Tierra, dice que para la preservaci\u00f3n del ambiente genera mucha preocupaci\u00f3n las expresiones del presidente Santiago Pe\u00f1a al minimizar la deforestaci\u00f3n en el Chaco paraguayo, pues con esta manifestaci\u00f3n, con el pretexto del desarrollo, en realidad da pie para continuar con la talaSeguir leyendo &quot;\u00bfDeforestar es desarrollo?&quot;\" \/>\n<meta property=\"og:url\" content=\"https:\/\/vortice.rocks\/clientes\/tierraviva\/deforestar-es-desarrollo\/\" \/>\n<meta property=\"og:site_name\" content=\"Tierraviva\" \/>\n<meta property=\"article:publisher\" content=\"https:\/\/www.facebook.com\/Tierraviva-a-los-pueblos-indigenas-del-Chaco-217328148281564\/\" \/>\n<meta property=\"article:published_time\" content=\"2023-08-28T17:46:39+00:00\" \/>\n<meta property=\"og:image\" content=\"https:\/\/vortice.rocks\/clientes\/tierraviva\/wp-content\/uploads\/2014\/08\/DEforestacio\u0301n.jpg\" \/>\n\t<meta property=\"og:image:width\" content=\"705\" \/>\n\t<meta property=\"og:image:height\" content=\"430\" \/>\n\t<meta property=\"og:image:type\" content=\"image\/jpeg\" \/>\n<meta name=\"author\" content=\"Santi Ortiz\" \/>\n<meta name=\"twitter:label1\" content=\"Escrito por\" \/>\n\t<meta name=\"twitter:data1\" content=\"Santi Ortiz\" \/>\n\t<meta name=\"twitter:label2\" content=\"Tiempo de lectura\" \/>\n\t<meta name=\"twitter:data2\" content=\"1 minuto\" \/>\n<script type=\"application\/ld+json\" class=\"yoast-schema-graph\">{\"@context\":\"https:\/\/schema.org\",\"@graph\":[{\"@type\":\"WebPage\",\"@id\":\"https:\/\/vortice.rocks\/clientes\/tierraviva\/deforestar-es-desarrollo\/\",\"url\":\"https:\/\/vortice.rocks\/clientes\/tierraviva\/deforestar-es-desarrollo\/\",\"name\":\"\u00bfDeforestar es desarrollo? - Tierraviva\",\"isPartOf\":{\"@id\":\"https:\/\/vortice.rocks\/clientes\/tierraviva\/#website\"},\"datePublished\":\"2023-08-28T17:46:39+00:00\",\"dateModified\":\"2023-08-28T17:46:39+00:00\",\"author\":{\"@id\":\"https:\/\/vortice.rocks\/clientes\/tierraviva\/#\/schema\/person\/0652c5aad419c86cff8f8129d355edd0\"},\"breadcrumb\":{\"@id\":\"https:\/\/vortice.rocks\/clientes\/tierraviva\/deforestar-es-desarrollo\/#breadcrumb\"},\"inLanguage\":\"es\",\"potentialAction\":[{\"@type\":\"ReadAction\",\"target\":[\"https:\/\/vortice.rocks\/clientes\/tierraviva\/deforestar-es-desarrollo\/\"]}]},{\"@type\":\"BreadcrumbList\",\"@id\":\"https:\/\/vortice.rocks\/clientes\/tierraviva\/deforestar-es-desarrollo\/#breadcrumb\",\"itemListElement\":[{\"@type\":\"ListItem\",\"position\":1,\"name\":\"Portada\",\"item\":\"https:\/\/vortice.rocks\/clientes\/tierraviva\/\"},{\"@type\":\"ListItem\",\"position\":2,\"name\":\"\u00bfDeforestar es desarrollo?\"}]},{\"@type\":\"WebSite\",\"@id\":\"https:\/\/vortice.rocks\/clientes\/tierraviva\/#website\",\"url\":\"https:\/\/vortice.rocks\/clientes\/tierraviva\/\",\"name\":\"Tierraviva\",\"description\":\"\",\"potentialAction\":[{\"@type\":\"SearchAction\",\"target\":{\"@type\":\"EntryPoint\",\"urlTemplate\":\"https:\/\/vortice.rocks\/clientes\/tierraviva\/?s={search_term_string}\"},\"query-input\":\"required name=search_term_string\"}],\"inLanguage\":\"es\"},{\"@type\":\"Person\",\"@id\":\"https:\/\/vortice.rocks\/clientes\/tierraviva\/#\/schema\/person\/0652c5aad419c86cff8f8129d355edd0\",\"name\":\"Santi Ortiz\",\"image\":{\"@type\":\"ImageObject\",\"inLanguage\":\"es\",\"@id\":\"https:\/\/vortice.rocks\/clientes\/tierraviva\/#\/schema\/person\/image\/\",\"url\":\"https:\/\/secure.gravatar.com\/avatar\/78bab899e21d2840245c1646bfc64d01?s=96&d=mm&r=g\",\"contentUrl\":\"https:\/\/secure.gravatar.com\/avatar\/78bab899e21d2840245c1646bfc64d01?s=96&d=mm&r=g\",\"caption\":\"Santi Ortiz\"},\"sameAs\":[\"https:\/\/vortice.rocks\/clientes\/tierraviva\"],\"url\":\"https:\/\/vortice.rocks\/clientes\/tierraviva\/author\/santi-ortiz\/\"}]}<\/script>\n<!-- \/ Yoast SEO plugin. -->","yoast_head_json":{"title":"\u00bfDeforestar es desarrollo? - Tierraviva","robots":{"index":"index","follow":"follow","max-snippet":"max-snippet:-1","max-image-preview":"max-image-preview:large","max-video-preview":"max-video-preview:-1"},"canonical":"https:\/\/vortice.rocks\/clientes\/tierraviva\/deforestar-es-desarrollo\/","og_locale":"es_ES","og_type":"article","og_title":"\u00bfDeforestar es desarrollo? - Tierraviva","og_description":"&nbsp; Junior Alarc\u00f3n, de Iniciativa Amocotodie, durante su participaci\u00f3n en Devuelvan Nuestra Tierra, dice que para la preservaci\u00f3n del ambiente genera mucha preocupaci\u00f3n las expresiones del presidente Santiago Pe\u00f1a al minimizar la deforestaci\u00f3n en el Chaco paraguayo, pues con esta manifestaci\u00f3n, con el pretexto del desarrollo, en realidad da pie para continuar con la talaSeguir leyendo \"\u00bfDeforestar es desarrollo?\"","og_url":"https:\/\/vortice.rocks\/clientes\/tierraviva\/deforestar-es-desarrollo\/","og_site_name":"Tierraviva","article_publisher":"https:\/\/www.facebook.com\/Tierraviva-a-los-pueblos-indigenas-del-Chaco-217328148281564\/","article_published_time":"2023-08-28T17:46:39+00:00","og_image":[{"width":705,"height":430,"url":"https:\/\/vortice.rocks\/clientes\/tierraviva\/wp-content\/uploads\/2014\/08\/DEforestacio\u0301n.jpg","type":"image\/jpeg"}],"author":"Santi Ortiz","twitter_misc":{"Escrito por":"Santi Ortiz","Tiempo de lectura":"1 minuto"},"schema":{"@context":"https:\/\/schema.org","@graph":[{"@type":"WebPage","@id":"https:\/\/vortice.rocks\/clientes\/tierraviva\/deforestar-es-desarrollo\/","url":"https:\/\/vortice.rocks\/clientes\/tierraviva\/deforestar-es-desarrollo\/","name":"\u00bfDeforestar es desarrollo? - Tierraviva","isPartOf":{"@id":"https:\/\/vortice.rocks\/clientes\/tierraviva\/#website"},"datePublished":"2023-08-28T17:46:39+00:00","dateModified":"2023-08-28T17:46:39+00:00","author":{"@id":"https:\/\/vortice.rocks\/clientes\/tierraviva\/#\/schema\/person\/0652c5aad419c86cff8f8129d355edd0"},"breadcrumb":{"@id":"https:\/\/vortice.rocks\/clientes\/tierraviva\/deforestar-es-desarrollo\/#breadcrumb"},"inLanguage":"es","potentialAction":[{"@type":"ReadAction","target":["https:\/\/vortice.rocks\/clientes\/tierraviva\/deforestar-es-desarrollo\/"]}]},{"@type":"BreadcrumbList","@id":"https:\/\/vortice.rocks\/clientes\/tierraviva\/deforestar-es-desarrollo\/#breadcrumb","itemListElement":[{"@type":"ListItem","position":1,"name":"Portada","item":"https:\/\/vortice.rocks\/clientes\/tierraviva\/"},{"@type":"ListItem","position":2,"name":"\u00bfDeforestar es desarrollo?"}]},{"@type":"WebSite","@id":"https:\/\/vortice.rocks\/clientes\/tierraviva\/#website","url":"https:\/\/vortice.rocks\/clientes\/tierraviva\/","name":"Tierraviva","description":"","potentialAction":[{"@type":"SearchAction","target":{"@type":"EntryPoint","urlTemplate":"https:\/\/vortice.rocks\/clientes\/tierraviva\/?s={search_term_string}"},"query-input":"required name=search_term_string"}],"inLanguage":"es"},{"@type":"Person","@id":"https:\/\/vortice.rocks\/clientes\/tierraviva\/#\/schema\/person\/0652c5aad419c86cff8f8129d355edd0","name":"Santi Ortiz","image":{"@type":"ImageObject","inLanguage":"es","@id":"https:\/\/vortice.rocks\/clientes\/tierraviva\/#\/schema\/person\/image\/","url":"https:\/\/secure.gravatar.com\/avatar\/78bab899e21d2840245c1646bfc64d01?s=96&d=mm&r=g","contentUrl":"https:\/\/secure.gravatar.com\/avatar\/78bab899e21d2840245c1646bfc64d01?s=96&d=mm&r=g","caption":"Santi Ortiz"},"sameAs":["https:\/\/vortice.rocks\/clientes\/tierraviva"],"url":"https:\/\/vortice.rocks\/clientes\/tierraviva\/author\/santi-ortiz\/"}]}},"_links":{"self":[{"href":"https:\/\/vortice.rocks\/clientes\/tierraviva\/wp-json\/wp\/v2\/posts\/3294"}],"collection":[{"href":"https:\/\/vortice.rocks\/clientes\/tierraviva\/wp-json\/wp\/v2\/posts"}],"about":[{"href":"https:\/\/vortice.rocks\/clientes\/tierraviva\/wp-json\/wp\/v2\/types\/post"}],"author":[{"embeddable":true,"href":"https:\/\/vortice.rocks\/clientes\/tierraviva\/wp-json\/wp\/v2\/users\/5"}],"replies":[{"embeddable":true,"href":"https:\/\/vortice.rocks\/clientes\/tierraviva\/wp-json\/wp\/v2\/comments?post=3294"}],"version-history":[{"count":2,"href":"https:\/\/vortice.rocks\/clientes\/tierraviva\/wp-json\/wp\/v2\/posts\/3294\/revisions"}],"predecessor-version":[{"id":3296,"href":"https:\/\/vortice.rocks\/clientes\/tierraviva\/wp-json\/wp\/v2\/posts\/3294\/revisions\/3296"}],"wp:featuredmedia":[{"embeddable":true,"href":"https:\/\/vortice.rocks\/clientes\/tierraviva\/wp-json\/wp\/v2\/media\/397"}],"wp:attachment":[{"href":"https:\/\/vortice.rocks\/clientes\/tierraviva\/wp-json\/wp\/v2\/media?parent=3294"}],"wp:term":[{"taxonomy":"category","embeddable":true,"href":"https:\/\/vortice.rocks\/clientes\/tierraviva\/wp-json\/wp\/v2\/categories?post=3294"},{"taxonomy":"post_tag","embeddable":true,"href":"https:\/\/vortice.rocks\/clientes\/tierraviva\/wp-json\/wp\/v2\/tags?post=3294"}],"curies":[{"name":"wp","href":"https:\/\/api.w.org\/{rel}","templated":true}]}}