{"id":3297,"date":"2023-08-28T15:32:58","date_gmt":"2023-08-28T19:32:58","guid":{"rendered":"https:\/\/vortice.rocks\/clientes\/tierraviva\/?p=3297"},"modified":"2023-08-28T15:32:58","modified_gmt":"2023-08-28T19:32:58","slug":"deforestacion-sin-consulta-indigena","status":"publish","type":"post","link":"https:\/\/vortice.rocks\/clientes\/tierraviva\/deforestacion-sin-consulta-indigena\/","title":{"rendered":"Deforestaci\u00f3n sin consulta ind\u00edgena"},"content":{"rendered":"<!--[if lt IE 9]><script>document.createElement('audio');<\/script><![endif]-->\n<audio class=\"wp-audio-shortcode\" id=\"audio-3297-1\" preload=\"none\" style=\"width: 100%;\" controls=\"controls\"><source type=\"audio\/mpeg\" src=\"https:\/\/www.ivoox.com\/deforestacion-sin-consentimiento-indigena_md_115003980_wp_1.mp3?_=1\" \/><a href=\"https:\/\/www.ivoox.com\/deforestacion-sin-consentimiento-indigena_md_115003980_wp_1.mp3\">https:\/\/www.ivoox.com\/deforestacion-sin-consentimiento-indigena_md_115003980_wp_1.mp3<\/a><\/audio>\n<p>Nicasio Duarte, secretario de la comunidad Para\u00edso (Pueblo Nivakle), ubicada en el distrito de Boquer\u00f3n (Departamento de Boquer\u00f3n), manifiesta mucha preocupaci\u00f3n por la extracci\u00f3n ilegal de \u00e1rboles. Seg\u00fan cuenta ante la Fiscal\u00eda formularon las denuncias pertinentes aguardando una actuaci\u00f3n al respecto.<\/p>\n<p>Aclara que la tala de \u00e1rboles se realiza sin el consentimiento de la comunidad, los madereros en complicidad de algunos ind\u00edgenas contratan a terceros para deforestar impunemente.<\/p>\n<p>Al ind\u00edgena el bosque tiene un gran significado, hace a su cultura y el territorio de los pueblos ind\u00edgenas. Por cuestiones culturales y de sobrevivencias, se habilita a los ind\u00edgenas disponer libremente de los recursos naturales, pero eso no implica una disposici\u00f3n absoluta sobre el medio ambiente.<\/p>\n<p>En Para\u00edso tiene una extensi\u00f3n de 4.700 hect\u00e1reas. En ella viven alrededor de 220 familias.<\/p>\n<p>FOTO: Guyra Paraguay\/ ilustraci\u00f3n<\/p>\n<p><iframe title=\"Deforestaci\u00f3n sin consulta ind\u00edgena\" width=\"620\" height=\"349\" src=\"https:\/\/www.youtube.com\/embed\/bdVXnfPudMA?feature=oembed\" frameborder=\"0\" allow=\"accelerometer; autoplay; clipboard-write; encrypted-media; gyroscope; picture-in-picture; web-share\" allowfullscreen><\/iframe><\/p>\n","protected":false},"excerpt":{"rendered":"<p>Nicasio Duarte, secretario de la comunidad Para\u00edso (Pueblo Nivakle), ubicada en el distrito de Boquer\u00f3n (Departamento de Boquer\u00f3n), manifiesta mucha preocupaci\u00f3n por la extracci\u00f3n ilegal de \u00e1rboles. Seg\u00fan cuenta ante la Fiscal\u00eda formularon las denuncias pertinentes aguardando una actuaci\u00f3n al respecto. Aclara que la tala de \u00e1rboles se realiza sin el consentimiento de la comunidad,<a class=\"more-link\" href=\"https:\/\/vortice.rocks\/clientes\/tierraviva\/deforestacion-sin-consulta-indigena\/\">Seguir leyendo <span class=\"screen-reader-text\">&#8220;Deforestaci\u00f3n sin consulta ind\u00edgena&#8221;<\/span><\/a><\/p>\n","protected":false},"author":5,"featured_media":3298,"comment_status":"open","ping_status":"open","sticky":false,"template":"","format":"standard","meta":{"_exactmetrics_skip_tracking":false,"_exactmetrics_sitenote_active":false,"_exactmetrics_sitenote_note":"","_exactmetrics_sitenote_category":0,"footnotes":""},"categories":[67],"tags":[],"yoast_head":"<!-- This site is optimized with the Yoast SEO plugin v21.7 - https:\/\/yoast.com\/wordpress\/plugins\/seo\/ -->\n<title>Deforestaci\u00f3n sin consulta ind\u00edgena - Tierraviva<\/title>\n<meta name=\"robots\" content=\"index, follow, max-snippet:-1, max-image-preview:large, max-video-preview:-1\" \/>\n<link rel=\"canonical\" href=\"https:\/\/vortice.rocks\/clientes\/tierraviva\/deforestacion-sin-consulta-indigena\/\" \/>\n<meta property=\"og:locale\" content=\"es_ES\" \/>\n<meta property=\"og:type\" content=\"article\" \/>\n<meta property=\"og:title\" content=\"Deforestaci\u00f3n sin consulta ind\u00edgena - Tierraviva\" \/>\n<meta property=\"og:description\" content=\"Nicasio Duarte, secretario de la comunidad Para\u00edso (Pueblo Nivakle), ubicada en el distrito de Boquer\u00f3n (Departamento de Boquer\u00f3n), manifiesta mucha preocupaci\u00f3n por la extracci\u00f3n ilegal de \u00e1rboles. Seg\u00fan cuenta ante la Fiscal\u00eda formularon las denuncias pertinentes aguardando una actuaci\u00f3n al respecto. Aclara que la tala de \u00e1rboles se realiza sin el consentimiento de la comunidad,Seguir leyendo &quot;Deforestaci\u00f3n sin consulta ind\u00edgena&quot;\" \/>\n<meta property=\"og:url\" content=\"https:\/\/vortice.rocks\/clientes\/tierraviva\/deforestacion-sin-consulta-indigena\/\" \/>\n<meta property=\"og:site_name\" content=\"Tierraviva\" \/>\n<meta property=\"article:publisher\" content=\"https:\/\/www.facebook.com\/Tierraviva-a-los-pueblos-indigenas-del-Chaco-217328148281564\/\" \/>\n<meta property=\"article:published_time\" content=\"2023-08-28T19:32:58+00:00\" \/>\n<meta property=\"og:image\" content=\"https:\/\/vortice.rocks\/clientes\/tierraviva\/wp-content\/uploads\/2023\/08\/deforestacion-paraguay.jpg\" \/>\n\t<meta property=\"og:image:width\" content=\"630\" \/>\n\t<meta property=\"og:image:height\" content=\"419\" \/>\n\t<meta property=\"og:image:type\" content=\"image\/jpeg\" \/>\n<meta name=\"author\" content=\"Santi Ortiz\" \/>\n<meta name=\"twitter:label1\" content=\"Escrito por\" \/>\n\t<meta name=\"twitter:data1\" content=\"Santi Ortiz\" \/>\n\t<meta name=\"twitter:label2\" content=\"Tiempo de lectura\" \/>\n\t<meta name=\"twitter:data2\" content=\"1 minuto\" \/>\n<script type=\"application\/ld+json\" class=\"yoast-schema-graph\">{\"@context\":\"https:\/\/schema.org\",\"@graph\":[{\"@type\":\"WebPage\",\"@id\":\"https:\/\/vortice.rocks\/clientes\/tierraviva\/deforestacion-sin-consulta-indigena\/\",\"url\":\"https:\/\/vortice.rocks\/clientes\/tierraviva\/deforestacion-sin-consulta-indigena\/\",\"name\":\"Deforestaci\u00f3n sin consulta ind\u00edgena - Tierraviva\",\"isPartOf\":{\"@id\":\"https:\/\/vortice.rocks\/clientes\/tierraviva\/#website\"},\"datePublished\":\"2023-08-28T19:32:58+00:00\",\"dateModified\":\"2023-08-28T19:32:58+00:00\",\"author\":{\"@id\":\"https:\/\/vortice.rocks\/clientes\/tierraviva\/#\/schema\/person\/0652c5aad419c86cff8f8129d355edd0\"},\"breadcrumb\":{\"@id\":\"https:\/\/vortice.rocks\/clientes\/tierraviva\/deforestacion-sin-consulta-indigena\/#breadcrumb\"},\"inLanguage\":\"es\",\"potentialAction\":[{\"@type\":\"ReadAction\",\"target\":[\"https:\/\/vortice.rocks\/clientes\/tierraviva\/deforestacion-sin-consulta-indigena\/\"]}]},{\"@type\":\"BreadcrumbList\",\"@id\":\"https:\/\/vortice.rocks\/clientes\/tierraviva\/deforestacion-sin-consulta-indigena\/#breadcrumb\",\"itemListElement\":[{\"@type\":\"ListItem\",\"position\":1,\"name\":\"Portada\",\"item\":\"https:\/\/vortice.rocks\/clientes\/tierraviva\/\"},{\"@type\":\"ListItem\",\"position\":2,\"name\":\"Deforestaci\u00f3n sin consulta ind\u00edgena\"}]},{\"@type\":\"WebSite\",\"@id\":\"https:\/\/vortice.rocks\/clientes\/tierraviva\/#website\",\"url\":\"https:\/\/vortice.rocks\/clientes\/tierraviva\/\",\"name\":\"Tierraviva\",\"description\":\"\",\"potentialAction\":[{\"@type\":\"SearchAction\",\"target\":{\"@type\":\"EntryPoint\",\"urlTemplate\":\"https:\/\/vortice.rocks\/clientes\/tierraviva\/?s={search_term_string}\"},\"query-input\":\"required name=search_term_string\"}],\"inLanguage\":\"es\"},{\"@type\":\"Person\",\"@id\":\"https:\/\/vortice.rocks\/clientes\/tierraviva\/#\/schema\/person\/0652c5aad419c86cff8f8129d355edd0\",\"name\":\"Santi Ortiz\",\"image\":{\"@type\":\"ImageObject\",\"inLanguage\":\"es\",\"@id\":\"https:\/\/vortice.rocks\/clientes\/tierraviva\/#\/schema\/person\/image\/\",\"url\":\"https:\/\/secure.gravatar.com\/avatar\/78bab899e21d2840245c1646bfc64d01?s=96&d=mm&r=g\",\"contentUrl\":\"https:\/\/secure.gravatar.com\/avatar\/78bab899e21d2840245c1646bfc64d01?s=96&d=mm&r=g\",\"caption\":\"Santi Ortiz\"},\"sameAs\":[\"https:\/\/vortice.rocks\/clientes\/tierraviva\"],\"url\":\"https:\/\/vortice.rocks\/clientes\/tierraviva\/author\/santi-ortiz\/\"}]}<\/script>\n<!-- \/ Yoast SEO plugin. -->","yoast_head_json":{"title":"Deforestaci\u00f3n sin consulta ind\u00edgena - Tierraviva","robots":{"index":"index","follow":"follow","max-snippet":"max-snippet:-1","max-image-preview":"max-image-preview:large","max-video-preview":"max-video-preview:-1"},"canonical":"https:\/\/vortice.rocks\/clientes\/tierraviva\/deforestacion-sin-consulta-indigena\/","og_locale":"es_ES","og_type":"article","og_title":"Deforestaci\u00f3n sin consulta ind\u00edgena - Tierraviva","og_description":"Nicasio Duarte, secretario de la comunidad Para\u00edso (Pueblo Nivakle), ubicada en el distrito de Boquer\u00f3n (Departamento de Boquer\u00f3n), manifiesta mucha preocupaci\u00f3n por la extracci\u00f3n ilegal de \u00e1rboles. Seg\u00fan cuenta ante la Fiscal\u00eda formularon las denuncias pertinentes aguardando una actuaci\u00f3n al respecto. Aclara que la tala de \u00e1rboles se realiza sin el consentimiento de la comunidad,Seguir leyendo \"Deforestaci\u00f3n sin consulta ind\u00edgena\"","og_url":"https:\/\/vortice.rocks\/clientes\/tierraviva\/deforestacion-sin-consulta-indigena\/","og_site_name":"Tierraviva","article_publisher":"https:\/\/www.facebook.com\/Tierraviva-a-los-pueblos-indigenas-del-Chaco-217328148281564\/","article_published_time":"2023-08-28T19:32:58+00:00","og_image":[{"width":630,"height":419,"url":"https:\/\/vortice.rocks\/clientes\/tierraviva\/wp-content\/uploads\/2023\/08\/deforestacion-paraguay.jpg","type":"image\/jpeg"}],"author":"Santi Ortiz","twitter_misc":{"Escrito por":"Santi Ortiz","Tiempo de lectura":"1 minuto"},"schema":{"@context":"https:\/\/schema.org","@graph":[{"@type":"WebPage","@id":"https:\/\/vortice.rocks\/clientes\/tierraviva\/deforestacion-sin-consulta-indigena\/","url":"https:\/\/vortice.rocks\/clientes\/tierraviva\/deforestacion-sin-consulta-indigena\/","name":"Deforestaci\u00f3n sin consulta ind\u00edgena - Tierraviva","isPartOf":{"@id":"https:\/\/vortice.rocks\/clientes\/tierraviva\/#website"},"datePublished":"2023-08-28T19:32:58+00:00","dateModified":"2023-08-28T19:32:58+00:00","author":{"@id":"https:\/\/vortice.rocks\/clientes\/tierraviva\/#\/schema\/person\/0652c5aad419c86cff8f8129d355edd0"},"breadcrumb":{"@id":"https:\/\/vortice.rocks\/clientes\/tierraviva\/deforestacion-sin-consulta-indigena\/#breadcrumb"},"inLanguage":"es","potentialAction":[{"@type":"ReadAction","target":["https:\/\/vortice.rocks\/clientes\/tierraviva\/deforestacion-sin-consulta-indigena\/"]}]},{"@type":"BreadcrumbList","@id":"https:\/\/vortice.rocks\/clientes\/tierraviva\/deforestacion-sin-consulta-indigena\/#breadcrumb","itemListElement":[{"@type":"ListItem","position":1,"name":"Portada","item":"https:\/\/vortice.rocks\/clientes\/tierraviva\/"},{"@type":"ListItem","position":2,"name":"Deforestaci\u00f3n sin consulta ind\u00edgena"}]},{"@type":"WebSite","@id":"https:\/\/vortice.rocks\/clientes\/tierraviva\/#website","url":"https:\/\/vortice.rocks\/clientes\/tierraviva\/","name":"Tierraviva","description":"","potentialAction":[{"@type":"SearchAction","target":{"@type":"EntryPoint","urlTemplate":"https:\/\/vortice.rocks\/clientes\/tierraviva\/?s={search_term_string}"},"query-input":"required name=search_term_string"}],"inLanguage":"es"},{"@type":"Person","@id":"https:\/\/vortice.rocks\/clientes\/tierraviva\/#\/schema\/person\/0652c5aad419c86cff8f8129d355edd0","name":"Santi Ortiz","image":{"@type":"ImageObject","inLanguage":"es","@id":"https:\/\/vortice.rocks\/clientes\/tierraviva\/#\/schema\/person\/image\/","url":"https:\/\/secure.gravatar.com\/avatar\/78bab899e21d2840245c1646bfc64d01?s=96&d=mm&r=g","contentUrl":"https:\/\/secure.gravatar.com\/avatar\/78bab899e21d2840245c1646bfc64d01?s=96&d=mm&r=g","caption":"Santi Ortiz"},"sameAs":["https:\/\/vortice.rocks\/clientes\/tierraviva"],"url":"https:\/\/vortice.rocks\/clientes\/tierraviva\/author\/santi-ortiz\/"}]}},"_links":{"self":[{"href":"https:\/\/vortice.rocks\/clientes\/tierraviva\/wp-json\/wp\/v2\/posts\/3297"}],"collection":[{"href":"https:\/\/vortice.rocks\/clientes\/tierraviva\/wp-json\/wp\/v2\/posts"}],"about":[{"href":"https:\/\/vortice.rocks\/clientes\/tierraviva\/wp-json\/wp\/v2\/types\/post"}],"author":[{"embeddable":true,"href":"https:\/\/vortice.rocks\/clientes\/tierraviva\/wp-json\/wp\/v2\/users\/5"}],"replies":[{"embeddable":true,"href":"https:\/\/vortice.rocks\/clientes\/tierraviva\/wp-json\/wp\/v2\/comments?post=3297"}],"version-history":[{"count":1,"href":"https:\/\/vortice.rocks\/clientes\/tierraviva\/wp-json\/wp\/v2\/posts\/3297\/revisions"}],"predecessor-version":[{"id":3299,"href":"https:\/\/vortice.rocks\/clientes\/tierraviva\/wp-json\/wp\/v2\/posts\/3297\/revisions\/3299"}],"wp:featuredmedia":[{"embeddable":true,"href":"https:\/\/vortice.rocks\/clientes\/tierraviva\/wp-json\/wp\/v2\/media\/3298"}],"wp:attachment":[{"href":"https:\/\/vortice.rocks\/clientes\/tierraviva\/wp-json\/wp\/v2\/media?parent=3297"}],"wp:term":[{"taxonomy":"category","embeddable":true,"href":"https:\/\/vortice.rocks\/clientes\/tierraviva\/wp-json\/wp\/v2\/categories?post=3297"},{"taxonomy":"post_tag","embeddable":true,"href":"https:\/\/vortice.rocks\/clientes\/tierraviva\/wp-json\/wp\/v2\/tags?post=3297"}],"curies":[{"name":"wp","href":"https:\/\/api.w.org\/{rel}","templated":true}]}}