{"id":3310,"date":"2023-08-29T10:49:18","date_gmt":"2023-08-29T14:49:18","guid":{"rendered":"https:\/\/vortice.rocks\/clientes\/tierraviva\/?p=3310"},"modified":"2023-08-29T10:49:45","modified_gmt":"2023-08-29T14:49:45","slug":"chaco-falta-voluntad-politica-para-asegurar-agua-potable-a-indigenas","status":"publish","type":"post","link":"https:\/\/vortice.rocks\/clientes\/tierraviva\/chaco-falta-voluntad-politica-para-asegurar-agua-potable-a-indigenas\/","title":{"rendered":"Chaco: Falta voluntad pol\u00edtica para asegurar agua potable a ind\u00edgenas"},"content":{"rendered":"<!--[if lt IE 9]><script>document.createElement('audio');<\/script><![endif]-->\n<audio class=\"wp-audio-shortcode\" id=\"audio-3310-1\" preload=\"none\" style=\"width: 100%;\" controls=\"controls\"><source type=\"audio\/mpeg\" src=\"https:\/\/www.ivoox.com\/chaco-falta-voluntad-politica-para-asegurar-agua-potable_md_115067416_wp_1.mp3?_=1\" \/><a href=\"https:\/\/www.ivoox.com\/chaco-falta-voluntad-politica-para-asegurar-agua-potable_md_115067416_wp_1.mp3\">https:\/\/www.ivoox.com\/chaco-falta-voluntad-politica-para-asegurar-agua-potable_md_115067416_wp_1.mp3<\/a><\/audio>\n<p>Roger Monte Domecq, Ingeniero Civil con especializaci\u00f3n en Hidrolog\u00eda, durante su participaci\u00f3n en Devuelvan Nuestra Tierra hablando sobre la falta de agua en el Chaco y sus consecuencias en la poblaci\u00f3n, asegur\u00f3 que perfectamente se puede planificar y prever considerando los fen\u00f3menos y cambios producidos por la crisis clim\u00e1tica como el caso de la sequ\u00eda y las inundaciones.<\/p>\n<p>En cualquiera de estos eventos es sumamente importante activar mecanismos p\u00fablicos, especialmente desde las Gobernaciones y Municipios, dijo al recalcar la necesidad que las autoridades dispongan de un plan de contingencia para responder inmediatamente a las demandas, particularmente de las comunidades ind\u00edgenas que son las m\u00e1s vulnerables.<\/p>\n<p>El especialista reiter\u00f3 el derecho humano de acceder al agua potable y que solo hace falta voluntad pol\u00edtica para garantizar ese derecho a las comunidades ind\u00edgenas. El Chaco es un territorio sensible, fr\u00e1gil y vulnerable, puntualiz\u00f3<\/p>\n<p>&nbsp;<\/p>\n<p>#DevuelvanNuestraTierra, el programa Radial de la Organizaci\u00f3n Tierraviva dedicado a los Pueblos Ind\u00edgenas del Chaco paraguayo. Cada viernes de 13:30 a 15:00 horas, nos escuchamos por Radio Pa\u2019i Puku y una Red de Radios Ind\u00edgena<\/p>\n","protected":false},"excerpt":{"rendered":"<p>Roger Monte Domecq, Ingeniero Civil con especializaci\u00f3n en Hidrolog\u00eda, durante su participaci\u00f3n en Devuelvan Nuestra Tierra hablando sobre la falta de agua en el Chaco y sus consecuencias en la poblaci\u00f3n, asegur\u00f3 que perfectamente se puede planificar y prever considerando los fen\u00f3menos y cambios producidos por la crisis clim\u00e1tica como el caso de la sequ\u00eda<a class=\"more-link\" href=\"https:\/\/vortice.rocks\/clientes\/tierraviva\/chaco-falta-voluntad-politica-para-asegurar-agua-potable-a-indigenas\/\">Seguir leyendo <span class=\"screen-reader-text\">&#8220;Chaco: Falta voluntad pol\u00edtica para asegurar agua potable a ind\u00edgenas&#8221;<\/span><\/a><\/p>\n","protected":false},"author":5,"featured_media":3270,"comment_status":"open","ping_status":"open","sticky":false,"template":"","format":"standard","meta":{"_exactmetrics_skip_tracking":false,"_exactmetrics_sitenote_active":false,"_exactmetrics_sitenote_note":"","_exactmetrics_sitenote_category":0,"footnotes":""},"categories":[67],"tags":[],"yoast_head":"<!-- This site is optimized with the Yoast SEO plugin v21.7 - https:\/\/yoast.com\/wordpress\/plugins\/seo\/ -->\n<title>Chaco: Falta voluntad pol\u00edtica para asegurar agua potable a ind\u00edgenas - Tierraviva<\/title>\n<meta name=\"robots\" content=\"index, follow, max-snippet:-1, max-image-preview:large, max-video-preview:-1\" \/>\n<link rel=\"canonical\" href=\"https:\/\/vortice.rocks\/clientes\/tierraviva\/chaco-falta-voluntad-politica-para-asegurar-agua-potable-a-indigenas\/\" \/>\n<meta property=\"og:locale\" content=\"es_ES\" \/>\n<meta property=\"og:type\" content=\"article\" \/>\n<meta property=\"og:title\" content=\"Chaco: Falta voluntad pol\u00edtica para asegurar agua potable a ind\u00edgenas - Tierraviva\" \/>\n<meta property=\"og:description\" content=\"Roger Monte Domecq, Ingeniero Civil con especializaci\u00f3n en Hidrolog\u00eda, durante su participaci\u00f3n en Devuelvan Nuestra Tierra hablando sobre la falta de agua en el Chaco y sus consecuencias en la poblaci\u00f3n, asegur\u00f3 que perfectamente se puede planificar y prever considerando los fen\u00f3menos y cambios producidos por la crisis clim\u00e1tica como el caso de la sequ\u00edaSeguir leyendo &quot;Chaco: Falta voluntad pol\u00edtica para asegurar agua potable a ind\u00edgenas&quot;\" \/>\n<meta property=\"og:url\" content=\"https:\/\/vortice.rocks\/clientes\/tierraviva\/chaco-falta-voluntad-politica-para-asegurar-agua-potable-a-indigenas\/\" \/>\n<meta property=\"og:site_name\" content=\"Tierraviva\" \/>\n<meta property=\"article:publisher\" content=\"https:\/\/www.facebook.com\/Tierraviva-a-los-pueblos-indigenas-del-Chaco-217328148281564\/\" \/>\n<meta property=\"article:published_time\" content=\"2023-08-29T14:49:18+00:00\" \/>\n<meta property=\"article:modified_time\" content=\"2023-08-29T14:49:45+00:00\" \/>\n<meta property=\"og:image\" content=\"https:\/\/vortice.rocks\/clientes\/tierraviva\/wp-content\/uploads\/2023\/08\/20221025_145415-scaled.jpg\" \/>\n\t<meta property=\"og:image:width\" content=\"2560\" \/>\n\t<meta property=\"og:image:height\" content=\"1707\" \/>\n\t<meta property=\"og:image:type\" content=\"image\/jpeg\" \/>\n<meta name=\"author\" content=\"Santi Ortiz\" \/>\n<meta name=\"twitter:label1\" content=\"Escrito por\" \/>\n\t<meta name=\"twitter:data1\" content=\"Santi Ortiz\" \/>\n\t<meta name=\"twitter:label2\" content=\"Tiempo de lectura\" \/>\n\t<meta name=\"twitter:data2\" content=\"1 minuto\" \/>\n<script type=\"application\/ld+json\" class=\"yoast-schema-graph\">{\"@context\":\"https:\/\/schema.org\",\"@graph\":[{\"@type\":\"WebPage\",\"@id\":\"https:\/\/vortice.rocks\/clientes\/tierraviva\/chaco-falta-voluntad-politica-para-asegurar-agua-potable-a-indigenas\/\",\"url\":\"https:\/\/vortice.rocks\/clientes\/tierraviva\/chaco-falta-voluntad-politica-para-asegurar-agua-potable-a-indigenas\/\",\"name\":\"Chaco: Falta voluntad pol\u00edtica para asegurar agua potable a ind\u00edgenas - Tierraviva\",\"isPartOf\":{\"@id\":\"https:\/\/vortice.rocks\/clientes\/tierraviva\/#website\"},\"datePublished\":\"2023-08-29T14:49:18+00:00\",\"dateModified\":\"2023-08-29T14:49:45+00:00\",\"author\":{\"@id\":\"https:\/\/vortice.rocks\/clientes\/tierraviva\/#\/schema\/person\/0652c5aad419c86cff8f8129d355edd0\"},\"breadcrumb\":{\"@id\":\"https:\/\/vortice.rocks\/clientes\/tierraviva\/chaco-falta-voluntad-politica-para-asegurar-agua-potable-a-indigenas\/#breadcrumb\"},\"inLanguage\":\"es\",\"potentialAction\":[{\"@type\":\"ReadAction\",\"target\":[\"https:\/\/vortice.rocks\/clientes\/tierraviva\/chaco-falta-voluntad-politica-para-asegurar-agua-potable-a-indigenas\/\"]}]},{\"@type\":\"BreadcrumbList\",\"@id\":\"https:\/\/vortice.rocks\/clientes\/tierraviva\/chaco-falta-voluntad-politica-para-asegurar-agua-potable-a-indigenas\/#breadcrumb\",\"itemListElement\":[{\"@type\":\"ListItem\",\"position\":1,\"name\":\"Portada\",\"item\":\"https:\/\/vortice.rocks\/clientes\/tierraviva\/\"},{\"@type\":\"ListItem\",\"position\":2,\"name\":\"Chaco: Falta voluntad pol\u00edtica para asegurar agua potable a ind\u00edgenas\"}]},{\"@type\":\"WebSite\",\"@id\":\"https:\/\/vortice.rocks\/clientes\/tierraviva\/#website\",\"url\":\"https:\/\/vortice.rocks\/clientes\/tierraviva\/\",\"name\":\"Tierraviva\",\"description\":\"\",\"potentialAction\":[{\"@type\":\"SearchAction\",\"target\":{\"@type\":\"EntryPoint\",\"urlTemplate\":\"https:\/\/vortice.rocks\/clientes\/tierraviva\/?s={search_term_string}\"},\"query-input\":\"required name=search_term_string\"}],\"inLanguage\":\"es\"},{\"@type\":\"Person\",\"@id\":\"https:\/\/vortice.rocks\/clientes\/tierraviva\/#\/schema\/person\/0652c5aad419c86cff8f8129d355edd0\",\"name\":\"Santi Ortiz\",\"image\":{\"@type\":\"ImageObject\",\"inLanguage\":\"es\",\"@id\":\"https:\/\/vortice.rocks\/clientes\/tierraviva\/#\/schema\/person\/image\/\",\"url\":\"https:\/\/secure.gravatar.com\/avatar\/78bab899e21d2840245c1646bfc64d01?s=96&d=mm&r=g\",\"contentUrl\":\"https:\/\/secure.gravatar.com\/avatar\/78bab899e21d2840245c1646bfc64d01?s=96&d=mm&r=g\",\"caption\":\"Santi Ortiz\"},\"sameAs\":[\"https:\/\/vortice.rocks\/clientes\/tierraviva\"],\"url\":\"https:\/\/vortice.rocks\/clientes\/tierraviva\/author\/santi-ortiz\/\"}]}<\/script>\n<!-- \/ Yoast SEO plugin. -->","yoast_head_json":{"title":"Chaco: Falta voluntad pol\u00edtica para asegurar agua potable a ind\u00edgenas - Tierraviva","robots":{"index":"index","follow":"follow","max-snippet":"max-snippet:-1","max-image-preview":"max-image-preview:large","max-video-preview":"max-video-preview:-1"},"canonical":"https:\/\/vortice.rocks\/clientes\/tierraviva\/chaco-falta-voluntad-politica-para-asegurar-agua-potable-a-indigenas\/","og_locale":"es_ES","og_type":"article","og_title":"Chaco: Falta voluntad pol\u00edtica para asegurar agua potable a ind\u00edgenas - Tierraviva","og_description":"Roger Monte Domecq, Ingeniero Civil con especializaci\u00f3n en Hidrolog\u00eda, durante su participaci\u00f3n en Devuelvan Nuestra Tierra hablando sobre la falta de agua en el Chaco y sus consecuencias en la poblaci\u00f3n, asegur\u00f3 que perfectamente se puede planificar y prever considerando los fen\u00f3menos y cambios producidos por la crisis clim\u00e1tica como el caso de la sequ\u00edaSeguir leyendo \"Chaco: Falta voluntad pol\u00edtica para asegurar agua potable a ind\u00edgenas\"","og_url":"https:\/\/vortice.rocks\/clientes\/tierraviva\/chaco-falta-voluntad-politica-para-asegurar-agua-potable-a-indigenas\/","og_site_name":"Tierraviva","article_publisher":"https:\/\/www.facebook.com\/Tierraviva-a-los-pueblos-indigenas-del-Chaco-217328148281564\/","article_published_time":"2023-08-29T14:49:18+00:00","article_modified_time":"2023-08-29T14:49:45+00:00","og_image":[{"width":2560,"height":1707,"url":"https:\/\/vortice.rocks\/clientes\/tierraviva\/wp-content\/uploads\/2023\/08\/20221025_145415-scaled.jpg","type":"image\/jpeg"}],"author":"Santi Ortiz","twitter_misc":{"Escrito por":"Santi Ortiz","Tiempo de lectura":"1 minuto"},"schema":{"@context":"https:\/\/schema.org","@graph":[{"@type":"WebPage","@id":"https:\/\/vortice.rocks\/clientes\/tierraviva\/chaco-falta-voluntad-politica-para-asegurar-agua-potable-a-indigenas\/","url":"https:\/\/vortice.rocks\/clientes\/tierraviva\/chaco-falta-voluntad-politica-para-asegurar-agua-potable-a-indigenas\/","name":"Chaco: Falta voluntad pol\u00edtica para asegurar agua potable a ind\u00edgenas - Tierraviva","isPartOf":{"@id":"https:\/\/vortice.rocks\/clientes\/tierraviva\/#website"},"datePublished":"2023-08-29T14:49:18+00:00","dateModified":"2023-08-29T14:49:45+00:00","author":{"@id":"https:\/\/vortice.rocks\/clientes\/tierraviva\/#\/schema\/person\/0652c5aad419c86cff8f8129d355edd0"},"breadcrumb":{"@id":"https:\/\/vortice.rocks\/clientes\/tierraviva\/chaco-falta-voluntad-politica-para-asegurar-agua-potable-a-indigenas\/#breadcrumb"},"inLanguage":"es","potentialAction":[{"@type":"ReadAction","target":["https:\/\/vortice.rocks\/clientes\/tierraviva\/chaco-falta-voluntad-politica-para-asegurar-agua-potable-a-indigenas\/"]}]},{"@type":"BreadcrumbList","@id":"https:\/\/vortice.rocks\/clientes\/tierraviva\/chaco-falta-voluntad-politica-para-asegurar-agua-potable-a-indigenas\/#breadcrumb","itemListElement":[{"@type":"ListItem","position":1,"name":"Portada","item":"https:\/\/vortice.rocks\/clientes\/tierraviva\/"},{"@type":"ListItem","position":2,"name":"Chaco: Falta voluntad pol\u00edtica para asegurar agua potable a ind\u00edgenas"}]},{"@type":"WebSite","@id":"https:\/\/vortice.rocks\/clientes\/tierraviva\/#website","url":"https:\/\/vortice.rocks\/clientes\/tierraviva\/","name":"Tierraviva","description":"","potentialAction":[{"@type":"SearchAction","target":{"@type":"EntryPoint","urlTemplate":"https:\/\/vortice.rocks\/clientes\/tierraviva\/?s={search_term_string}"},"query-input":"required name=search_term_string"}],"inLanguage":"es"},{"@type":"Person","@id":"https:\/\/vortice.rocks\/clientes\/tierraviva\/#\/schema\/person\/0652c5aad419c86cff8f8129d355edd0","name":"Santi Ortiz","image":{"@type":"ImageObject","inLanguage":"es","@id":"https:\/\/vortice.rocks\/clientes\/tierraviva\/#\/schema\/person\/image\/","url":"https:\/\/secure.gravatar.com\/avatar\/78bab899e21d2840245c1646bfc64d01?s=96&d=mm&r=g","contentUrl":"https:\/\/secure.gravatar.com\/avatar\/78bab899e21d2840245c1646bfc64d01?s=96&d=mm&r=g","caption":"Santi Ortiz"},"sameAs":["https:\/\/vortice.rocks\/clientes\/tierraviva"],"url":"https:\/\/vortice.rocks\/clientes\/tierraviva\/author\/santi-ortiz\/"}]}},"_links":{"self":[{"href":"https:\/\/vortice.rocks\/clientes\/tierraviva\/wp-json\/wp\/v2\/posts\/3310"}],"collection":[{"href":"https:\/\/vortice.rocks\/clientes\/tierraviva\/wp-json\/wp\/v2\/posts"}],"about":[{"href":"https:\/\/vortice.rocks\/clientes\/tierraviva\/wp-json\/wp\/v2\/types\/post"}],"author":[{"embeddable":true,"href":"https:\/\/vortice.rocks\/clientes\/tierraviva\/wp-json\/wp\/v2\/users\/5"}],"replies":[{"embeddable":true,"href":"https:\/\/vortice.rocks\/clientes\/tierraviva\/wp-json\/wp\/v2\/comments?post=3310"}],"version-history":[{"count":3,"href":"https:\/\/vortice.rocks\/clientes\/tierraviva\/wp-json\/wp\/v2\/posts\/3310\/revisions"}],"predecessor-version":[{"id":3314,"href":"https:\/\/vortice.rocks\/clientes\/tierraviva\/wp-json\/wp\/v2\/posts\/3310\/revisions\/3314"}],"wp:featuredmedia":[{"embeddable":true,"href":"https:\/\/vortice.rocks\/clientes\/tierraviva\/wp-json\/wp\/v2\/media\/3270"}],"wp:attachment":[{"href":"https:\/\/vortice.rocks\/clientes\/tierraviva\/wp-json\/wp\/v2\/media?parent=3310"}],"wp:term":[{"taxonomy":"category","embeddable":true,"href":"https:\/\/vortice.rocks\/clientes\/tierraviva\/wp-json\/wp\/v2\/categories?post=3310"},{"taxonomy":"post_tag","embeddable":true,"href":"https:\/\/vortice.rocks\/clientes\/tierraviva\/wp-json\/wp\/v2\/tags?post=3310"}],"curies":[{"name":"wp","href":"https:\/\/api.w.org\/{rel}","templated":true}]}}