{"id":3328,"date":"2023-09-06T12:05:29","date_gmt":"2023-09-06T16:05:29","guid":{"rendered":"https:\/\/vortice.rocks\/clientes\/tierraviva\/?p=3328"},"modified":"2023-09-06T12:05:29","modified_gmt":"2023-09-06T16:05:29","slug":"indigenas-sin-acceso-a-agua-de-calidad","status":"publish","type":"post","link":"https:\/\/vortice.rocks\/clientes\/tierraviva\/indigenas-sin-acceso-a-agua-de-calidad\/","title":{"rendered":"Ind\u00edgenas sin acceso a agua de calidad"},"content":{"rendered":"<p>\ud83d\udde3\ufe0fDaniel Ben\u00edtez, l\u00edder de Colonia \u201996 de la comunidad Payseyamexyempa\u2019a, del Pueblo Enxet, una vez m\u00e1s, en nombre de su gente, manifiesta la preocupaci\u00f3n por la falta de acceso a agua potable. Hace meses no se registran lluvias importantes en la zona; la sequ\u00eda les afecta en demas\u00eda, el riacho Celedonio, cause principal con que cuentan para la provisi\u00f3n del vital l\u00edquido, est\u00e1 sec\u00e1ndose y en los tanques ya no disponen de agua.<\/p>\n<p>\ud83d\udde3\ufe0fUrgimos la asistencia de las instituciones p\u00fablicas, especialmente para la provisi\u00f3n de agua potable, puntualiza el mencionado l\u00edder.<\/p>\n<p>\ud83d\udd3aPayseyamexyempa\u2019a, del Pueblo Enxet, est\u00e1 integrada por las aldeas Colonia 96, Buena Vista, y Ana Victoria en el distrito de Villa Hayes del departamento de Presidente Hayes. Se encuentra asentada a la altura del kil\u00f3metro 352 de la ruta Pozo Colorado-Concepci\u00f3n m\u00e1s unos 60 km aproximadamente al norte de la misma Ruta.<\/p>\n<p>\ud83d\udd3aDesde el mes de agosto del a\u00f1o 2020 la comunidad cuenta con una medida de amparo otorgada por Juzgado de 1era instancia en lo Civil y Comercial del 24\u00b0 turno que ordena a la Secretar\u00eda de Emergencia Nacional (SEN), al Instituto Paraguayo del Ind\u00edgena (INDI) y el Servicio Nacional de Saneamiento (SENASA) del Ministerio de Salud P\u00fablica y Bienestar Social (MSPyBS) a que provean de asistencia integral, agua en calidad y cantidad adecuada, asistencia en salud y alimentaci\u00f3n, todo ello dentro de un marco de asistencia sostenible.<\/p>\n<p><em><strong>Foto<\/strong><\/em>\/Ilustraci\u00f3n<\/p>\n<p><strong>Vea Video:<\/strong><\/p>\n<p><iframe title=\"Ind\u00edgenas sin acceso a agua de calidad\" width=\"620\" height=\"349\" src=\"https:\/\/www.youtube.com\/embed\/4sBsov06xbE?feature=oembed\" frameborder=\"0\" allow=\"accelerometer; autoplay; clipboard-write; encrypted-media; gyroscope; picture-in-picture; web-share\" allowfullscreen><\/iframe><\/p>\n<p>&nbsp;<\/p>\n","protected":false},"excerpt":{"rendered":"<p>\ud83d\udde3\ufe0fDaniel Ben\u00edtez, l\u00edder de Colonia \u201996 de la comunidad Payseyamexyempa\u2019a, del Pueblo Enxet, una vez m\u00e1s, en nombre de su gente, manifiesta la preocupaci\u00f3n por la falta de acceso a agua potable. Hace meses no se registran lluvias importantes en la zona; la sequ\u00eda les afecta en demas\u00eda, el riacho Celedonio, cause principal con que<a class=\"more-link\" href=\"https:\/\/vortice.rocks\/clientes\/tierraviva\/indigenas-sin-acceso-a-agua-de-calidad\/\">Seguir leyendo <span class=\"screen-reader-text\">&#8220;Ind\u00edgenas sin acceso a agua de calidad&#8221;<\/span><\/a><\/p>\n","protected":false},"author":5,"featured_media":1526,"comment_status":"open","ping_status":"open","sticky":false,"template":"","format":"standard","meta":{"_exactmetrics_skip_tracking":false,"_exactmetrics_sitenote_active":false,"_exactmetrics_sitenote_note":"","_exactmetrics_sitenote_category":0,"footnotes":""},"categories":[67],"tags":[45,200,75],"yoast_head":"<!-- This site is optimized with the Yoast SEO plugin v21.7 - https:\/\/yoast.com\/wordpress\/plugins\/seo\/ -->\n<title>Ind\u00edgenas sin acceso a agua de calidad - Tierraviva<\/title>\n<meta name=\"robots\" content=\"index, follow, max-snippet:-1, max-image-preview:large, max-video-preview:-1\" \/>\n<link rel=\"canonical\" href=\"https:\/\/vortice.rocks\/clientes\/tierraviva\/indigenas-sin-acceso-a-agua-de-calidad\/\" \/>\n<meta property=\"og:locale\" content=\"es_ES\" \/>\n<meta property=\"og:type\" content=\"article\" \/>\n<meta property=\"og:title\" content=\"Ind\u00edgenas sin acceso a agua de calidad - Tierraviva\" \/>\n<meta property=\"og:description\" content=\"\ud83d\udde3\ufe0fDaniel Ben\u00edtez, l\u00edder de Colonia \u201996 de la comunidad Payseyamexyempa\u2019a, del Pueblo Enxet, una vez m\u00e1s, en nombre de su gente, manifiesta la preocupaci\u00f3n por la falta de acceso a agua potable. Hace meses no se registran lluvias importantes en la zona; la sequ\u00eda les afecta en demas\u00eda, el riacho Celedonio, cause principal con queSeguir leyendo &quot;Ind\u00edgenas sin acceso a agua de calidad&quot;\" \/>\n<meta property=\"og:url\" content=\"https:\/\/vortice.rocks\/clientes\/tierraviva\/indigenas-sin-acceso-a-agua-de-calidad\/\" \/>\n<meta property=\"og:site_name\" content=\"Tierraviva\" \/>\n<meta property=\"article:publisher\" content=\"https:\/\/www.facebook.com\/Tierraviva-a-los-pueblos-indigenas-del-Chaco-217328148281564\/\" \/>\n<meta property=\"article:published_time\" content=\"2023-09-06T16:05:29+00:00\" \/>\n<meta property=\"og:image\" content=\"https:\/\/vortice.rocks\/clientes\/tierraviva\/wp-content\/uploads\/2019\/03\/IMG-20190319-WA0031.jpg\" \/>\n\t<meta property=\"og:image:width\" content=\"960\" \/>\n\t<meta property=\"og:image:height\" content=\"1280\" \/>\n\t<meta property=\"og:image:type\" content=\"image\/jpeg\" \/>\n<meta name=\"author\" content=\"Santi Ortiz\" \/>\n<meta name=\"twitter:label1\" content=\"Escrito por\" \/>\n\t<meta name=\"twitter:data1\" content=\"Santi Ortiz\" \/>\n\t<meta name=\"twitter:label2\" content=\"Tiempo de lectura\" \/>\n\t<meta name=\"twitter:data2\" content=\"1 minuto\" \/>\n<script type=\"application\/ld+json\" class=\"yoast-schema-graph\">{\"@context\":\"https:\/\/schema.org\",\"@graph\":[{\"@type\":\"WebPage\",\"@id\":\"https:\/\/vortice.rocks\/clientes\/tierraviva\/indigenas-sin-acceso-a-agua-de-calidad\/\",\"url\":\"https:\/\/vortice.rocks\/clientes\/tierraviva\/indigenas-sin-acceso-a-agua-de-calidad\/\",\"name\":\"Ind\u00edgenas sin acceso a agua de calidad - Tierraviva\",\"isPartOf\":{\"@id\":\"https:\/\/vortice.rocks\/clientes\/tierraviva\/#website\"},\"datePublished\":\"2023-09-06T16:05:29+00:00\",\"dateModified\":\"2023-09-06T16:05:29+00:00\",\"author\":{\"@id\":\"https:\/\/vortice.rocks\/clientes\/tierraviva\/#\/schema\/person\/0652c5aad419c86cff8f8129d355edd0\"},\"breadcrumb\":{\"@id\":\"https:\/\/vortice.rocks\/clientes\/tierraviva\/indigenas-sin-acceso-a-agua-de-calidad\/#breadcrumb\"},\"inLanguage\":\"es\",\"potentialAction\":[{\"@type\":\"ReadAction\",\"target\":[\"https:\/\/vortice.rocks\/clientes\/tierraviva\/indigenas-sin-acceso-a-agua-de-calidad\/\"]}]},{\"@type\":\"BreadcrumbList\",\"@id\":\"https:\/\/vortice.rocks\/clientes\/tierraviva\/indigenas-sin-acceso-a-agua-de-calidad\/#breadcrumb\",\"itemListElement\":[{\"@type\":\"ListItem\",\"position\":1,\"name\":\"Portada\",\"item\":\"https:\/\/vortice.rocks\/clientes\/tierraviva\/\"},{\"@type\":\"ListItem\",\"position\":2,\"name\":\"Ind\u00edgenas sin acceso a agua de calidad\"}]},{\"@type\":\"WebSite\",\"@id\":\"https:\/\/vortice.rocks\/clientes\/tierraviva\/#website\",\"url\":\"https:\/\/vortice.rocks\/clientes\/tierraviva\/\",\"name\":\"Tierraviva\",\"description\":\"\",\"potentialAction\":[{\"@type\":\"SearchAction\",\"target\":{\"@type\":\"EntryPoint\",\"urlTemplate\":\"https:\/\/vortice.rocks\/clientes\/tierraviva\/?s={search_term_string}\"},\"query-input\":\"required name=search_term_string\"}],\"inLanguage\":\"es\"},{\"@type\":\"Person\",\"@id\":\"https:\/\/vortice.rocks\/clientes\/tierraviva\/#\/schema\/person\/0652c5aad419c86cff8f8129d355edd0\",\"name\":\"Santi Ortiz\",\"image\":{\"@type\":\"ImageObject\",\"inLanguage\":\"es\",\"@id\":\"https:\/\/vortice.rocks\/clientes\/tierraviva\/#\/schema\/person\/image\/\",\"url\":\"https:\/\/secure.gravatar.com\/avatar\/78bab899e21d2840245c1646bfc64d01?s=96&d=mm&r=g\",\"contentUrl\":\"https:\/\/secure.gravatar.com\/avatar\/78bab899e21d2840245c1646bfc64d01?s=96&d=mm&r=g\",\"caption\":\"Santi Ortiz\"},\"sameAs\":[\"https:\/\/vortice.rocks\/clientes\/tierraviva\"],\"url\":\"https:\/\/vortice.rocks\/clientes\/tierraviva\/author\/santi-ortiz\/\"}]}<\/script>\n<!-- \/ Yoast SEO plugin. -->","yoast_head_json":{"title":"Ind\u00edgenas sin acceso a agua de calidad - Tierraviva","robots":{"index":"index","follow":"follow","max-snippet":"max-snippet:-1","max-image-preview":"max-image-preview:large","max-video-preview":"max-video-preview:-1"},"canonical":"https:\/\/vortice.rocks\/clientes\/tierraviva\/indigenas-sin-acceso-a-agua-de-calidad\/","og_locale":"es_ES","og_type":"article","og_title":"Ind\u00edgenas sin acceso a agua de calidad - Tierraviva","og_description":"\ud83d\udde3\ufe0fDaniel Ben\u00edtez, l\u00edder de Colonia \u201996 de la comunidad Payseyamexyempa\u2019a, del Pueblo Enxet, una vez m\u00e1s, en nombre de su gente, manifiesta la preocupaci\u00f3n por la falta de acceso a agua potable. Hace meses no se registran lluvias importantes en la zona; la sequ\u00eda les afecta en demas\u00eda, el riacho Celedonio, cause principal con queSeguir leyendo \"Ind\u00edgenas sin acceso a agua de calidad\"","og_url":"https:\/\/vortice.rocks\/clientes\/tierraviva\/indigenas-sin-acceso-a-agua-de-calidad\/","og_site_name":"Tierraviva","article_publisher":"https:\/\/www.facebook.com\/Tierraviva-a-los-pueblos-indigenas-del-Chaco-217328148281564\/","article_published_time":"2023-09-06T16:05:29+00:00","og_image":[{"width":960,"height":1280,"url":"https:\/\/vortice.rocks\/clientes\/tierraviva\/wp-content\/uploads\/2019\/03\/IMG-20190319-WA0031.jpg","type":"image\/jpeg"}],"author":"Santi Ortiz","twitter_misc":{"Escrito por":"Santi Ortiz","Tiempo de lectura":"1 minuto"},"schema":{"@context":"https:\/\/schema.org","@graph":[{"@type":"WebPage","@id":"https:\/\/vortice.rocks\/clientes\/tierraviva\/indigenas-sin-acceso-a-agua-de-calidad\/","url":"https:\/\/vortice.rocks\/clientes\/tierraviva\/indigenas-sin-acceso-a-agua-de-calidad\/","name":"Ind\u00edgenas sin acceso a agua de calidad - Tierraviva","isPartOf":{"@id":"https:\/\/vortice.rocks\/clientes\/tierraviva\/#website"},"datePublished":"2023-09-06T16:05:29+00:00","dateModified":"2023-09-06T16:05:29+00:00","author":{"@id":"https:\/\/vortice.rocks\/clientes\/tierraviva\/#\/schema\/person\/0652c5aad419c86cff8f8129d355edd0"},"breadcrumb":{"@id":"https:\/\/vortice.rocks\/clientes\/tierraviva\/indigenas-sin-acceso-a-agua-de-calidad\/#breadcrumb"},"inLanguage":"es","potentialAction":[{"@type":"ReadAction","target":["https:\/\/vortice.rocks\/clientes\/tierraviva\/indigenas-sin-acceso-a-agua-de-calidad\/"]}]},{"@type":"BreadcrumbList","@id":"https:\/\/vortice.rocks\/clientes\/tierraviva\/indigenas-sin-acceso-a-agua-de-calidad\/#breadcrumb","itemListElement":[{"@type":"ListItem","position":1,"name":"Portada","item":"https:\/\/vortice.rocks\/clientes\/tierraviva\/"},{"@type":"ListItem","position":2,"name":"Ind\u00edgenas sin acceso a agua de calidad"}]},{"@type":"WebSite","@id":"https:\/\/vortice.rocks\/clientes\/tierraviva\/#website","url":"https:\/\/vortice.rocks\/clientes\/tierraviva\/","name":"Tierraviva","description":"","potentialAction":[{"@type":"SearchAction","target":{"@type":"EntryPoint","urlTemplate":"https:\/\/vortice.rocks\/clientes\/tierraviva\/?s={search_term_string}"},"query-input":"required name=search_term_string"}],"inLanguage":"es"},{"@type":"Person","@id":"https:\/\/vortice.rocks\/clientes\/tierraviva\/#\/schema\/person\/0652c5aad419c86cff8f8129d355edd0","name":"Santi Ortiz","image":{"@type":"ImageObject","inLanguage":"es","@id":"https:\/\/vortice.rocks\/clientes\/tierraviva\/#\/schema\/person\/image\/","url":"https:\/\/secure.gravatar.com\/avatar\/78bab899e21d2840245c1646bfc64d01?s=96&d=mm&r=g","contentUrl":"https:\/\/secure.gravatar.com\/avatar\/78bab899e21d2840245c1646bfc64d01?s=96&d=mm&r=g","caption":"Santi Ortiz"},"sameAs":["https:\/\/vortice.rocks\/clientes\/tierraviva"],"url":"https:\/\/vortice.rocks\/clientes\/tierraviva\/author\/santi-ortiz\/"}]}},"_links":{"self":[{"href":"https:\/\/vortice.rocks\/clientes\/tierraviva\/wp-json\/wp\/v2\/posts\/3328"}],"collection":[{"href":"https:\/\/vortice.rocks\/clientes\/tierraviva\/wp-json\/wp\/v2\/posts"}],"about":[{"href":"https:\/\/vortice.rocks\/clientes\/tierraviva\/wp-json\/wp\/v2\/types\/post"}],"author":[{"embeddable":true,"href":"https:\/\/vortice.rocks\/clientes\/tierraviva\/wp-json\/wp\/v2\/users\/5"}],"replies":[{"embeddable":true,"href":"https:\/\/vortice.rocks\/clientes\/tierraviva\/wp-json\/wp\/v2\/comments?post=3328"}],"version-history":[{"count":1,"href":"https:\/\/vortice.rocks\/clientes\/tierraviva\/wp-json\/wp\/v2\/posts\/3328\/revisions"}],"predecessor-version":[{"id":3329,"href":"https:\/\/vortice.rocks\/clientes\/tierraviva\/wp-json\/wp\/v2\/posts\/3328\/revisions\/3329"}],"wp:featuredmedia":[{"embeddable":true,"href":"https:\/\/vortice.rocks\/clientes\/tierraviva\/wp-json\/wp\/v2\/media\/1526"}],"wp:attachment":[{"href":"https:\/\/vortice.rocks\/clientes\/tierraviva\/wp-json\/wp\/v2\/media?parent=3328"}],"wp:term":[{"taxonomy":"category","embeddable":true,"href":"https:\/\/vortice.rocks\/clientes\/tierraviva\/wp-json\/wp\/v2\/categories?post=3328"},{"taxonomy":"post_tag","embeddable":true,"href":"https:\/\/vortice.rocks\/clientes\/tierraviva\/wp-json\/wp\/v2\/tags?post=3328"}],"curies":[{"name":"wp","href":"https:\/\/api.w.org\/{rel}","templated":true}]}}