{"id":3363,"date":"2023-09-26T15:13:07","date_gmt":"2023-09-26T19:13:07","guid":{"rendered":"https:\/\/vortice.rocks\/clientes\/tierraviva\/?p=3363"},"modified":"2023-09-26T15:13:07","modified_gmt":"2023-09-26T19:13:07","slug":"denuncian-muerte-materna-en-comunidad-indigena","status":"publish","type":"post","link":"https:\/\/vortice.rocks\/clientes\/tierraviva\/denuncian-muerte-materna-en-comunidad-indigena\/","title":{"rendered":"Denuncian muerte materna en comunidad ind\u00edgena"},"content":{"rendered":"<p>Gabriel Fern\u00e1ndez, l\u00edder ind\u00edgena de Kurupayty, cuenta con mucho dolor la muerte de una parturienta de su comunidad ocurrido el pasado s\u00e1bado 23 de septiembre.<\/p>\n<p>Denuncia a las autoridades por no socorrer en tiempo y forma a la madre de 33 a\u00f1os que deja hu\u00e9rfanos a 4 ni\u00f1os.<\/p>\n<p>Los ind\u00edgenas buscaron por todos los medios para que se la asista de manera urgente, rogaron a las autoridades sanitarias el env\u00edo de una ambulancia para trasladarla. Si bien lleg\u00f3 la asistencia, pero ya muy tarde, pues la mam\u00e1 falleci\u00f3. El beb\u00e9 si bien sigue con vida aun no fue atendido como corresponde, seg\u00fan dice el mencionado l\u00edder ind\u00edgena.<\/p>\n<p>Conforme al relato de los hechos, los ind\u00edgenas alrededor de las 19 horas del pasado s\u00e1bado se comunicaron con las autoridades de la Regi\u00f3n Sanitaria de Presidente Hayes informando de la gravedad del caso, urgiendo el traslado a un Centro Asistencial de la enferma, y reci\u00e9n pasado la media noche, despu\u00e9s de m\u00e1s de cinco horas y tras mucha insistencia, lleg\u00f3 una unidad de la ambulancia, pero ya en vano, la madre ya hab\u00eda fallecido.<\/p>\n<p>La comunidad Kurupayty est\u00e1 ubicada alrededor de 50 kil\u00f3metros de Pozo Colorado-<\/p>\n<p><strong>Vea video<\/strong><\/p>\n<p><a href=\"https:\/\/fb.watch\/niURxU4BqU\/\">https:\/\/fb.watch\/niURxU4BqU\/<\/a><\/p>\n","protected":false},"excerpt":{"rendered":"<p>Gabriel Fern\u00e1ndez, l\u00edder ind\u00edgena de Kurupayty, cuenta con mucho dolor la muerte de una parturienta de su comunidad ocurrido el pasado s\u00e1bado 23 de septiembre. Denuncia a las autoridades por no socorrer en tiempo y forma a la madre de 33 a\u00f1os que deja hu\u00e9rfanos a 4 ni\u00f1os. Los ind\u00edgenas buscaron por todos los medios<a class=\"more-link\" href=\"https:\/\/vortice.rocks\/clientes\/tierraviva\/denuncian-muerte-materna-en-comunidad-indigena\/\">Seguir leyendo <span class=\"screen-reader-text\">&#8220;Denuncian muerte materna en comunidad ind\u00edgena&#8221;<\/span><\/a><\/p>\n","protected":false},"author":5,"featured_media":3366,"comment_status":"open","ping_status":"open","sticky":false,"template":"","format":"standard","meta":{"_exactmetrics_skip_tracking":false,"_exactmetrics_sitenote_active":false,"_exactmetrics_sitenote_note":"","_exactmetrics_sitenote_category":0,"footnotes":""},"categories":[67],"tags":[],"yoast_head":"<!-- This site is optimized with the Yoast SEO plugin v21.7 - https:\/\/yoast.com\/wordpress\/plugins\/seo\/ -->\n<title>Denuncian muerte materna en comunidad ind\u00edgena - Tierraviva<\/title>\n<meta name=\"robots\" content=\"index, follow, max-snippet:-1, max-image-preview:large, max-video-preview:-1\" \/>\n<link rel=\"canonical\" href=\"https:\/\/vortice.rocks\/clientes\/tierraviva\/denuncian-muerte-materna-en-comunidad-indigena\/\" \/>\n<meta property=\"og:locale\" content=\"es_ES\" \/>\n<meta property=\"og:type\" content=\"article\" \/>\n<meta property=\"og:title\" content=\"Denuncian muerte materna en comunidad ind\u00edgena - Tierraviva\" \/>\n<meta property=\"og:description\" content=\"Gabriel Fern\u00e1ndez, l\u00edder ind\u00edgena de Kurupayty, cuenta con mucho dolor la muerte de una parturienta de su comunidad ocurrido el pasado s\u00e1bado 23 de septiembre. Denuncia a las autoridades por no socorrer en tiempo y forma a la madre de 33 a\u00f1os que deja hu\u00e9rfanos a 4 ni\u00f1os. Los ind\u00edgenas buscaron por todos los mediosSeguir leyendo &quot;Denuncian muerte materna en comunidad ind\u00edgena&quot;\" \/>\n<meta property=\"og:url\" content=\"https:\/\/vortice.rocks\/clientes\/tierraviva\/denuncian-muerte-materna-en-comunidad-indigena\/\" \/>\n<meta property=\"og:site_name\" content=\"Tierraviva\" \/>\n<meta property=\"article:publisher\" content=\"https:\/\/www.facebook.com\/Tierraviva-a-los-pueblos-indigenas-del-Chaco-217328148281564\/\" \/>\n<meta property=\"article:published_time\" content=\"2023-09-26T19:13:07+00:00\" \/>\n<meta property=\"og:image\" content=\"https:\/\/vortice.rocks\/clientes\/tierraviva\/wp-content\/uploads\/2023\/09\/Imagen-de-WhatsApp-2023-09-26-a-las-15.07.11.jpg\" \/>\n\t<meta property=\"og:image:width\" content=\"1247\" \/>\n\t<meta property=\"og:image:height\" content=\"699\" \/>\n\t<meta property=\"og:image:type\" content=\"image\/jpeg\" \/>\n<meta name=\"author\" content=\"Santi Ortiz\" \/>\n<meta name=\"twitter:label1\" content=\"Escrito por\" \/>\n\t<meta name=\"twitter:data1\" content=\"Santi Ortiz\" \/>\n\t<meta name=\"twitter:label2\" content=\"Tiempo de lectura\" \/>\n\t<meta name=\"twitter:data2\" content=\"1 minuto\" \/>\n<script type=\"application\/ld+json\" class=\"yoast-schema-graph\">{\"@context\":\"https:\/\/schema.org\",\"@graph\":[{\"@type\":\"WebPage\",\"@id\":\"https:\/\/vortice.rocks\/clientes\/tierraviva\/denuncian-muerte-materna-en-comunidad-indigena\/\",\"url\":\"https:\/\/vortice.rocks\/clientes\/tierraviva\/denuncian-muerte-materna-en-comunidad-indigena\/\",\"name\":\"Denuncian muerte materna en comunidad ind\u00edgena - Tierraviva\",\"isPartOf\":{\"@id\":\"https:\/\/vortice.rocks\/clientes\/tierraviva\/#website\"},\"datePublished\":\"2023-09-26T19:13:07+00:00\",\"dateModified\":\"2023-09-26T19:13:07+00:00\",\"author\":{\"@id\":\"https:\/\/vortice.rocks\/clientes\/tierraviva\/#\/schema\/person\/0652c5aad419c86cff8f8129d355edd0\"},\"breadcrumb\":{\"@id\":\"https:\/\/vortice.rocks\/clientes\/tierraviva\/denuncian-muerte-materna-en-comunidad-indigena\/#breadcrumb\"},\"inLanguage\":\"es\",\"potentialAction\":[{\"@type\":\"ReadAction\",\"target\":[\"https:\/\/vortice.rocks\/clientes\/tierraviva\/denuncian-muerte-materna-en-comunidad-indigena\/\"]}]},{\"@type\":\"BreadcrumbList\",\"@id\":\"https:\/\/vortice.rocks\/clientes\/tierraviva\/denuncian-muerte-materna-en-comunidad-indigena\/#breadcrumb\",\"itemListElement\":[{\"@type\":\"ListItem\",\"position\":1,\"name\":\"Portada\",\"item\":\"https:\/\/vortice.rocks\/clientes\/tierraviva\/\"},{\"@type\":\"ListItem\",\"position\":2,\"name\":\"Denuncian muerte materna en comunidad ind\u00edgena\"}]},{\"@type\":\"WebSite\",\"@id\":\"https:\/\/vortice.rocks\/clientes\/tierraviva\/#website\",\"url\":\"https:\/\/vortice.rocks\/clientes\/tierraviva\/\",\"name\":\"Tierraviva\",\"description\":\"\",\"potentialAction\":[{\"@type\":\"SearchAction\",\"target\":{\"@type\":\"EntryPoint\",\"urlTemplate\":\"https:\/\/vortice.rocks\/clientes\/tierraviva\/?s={search_term_string}\"},\"query-input\":\"required name=search_term_string\"}],\"inLanguage\":\"es\"},{\"@type\":\"Person\",\"@id\":\"https:\/\/vortice.rocks\/clientes\/tierraviva\/#\/schema\/person\/0652c5aad419c86cff8f8129d355edd0\",\"name\":\"Santi Ortiz\",\"image\":{\"@type\":\"ImageObject\",\"inLanguage\":\"es\",\"@id\":\"https:\/\/vortice.rocks\/clientes\/tierraviva\/#\/schema\/person\/image\/\",\"url\":\"https:\/\/secure.gravatar.com\/avatar\/78bab899e21d2840245c1646bfc64d01?s=96&d=mm&r=g\",\"contentUrl\":\"https:\/\/secure.gravatar.com\/avatar\/78bab899e21d2840245c1646bfc64d01?s=96&d=mm&r=g\",\"caption\":\"Santi Ortiz\"},\"sameAs\":[\"https:\/\/vortice.rocks\/clientes\/tierraviva\"],\"url\":\"https:\/\/vortice.rocks\/clientes\/tierraviva\/author\/santi-ortiz\/\"}]}<\/script>\n<!-- \/ Yoast SEO plugin. -->","yoast_head_json":{"title":"Denuncian muerte materna en comunidad ind\u00edgena - Tierraviva","robots":{"index":"index","follow":"follow","max-snippet":"max-snippet:-1","max-image-preview":"max-image-preview:large","max-video-preview":"max-video-preview:-1"},"canonical":"https:\/\/vortice.rocks\/clientes\/tierraviva\/denuncian-muerte-materna-en-comunidad-indigena\/","og_locale":"es_ES","og_type":"article","og_title":"Denuncian muerte materna en comunidad ind\u00edgena - Tierraviva","og_description":"Gabriel Fern\u00e1ndez, l\u00edder ind\u00edgena de Kurupayty, cuenta con mucho dolor la muerte de una parturienta de su comunidad ocurrido el pasado s\u00e1bado 23 de septiembre. Denuncia a las autoridades por no socorrer en tiempo y forma a la madre de 33 a\u00f1os que deja hu\u00e9rfanos a 4 ni\u00f1os. Los ind\u00edgenas buscaron por todos los mediosSeguir leyendo \"Denuncian muerte materna en comunidad ind\u00edgena\"","og_url":"https:\/\/vortice.rocks\/clientes\/tierraviva\/denuncian-muerte-materna-en-comunidad-indigena\/","og_site_name":"Tierraviva","article_publisher":"https:\/\/www.facebook.com\/Tierraviva-a-los-pueblos-indigenas-del-Chaco-217328148281564\/","article_published_time":"2023-09-26T19:13:07+00:00","og_image":[{"width":1247,"height":699,"url":"https:\/\/vortice.rocks\/clientes\/tierraviva\/wp-content\/uploads\/2023\/09\/Imagen-de-WhatsApp-2023-09-26-a-las-15.07.11.jpg","type":"image\/jpeg"}],"author":"Santi Ortiz","twitter_misc":{"Escrito por":"Santi Ortiz","Tiempo de lectura":"1 minuto"},"schema":{"@context":"https:\/\/schema.org","@graph":[{"@type":"WebPage","@id":"https:\/\/vortice.rocks\/clientes\/tierraviva\/denuncian-muerte-materna-en-comunidad-indigena\/","url":"https:\/\/vortice.rocks\/clientes\/tierraviva\/denuncian-muerte-materna-en-comunidad-indigena\/","name":"Denuncian muerte materna en comunidad ind\u00edgena - Tierraviva","isPartOf":{"@id":"https:\/\/vortice.rocks\/clientes\/tierraviva\/#website"},"datePublished":"2023-09-26T19:13:07+00:00","dateModified":"2023-09-26T19:13:07+00:00","author":{"@id":"https:\/\/vortice.rocks\/clientes\/tierraviva\/#\/schema\/person\/0652c5aad419c86cff8f8129d355edd0"},"breadcrumb":{"@id":"https:\/\/vortice.rocks\/clientes\/tierraviva\/denuncian-muerte-materna-en-comunidad-indigena\/#breadcrumb"},"inLanguage":"es","potentialAction":[{"@type":"ReadAction","target":["https:\/\/vortice.rocks\/clientes\/tierraviva\/denuncian-muerte-materna-en-comunidad-indigena\/"]}]},{"@type":"BreadcrumbList","@id":"https:\/\/vortice.rocks\/clientes\/tierraviva\/denuncian-muerte-materna-en-comunidad-indigena\/#breadcrumb","itemListElement":[{"@type":"ListItem","position":1,"name":"Portada","item":"https:\/\/vortice.rocks\/clientes\/tierraviva\/"},{"@type":"ListItem","position":2,"name":"Denuncian muerte materna en comunidad ind\u00edgena"}]},{"@type":"WebSite","@id":"https:\/\/vortice.rocks\/clientes\/tierraviva\/#website","url":"https:\/\/vortice.rocks\/clientes\/tierraviva\/","name":"Tierraviva","description":"","potentialAction":[{"@type":"SearchAction","target":{"@type":"EntryPoint","urlTemplate":"https:\/\/vortice.rocks\/clientes\/tierraviva\/?s={search_term_string}"},"query-input":"required name=search_term_string"}],"inLanguage":"es"},{"@type":"Person","@id":"https:\/\/vortice.rocks\/clientes\/tierraviva\/#\/schema\/person\/0652c5aad419c86cff8f8129d355edd0","name":"Santi Ortiz","image":{"@type":"ImageObject","inLanguage":"es","@id":"https:\/\/vortice.rocks\/clientes\/tierraviva\/#\/schema\/person\/image\/","url":"https:\/\/secure.gravatar.com\/avatar\/78bab899e21d2840245c1646bfc64d01?s=96&d=mm&r=g","contentUrl":"https:\/\/secure.gravatar.com\/avatar\/78bab899e21d2840245c1646bfc64d01?s=96&d=mm&r=g","caption":"Santi Ortiz"},"sameAs":["https:\/\/vortice.rocks\/clientes\/tierraviva"],"url":"https:\/\/vortice.rocks\/clientes\/tierraviva\/author\/santi-ortiz\/"}]}},"_links":{"self":[{"href":"https:\/\/vortice.rocks\/clientes\/tierraviva\/wp-json\/wp\/v2\/posts\/3363"}],"collection":[{"href":"https:\/\/vortice.rocks\/clientes\/tierraviva\/wp-json\/wp\/v2\/posts"}],"about":[{"href":"https:\/\/vortice.rocks\/clientes\/tierraviva\/wp-json\/wp\/v2\/types\/post"}],"author":[{"embeddable":true,"href":"https:\/\/vortice.rocks\/clientes\/tierraviva\/wp-json\/wp\/v2\/users\/5"}],"replies":[{"embeddable":true,"href":"https:\/\/vortice.rocks\/clientes\/tierraviva\/wp-json\/wp\/v2\/comments?post=3363"}],"version-history":[{"count":5,"href":"https:\/\/vortice.rocks\/clientes\/tierraviva\/wp-json\/wp\/v2\/posts\/3363\/revisions"}],"predecessor-version":[{"id":3369,"href":"https:\/\/vortice.rocks\/clientes\/tierraviva\/wp-json\/wp\/v2\/posts\/3363\/revisions\/3369"}],"wp:featuredmedia":[{"embeddable":true,"href":"https:\/\/vortice.rocks\/clientes\/tierraviva\/wp-json\/wp\/v2\/media\/3366"}],"wp:attachment":[{"href":"https:\/\/vortice.rocks\/clientes\/tierraviva\/wp-json\/wp\/v2\/media?parent=3363"}],"wp:term":[{"taxonomy":"category","embeddable":true,"href":"https:\/\/vortice.rocks\/clientes\/tierraviva\/wp-json\/wp\/v2\/categories?post=3363"},{"taxonomy":"post_tag","embeddable":true,"href":"https:\/\/vortice.rocks\/clientes\/tierraviva\/wp-json\/wp\/v2\/tags?post=3363"}],"curies":[{"name":"wp","href":"https:\/\/api.w.org\/{rel}","templated":true}]}}